{"id":159983,"date":"2026-04-22T20:05:09","date_gmt":"2026-04-22T20:05:09","guid":{"rendered":"https:\/\/www.europesays.com\/lt\/159983\/"},"modified":"2026-04-22T20:05:09","modified_gmt":"2026-04-22T20:05:09","slug":"zelenskis-atsake-i-gandus-svarbiausia-netapti-putino-krastu","status":"publish","type":"post","link":"https:\/\/www.europesays.com\/lt\/159983\/","title":{"rendered":"Zelenskis atsak\u0117 \u012f gandus: svarbiausia \u2013 netapti \u201ePutino kra\u0161tu\u201c"},"content":{"rendered":"<p>\u201ePer mano derybas nenaudojami jokie kiti terminai, i\u0161skyrus Donecko srit\u012f, Luhansko srit\u012f, m\u016bs\u0173 <a rel=\"noopener nofollow\" target=\"_blank\" href=\"https:\/\/www.delfi.lt\/temos\/donbasas\" tag-id=\"66604680\">Donbas\u0105<\/a>, <a rel=\"noopener nofollow\" target=\"_blank\" href=\"https:\/\/www.delfi.lt\/temos\/ukraina\" tag-id=\"21801988\">Ukrainos<\/a> teritorij\u0105. Yra atitinkami dokumentai, kuriuose visa tai \u012ftvirtinta\u201c, \u2013 pabr\u0117\u017e\u0117 jis.<\/p>\n<p>Jis prid\u016br\u0117, kad negali komentuoti deryb\u0173 ar pokalbi\u0173 apie kitus pavadinimus.<\/p>\n<p>\u201eMano nuomone, svarbiausia, kad Donecko ir Luhansko sritys likt\u0173 Ukrainos \u017eeme \u2013 ir taip yra. Ir kad neb\u016bt\u0173 \u201ePutinlando\u201c. Man atrodo, tai svarbiausia\u201c, \u2013 nurod\u0117 V. Zelenskis.<\/p>\n<p>\u201eThe New York Times\u201c prane\u0161\u0117, kad Ukrainos derybininkai, aptardami situacij\u0105 Donbase, pasi\u016bl\u0117 dalies teritorijos pavadinim\u0105 \u201eDonnyland\u201c.<\/p>\n<p>\u0160is terminas jungia regiono pavadinim\u0105 ir JAV prezidento vard\u0105 bei buvo naudojamas kaip neformalus bandymas sustiprinti Kyjivo pozicijas dialoge su JAV.<\/p>\n<p>Pasak \u0161altini\u0173, \u201eDonnyland\u201c id\u0117ja buvo svarstoma kaip b\u016bdas atkreipti JAV administracijos d\u0117mes\u012f ir padidinti jos \u012fsitraukim\u0105 \u012f konflikto sureguliavim\u0105.<\/p>\n<p>Primenama, kad 2026 m. Ukraina jau sureng\u0117 kelis deryb\u0173 etapus su <a rel=\"noopener nofollow\" target=\"_blank\" href=\"https:\/\/www.delfi.lt\/temos\/rusija\" tag-id=\"40342315\">Rusija<\/a> ir <a rel=\"noopener nofollow\" target=\"_blank\" href=\"https:\/\/www.delfi.lt\/temos\/jav\" tag-id=\"39295467\">JAV<\/a>. \u0160alims nepavyko susitarti d\u0117l ugnies nutraukimo, nes Rusija reikalauja perduoti neokupuot\u0105 Donbaso dal\u012f, su kuo Kyjivas nesutinka.<\/p>\n<p>V. Zelenskis atmet\u0117 bet kokius Donbaso teritorij\u0173 mainus \u012f kitus regionus. Jis teig\u0117, kad Rusija supranta, jog gali laikinai i\u0161laikyti pasienio teritorijas, ta\u010diau ateityje nutiks taip, kad Ukrainos ginkluotosios paj\u0117gos i\u0161stums rusus.<\/p>\n<p>Be to,Ukrainos prezidentas pabr\u0117\u017e\u0117, kad Ukrainos pasitraukimas i\u0161 Donecko ir Luhansko sri\u010di\u0173 b\u016bt\u0173 strateginis Ukrainos ginkluot\u0173j\u0173 paj\u0117g\u0173 pralaim\u0117jimas \u2013 jos susilpn\u0117t\u0173 d\u0117l \u012ftvirtinim\u0173 ir gynybin\u0117s linijos praradimo.<\/p>\n","protected":false},"excerpt":{"rendered":"\u201ePer mano derybas nenaudojami jokie kiti terminai, i\u0161skyrus Donecko srit\u012f, Luhansko srit\u012f, m\u016bs\u0173 Donbas\u0105, Ukrainos teritorij\u0105. Yra atitinkami&hellip;\n","protected":false},"author":2,"featured_media":159984,"comment_status":"","ping_status":"","sticky":false,"template":"","format":"standard","meta":{"footnotes":"","_share_on_mastodon":"0"},"categories":[15],"tags":[25,30,31,9110,34,35,24,223,32,33,37,39,36,38,40,23,22,44,28,29,119,26,27,360,74,75,76],"class_list":["post-159983","post","type-post","status-publish","format-standard","has-post-thumbnail","category-pasaulis","tag-antrastes","tag-breaking-news","tag-breakingnews","tag-donbasas","tag-featured-news","tag-featurednews","tag-headlines","tag-jav","tag-latest-news","tag-latestnews","tag-lietuva","tag-lietuviu","tag-lithuania","tag-lithuanian","tag-lt","tag-naujienos","tag-news","tag-pasaulis","tag-populiariausios-naujienos","tag-populiariausiosnaujienos","tag-rusija","tag-top-stories","tag-topstories","tag-ukraina","tag-world","tag-world-news","tag-worldnews"],"share_on_mastodon":{"url":"https:\/\/pubeurope.com\/@lt\/116450159860793995","error":""},"_links":{"self":[{"href":"https:\/\/www.europesays.com\/lt\/wp-json\/wp\/v2\/posts\/159983","targetHints":{"allow":["GET"]}}],"collection":[{"href":"https:\/\/www.europesays.com\/lt\/wp-json\/wp\/v2\/posts"}],"about":[{"href":"https:\/\/www.europesays.com\/lt\/wp-json\/wp\/v2\/types\/post"}],"author":[{"embeddable":true,"href":"https:\/\/www.europesays.com\/lt\/wp-json\/wp\/v2\/users\/2"}],"replies":[{"embeddable":true,"href":"https:\/\/www.europesays.com\/lt\/wp-json\/wp\/v2\/comments?post=159983"}],"version-history":[{"count":0,"href":"https:\/\/www.europesays.com\/lt\/wp-json\/wp\/v2\/posts\/159983\/revisions"}],"wp:featuredmedia":[{"embeddable":true,"href":"https:\/\/www.europesays.com\/lt\/wp-json\/wp\/v2\/media\/159984"}],"wp:attachment":[{"href":"https:\/\/www.europesays.com\/lt\/wp-json\/wp\/v2\/media?parent=159983"}],"wp:term":[{"taxonomy":"category","embeddable":true,"href":"https:\/\/www.europesays.com\/lt\/wp-json\/wp\/v2\/categories?post=159983"},{"taxonomy":"post_tag","embeddable":true,"href":"https:\/\/www.europesays.com\/lt\/wp-json\/wp\/v2\/tags?post=159983"}],"curies":[{"name":"wp","href":"https:\/\/api.w.org\/{rel}","templated":true}]}}