{"id":160232,"date":"2026-04-23T06:53:08","date_gmt":"2026-04-23T06:53:08","guid":{"rendered":"https:\/\/www.europesays.com\/lt\/160232\/"},"modified":"2026-04-23T06:53:08","modified_gmt":"2026-04-23T06:53:08","slug":"ilte-investicijos-i-rizikos-kapitalo-fondus-pernai-pasieke-139-mln-euru","status":"publish","type":"post","link":"https:\/\/www.europesays.com\/lt\/160232\/","title":{"rendered":"ILTE investicijos \u012f rizikos kapitalo fondus pernai pasiek\u0117 139 mln. eur\u0173"},"content":{"rendered":"<p>\u201e\u0160iandien <a rel=\"noopener nofollow\" target=\"_blank\" href=\"https:\/\/www.delfi.lt\/temos\/rizikos-kapitalas\" tag-id=\"72682170\">rizikos kapitalas<\/a> yra ne tik ekonomikos augimo, bet ir nacionalinio saugumo klausimas, tod\u0117l valstyb\u0117s vaidmuo inovacij\u0173 ekosistemoje turi b\u016bti aktyvus ir strateginis. Kryptingai ma\u017einame finansavimo spragas, skatiname priva\u010di\u0173 investuotoj\u0173 \u012fsitraukim\u0105 ir nukreipiame kapital\u0105 \u012f auk\u0161tos prid\u0117tin\u0117s vert\u0117s bei \u0161alies atsparum\u0105 stiprinan\u010dius sektorius. M\u016bs\u0173 tikslas \u2013 kad Lietuva ne tik vyt\u0173si, bet ir diktuot\u0173 temp\u0105 regione, sudarydama s\u0105lygas \u010dia kuriamoms inovacijoms augti globaliai\u201c, \u2013 sako ekonomikos ir inovacij\u0173 ministras Edvinas Grik\u0161as.<\/p>\n<p>ILTE investuoja \u012f akceleratorius, ankstyvosios stadijos rizikos kapitalo (VC), augimo bei privataus kapitalo fondus, taip pat dalyvauja tarptautiniuose fonduose. \u0160i veikla leid\u017eia kryptingai u\u017epildyti finansavimo spragas ir stiprinti Lietuvos privataus kapitalo rink\u0105, kartu pl\u0117toti inovatyvi\u0173 produkt\u0173 ir paslaug\u0173 spektr\u0105.<\/p>\n<p>\u201eInvestuodami \u012f skirting\u0173 etap\u0173 fondus, mes u\u017etikriname, kad inovatyvios \u012fmon\u0117s gal\u0117t\u0173 augti Lietuvoje, nepriklausomai nuo j\u0173 brandos stadijos. Stiprindami partnerystes su patyrusiais fond\u0173 valdytojais Lietuvoje ir tarptautiniu mastu, kuriame tvari\u0105, tarptauti\u0161kai konkurencing\u0105 investicin\u0119 aplink\u0105. M\u016bs\u0173 tikslas \u2013 ne tik finansuoti, bet ir formuoti brand\u017ei\u0105 privataus kapitalo rink\u0105, kuri generuoja ilgalaik\u0119 vert\u0119 ekonomikai \u201e, \u2013 sako <a rel=\"noopener nofollow\" target=\"_blank\" href=\"https:\/\/www.delfi.lt\/temos\/tadas-gudaitis\" tag-id=\"77781809\">Tadas Gudaitis<\/a>, ILTE valdybos narys ir veiklos pl\u0117tros tarnybos vadovas.<\/p>\n<p>\u0160iuo metu ILTE dirba su 5 akceleravimo fondais, kuri\u0173 bendras dydis siekia 68 mln. eur\u0173. Ruden\u012f pasirinko nauj\u0105 partner\u012f \u201e1 Asset Management\u201c, kuris valdo \u012fsteigt\u0105 50 mln. eur\u0173 ko-investicin\u012f fond\u0105, kartu su priva\u010diais investuotojais investuosiant\u012f \u012f Baltijos \u0161ali\u0173 \u012fmones, besiruo\u0161ian\u010dias ar jau vykdan\u010dias vie\u0161us akcij\u0173 si\u016blymus bir\u017eoje (IPO). Taip pat trys fondai \u2013 \u201eRaft Capital\u201c, \u201eIron Wolf\u201c ir \u201ePractica Venture Capital\u201c, kuri\u0173 bendras dydis siekia 160 mln. Eur\u0173, investuoja \u012f augimo potencial\u0105 turin\u010dias, pl\u0117stis siekian\u010dias \u012fmones.<\/p>\n<p>\u012e startuolius ILTE tiesiogiai investuoja ir per savo valdom\u0105 fond\u0105 Coinvest Capital, kuris per 2025 m. padar\u0117 13 reik\u0161ming\u0173 investicij\u0173 \u012f gynybos ir saugumo, gyvyb\u0117s moksl\u0173, medicinos, kosmoso, finansini\u0173 technologij\u0173 \u012fmones. I\u0161 viso fondo portfelyje \u2013 52 \u012fmon\u0117s, kurioms i\u0161 viso jau paskirstyta vir\u0161 27 mln. eur\u0173, priva\u010dios ko-investicijos sudar\u0117 39 mln. eur\u0173.<\/p>\n<p>2025 m. pabaigoje pasira\u0161ytos kelios reik\u0161mingos sutartys su naujais partneriais \u2013 Aneli Capital investuos \u012f ankstyvosios stadijos startuolius ir tam ILTE skyr\u0117 20 mln. eur\u0173; Sound Asset Management valdo priva\u010dios skolos fond\u0105, kurio dydis siekia 70 mln. eur\u0173, o \u0161i\u0173 met\u0173 prad\u017eioje ILTE prisijung\u0117 ir prie tarptautinio, Baltijos \u0161ali\u0173 ir Europos investicij\u0173 fondo \u012fsteigto tre\u010diojo Baltijos inovacij\u0173 fondo (BIF3), kuriam skyr\u0117 50 mln. eur\u0173.<\/p>\n<p>Nuo 2012 m. ILTE rizikos kapitalo fondams skyr\u0117 daugiau kaip 410 mln. eur\u0173. 2025 m. \u201eDealroom\u201c vertinimu, Lietuvos startuoli\u0173 ekosistemos vert\u0117 pasiek\u0117 16,4 mlrd. eur\u0173.<\/p>\n","protected":false},"excerpt":{"rendered":"\u201e\u0160iandien rizikos kapitalas yra ne tik ekonomikos augimo, bet ir nacionalinio saugumo klausimas, tod\u0117l valstyb\u0117s vaidmuo inovacij\u0173 ekosistemoje&hellip;\n","protected":false},"author":2,"featured_media":160233,"comment_status":"","ping_status":"","sticky":false,"template":"","format":"standard","meta":{"footnotes":"","_share_on_mastodon":"0"},"categories":[17],"tags":[81,828,37,39,36,38,40,22769,14951,46],"class_list":["post-160232","post","type-post","status-publish","format-standard","has-post-thumbnail","category-verslas","tag-business","tag-ilte","tag-lietuva","tag-lietuviu","tag-lithuania","tag-lithuanian","tag-lt","tag-rizikos-kapitalas","tag-tadas-gudaitis","tag-verslas"],"share_on_mastodon":{"url":"https:\/\/pubeurope.com\/@lt\/116452707835272310","error":""},"_links":{"self":[{"href":"https:\/\/www.europesays.com\/lt\/wp-json\/wp\/v2\/posts\/160232","targetHints":{"allow":["GET"]}}],"collection":[{"href":"https:\/\/www.europesays.com\/lt\/wp-json\/wp\/v2\/posts"}],"about":[{"href":"https:\/\/www.europesays.com\/lt\/wp-json\/wp\/v2\/types\/post"}],"author":[{"embeddable":true,"href":"https:\/\/www.europesays.com\/lt\/wp-json\/wp\/v2\/users\/2"}],"replies":[{"embeddable":true,"href":"https:\/\/www.europesays.com\/lt\/wp-json\/wp\/v2\/comments?post=160232"}],"version-history":[{"count":0,"href":"https:\/\/www.europesays.com\/lt\/wp-json\/wp\/v2\/posts\/160232\/revisions"}],"wp:featuredmedia":[{"embeddable":true,"href":"https:\/\/www.europesays.com\/lt\/wp-json\/wp\/v2\/media\/160233"}],"wp:attachment":[{"href":"https:\/\/www.europesays.com\/lt\/wp-json\/wp\/v2\/media?parent=160232"}],"wp:term":[{"taxonomy":"category","embeddable":true,"href":"https:\/\/www.europesays.com\/lt\/wp-json\/wp\/v2\/categories?post=160232"},{"taxonomy":"post_tag","embeddable":true,"href":"https:\/\/www.europesays.com\/lt\/wp-json\/wp\/v2\/tags?post=160232"}],"curies":[{"name":"wp","href":"https:\/\/api.w.org\/{rel}","templated":true}]}}