{"id":161465,"date":"2026-04-24T15:49:09","date_gmt":"2026-04-24T15:49:09","guid":{"rendered":"https:\/\/www.europesays.com\/lt\/161465\/"},"modified":"2026-04-24T15:49:09","modified_gmt":"2026-04-24T15:49:09","slug":"skandinavu-bankai-pagaliau-atsigauna-po-pinigu-plovimo-skandalo-delfi","status":"publish","type":"post","link":"https:\/\/www.europesays.com\/lt\/161465\/","title":{"rendered":"Skandinav\u0173 bankai pagaliau atsigauna po pinig\u0173 plovimo skandalo &#8211; Delfi"},"content":{"rendered":"<ol>\n<li><a href=\"https:\/\/news.google.com\/rss\/articles\/CBMisgFBVV95cUxPYzNlTkV2Q3R2MFYxOWV2eC1Dc3YzTGdLSnpIUzkxX3V6V0NKU09LeE84RXFnQlBpS3BGaWZwaHdCRjJjUUt2WDU0d1lKV1lvQVR4d24wTmFKV2tOTk5xbnI3MkM4NVFNLUlfdGZIR3A1VWRxb2lsbGt2MnMxUHFsZjJIRVVWM2JXNElXR3h5RTVrQjZHTjBrTGFLQVZ1RWxGeUxJY2tGNWNQbnc2Q1AzeFhn?oc=5\" target=\"_blank\" rel=\"nofollow noopener\">Skandinav\u0173 bankai pagaliau atsigauna po pinig\u0173 plovimo skandalo<\/a>&nbsp;&nbsp;Delfi<\/li>\n<li><a href=\"https:\/\/news.google.com\/rss\/articles\/CBMiygFBVV95cUxQU3hLclV5RWJZLWt5Vm9wZjZFTHRfd2t2NlJFamhRNVJ1R2t1VmlPZUNwc01ublpReUNCbnkwT3JJSEpUQnVEa3p5YjFRaV85WnZlZlhPWE5XMzN0T2tiZXgtNlE2M2JDOXBmQ0FhbGlYSWY4S1hsa2F1SkhZcjRCWTM5Q3ZNWlVlVjV3M3FZUUt0RE1HM3ptcEF0cHl3NWhJTTlkSm9ESElUQVZnYUh3OEJyNXB4akctLTc5dE44ekhoUlZmRWxlTkpB?oc=5\" target=\"_blank\" rel=\"nofollow noopener\">Teismas i\u0161teisino buvusi\u0105 \u201eSwedbank\u201c vadov\u0119 d\u0117l \u201esuk\u010diavimo\u201c<\/a>&nbsp;&nbsp;Respublika<\/li>\n<li><a href=\"https:\/\/news.google.com\/rss\/articles\/CBMiqgFBVV95cUxQT1h5b0tTTGQ3c2ZaVURlNDFxblBJNUdyMlQwM2x6cm5UeUNRQmJ5V0lBd0lpRVdSUFpSNG95bTJ5dVV2S0RvdTRfLV9razhVY0FhLXRrMUgzMWtlVEJWbENMMGR1b2l6SlRneGZyN1pYazN5MUp0YU1LUGF6cjA1MmV5RnVvYVFMbGQ3OGwzYlZxb05CeWlWc1NYc1ZWRTVGU1J1blgwMEZPdw?oc=5\" target=\"_blank\" rel=\"nofollow noopener\">\u0160vedijos teismas i\u0161teisino buvusi\u0105 \u201eSwedbank\u201c vadov\u0119<\/a>&nbsp;&nbsp;vz.lt<\/li>\n<li><a href=\"https:\/\/news.google.com\/rss\/articles\/CBMiyAFBVV95cUxNUmd1SG1ZdGtzWXl1RG5id2x5TlU4WUY2bjBGVEVobTBSZ25HWVpqRTFKMHR1QmpmaHowS1R0cEgyZTBQVjRMaGc1RElxSURZRVlkWnBnYjlvMm1RUVRLREFKLV9XV3FLcTFpamU3RVhPcVdiUUZtcklMSzJvdjV1WVhiWlNlb2s1VTRMaWFVdG1yYXdjb2V6bDA4SEFHekxITFFRa3loWjh5Ri1PZGlwOWVRM3JtZFktRkY3ZHBtTDZad1I2a1N0cA?oc=5\" target=\"_blank\" rel=\"nofollow noopener\">Buvusi \u201eSwedbank\u201c vadov\u0117 i\u0161teisinta pinig\u0173 plovimo byloje<\/a>&nbsp;&nbsp;Kauno diena<\/li>\n<li><a href=\"https:\/\/news.google.com\/rss\/articles\/CBMi1gFBVV95cUxQc1lublhNZWtDcjF4Z3Y1Zk1ONnRMSDFJSmhNT3RISEVoVmV2ZUpzWFJVQzRfQjdaZFF1WTdSVnNhdUZLdFFZYnF0eHhwMHNFZTVYX1U0NU5mMUZRVXRXSlBNSThJNmJlaHdmZ21FZHZpRlJab2w2Nk5CVnp1WWdvampRTWR4Y210QTVCX1VoM21rSmNtdkdaM3JrTnZ5ODU2bTdINEZqdlU1TENkZ010a1dhNE5qM3ZKVEw2c1c2d0E3TTBFVWlqMTBHTWRIN3pQQmdybnhB?oc=5\" target=\"_blank\" rel=\"nofollow noopener\">\u0160vedijos teismas i\u0161teisino buvusi\u0105 \u201eSwedbank\u201c vadov\u0119 Estijos pinig\u0173 plovimo byloje<\/a>&nbsp;&nbsp;15min.lt<\/li>\n<\/ol>\n","protected":false},"excerpt":{"rendered":"Skandinav\u0173 bankai pagaliau atsigauna po pinig\u0173 plovimo skandalo&nbsp;&nbsp;Delfi Teismas i\u0161teisino buvusi\u0105 \u201eSwedbank\u201c vadov\u0119 d\u0117l \u201esuk\u010diavimo\u201c&nbsp;&nbsp;Respublika \u0160vedijos teismas i\u0161teisino&hellip;\n","protected":false},"author":2,"featured_media":161466,"comment_status":"","ping_status":"","sticky":false,"template":"","format":"standard","meta":{"footnotes":"","_share_on_mastodon":"0"},"categories":[15],"tags":[3380,25,26654,30,31,21660,34,35,24,32,33,37,39,36,38,40,23,22,26653,44,9297,28,29,3041,26,27,74,75,76],"class_list":["post-161465","post","type-post","status-publish","format-standard","has-post-thumbnail","category-pasaulis","tag-swedbank","tag-antrastes","tag-birgitte-bonnesen","tag-breaking-news","tag-breakingnews","tag-danske-bank","tag-featured-news","tag-featurednews","tag-headlines","tag-latest-news","tag-latestnews","tag-lietuva","tag-lietuviu","tag-lithuania","tag-lithuanian","tag-lt","tag-naujienos","tag-news","tag-nordea","tag-pasaulis","tag-pinigu-plovimas","tag-populiariausios-naujienos","tag-populiariausiosnaujienos","tag-seb","tag-top-stories","tag-topstories","tag-world","tag-world-news","tag-worldnews"],"share_on_mastodon":{"url":"https:\/\/pubeurope.com\/@lt\/116460477929395639","error":""},"_links":{"self":[{"href":"https:\/\/www.europesays.com\/lt\/wp-json\/wp\/v2\/posts\/161465","targetHints":{"allow":["GET"]}}],"collection":[{"href":"https:\/\/www.europesays.com\/lt\/wp-json\/wp\/v2\/posts"}],"about":[{"href":"https:\/\/www.europesays.com\/lt\/wp-json\/wp\/v2\/types\/post"}],"author":[{"embeddable":true,"href":"https:\/\/www.europesays.com\/lt\/wp-json\/wp\/v2\/users\/2"}],"replies":[{"embeddable":true,"href":"https:\/\/www.europesays.com\/lt\/wp-json\/wp\/v2\/comments?post=161465"}],"version-history":[{"count":0,"href":"https:\/\/www.europesays.com\/lt\/wp-json\/wp\/v2\/posts\/161465\/revisions"}],"wp:featuredmedia":[{"embeddable":true,"href":"https:\/\/www.europesays.com\/lt\/wp-json\/wp\/v2\/media\/161466"}],"wp:attachment":[{"href":"https:\/\/www.europesays.com\/lt\/wp-json\/wp\/v2\/media?parent=161465"}],"wp:term":[{"taxonomy":"category","embeddable":true,"href":"https:\/\/www.europesays.com\/lt\/wp-json\/wp\/v2\/categories?post=161465"},{"taxonomy":"post_tag","embeddable":true,"href":"https:\/\/www.europesays.com\/lt\/wp-json\/wp\/v2\/tags?post=161465"}],"curies":[{"name":"wp","href":"https:\/\/api.w.org\/{rel}","templated":true}]}}