{"id":161611,"date":"2026-04-24T19:36:40","date_gmt":"2026-04-24T19:36:40","guid":{"rendered":"https:\/\/www.europesays.com\/lt\/161611\/"},"modified":"2026-04-24T19:36:40","modified_gmt":"2026-04-24T19:36:40","slug":"lietuvoje-planuojamas-vienas-bilietas-visam-transportui-aiskeja-kada-jis-atsiras","status":"publish","type":"post","link":"https:\/\/www.europesays.com\/lt\/161611\/","title":{"rendered":"Lietuvoje planuojamas vienas bilietas visam transportui: ai\u0161k\u0117ja, kada jis atsiras"},"content":{"rendered":"<p>Ateityje Lietuvoje keliaujant vie\u0161uoju transportu gali pakakti tik vieno bilieto. Per dvejus metus \u0161alyje planuojama sukurti bendro bilieto sistem\u0105 vis\u0173 r\u016b\u0161i\u0173 vie\u0161ajam transportui, j\u0105 \u012fdiegti 2028-aisiais, skelbia LRT televizija.<\/p>\n<p>Kaip prane\u0161ama, program\u0117l\u0117je galima b\u016bt\u0173 pirkti vien\u0105 biliet\u0105 skirtingos transporto priemon\u0117ms \u2013 miest\u0173 vie\u0161ajam transportui, traukiniams, keltams, automobili\u0173 dalijimosi platformoms.<\/p>\n<p>Susisiekimo ministras Juras Taminskas teig\u0117, kad \u0161iai sistemai \u012fdiegti planuojama keisti teis\u0117s aktus.<\/p>\n<p>\u201eTeis\u0117s akt\u0173 pakeitimai mums leis prad\u0117ti (\u2026) kurti program\u0105 ir pasirinkti tiek\u0117j\u0105, kuris vis\u0105 t\u0105 sistem\u0105 sukurs\u201c, \u2013 LRT televizijai kalb\u0117jo ministras.<\/p>\n<p>Ministerija skai\u010diuoja, kad \u0161ios sistemos \u012fdiegimas kainuot\u0173 apie 8 mln. eur\u0173.<\/p>\n<p>Lietuvos keleivi\u0173 ve\u017eimo bendrov\u0117s \u201eKautra\u201c generalinis direktorius Linas Skard\u017eiukas teig\u0117, kad \u012fmon\u0117 laim\u0117jo Europos S\u0105jungos (ES) konkurs\u0105 projekto finansavimui ir jau prad\u0117jo kurti bendro bilieto program\u0117l\u0119.<\/p>\n<p>\u201eLaim\u0117jome projekt\u0105, finansuojam\u0105 ES, dal\u012f l\u0117\u0161\u0173 mums padengs, bet tai neapima vien tik programavimo darb\u0173 ir vienos program\u0117l\u0117s suk\u016brimo \u2013 tai lie\u010dia ir naujovi\u0161k\u0173 kasos aparat\u0173 pakeitim\u0105, tai lie\u010dia ir 5G ry\u0161\u012f, tai lie\u010dia ir dinamin\u0119 kainodar\u0105\u201c, \u2013 sak\u0117 L. Skard\u017eiukas.<\/p>\n<p>Skelbiama, kad bendro bilieto vis\u0173 r\u016b\u0161i\u0173 vie\u0161ajam transportui sistema jau veikia Austrijoje, \u0160veicarijoje, \u0160vedijoje, Danijoje.<\/p>\n<p>Tai ypa\u010d aktualu vilnie\u010diams, kurie da\u017enai keliauja \u012f kitus miestus \u2013 vienas bilietas leist\u0173 skland\u017eiai pers\u0117sti i\u0161 miesto transporto \u012f traukinius ar kitus mar\u0161rutus.<\/p>\n","protected":false},"excerpt":{"rendered":"Ateityje Lietuvoje keliaujant vie\u0161uoju transportu gali pakakti tik vieno bilieto. Per dvejus metus \u0161alyje planuojama sukurti bendro bilieto&hellip;\n","protected":false},"author":2,"featured_media":161612,"comment_status":"","ping_status":"","sticky":false,"template":"","format":"standard","meta":{"footnotes":"","_share_on_mastodon":"0"},"categories":[13],"tags":[25,5626,30,31,34,35,24,3561,32,33,37,39,36,38,40,65,23,22,28,29,26,27,3190],"class_list":["post-161611","post","type-post","status-publish","format-standard","has-post-thumbnail","category-lietuva","tag-antrastes","tag-autobusai","tag-breaking-news","tag-breakingnews","tag-featured-news","tag-featurednews","tag-headlines","tag-laivas","tag-latest-news","tag-latestnews","tag-lietuva","tag-lietuviu","tag-lithuania","tag-lithuanian","tag-lt","tag-naujiena","tag-naujienos","tag-news","tag-populiariausios-naujienos","tag-populiariausiosnaujienos","tag-top-stories","tag-topstories","tag-traukiniai"],"share_on_mastodon":{"url":"https:\/\/pubeurope.com\/@lt\/116461370389208267","error":""},"_links":{"self":[{"href":"https:\/\/www.europesays.com\/lt\/wp-json\/wp\/v2\/posts\/161611","targetHints":{"allow":["GET"]}}],"collection":[{"href":"https:\/\/www.europesays.com\/lt\/wp-json\/wp\/v2\/posts"}],"about":[{"href":"https:\/\/www.europesays.com\/lt\/wp-json\/wp\/v2\/types\/post"}],"author":[{"embeddable":true,"href":"https:\/\/www.europesays.com\/lt\/wp-json\/wp\/v2\/users\/2"}],"replies":[{"embeddable":true,"href":"https:\/\/www.europesays.com\/lt\/wp-json\/wp\/v2\/comments?post=161611"}],"version-history":[{"count":0,"href":"https:\/\/www.europesays.com\/lt\/wp-json\/wp\/v2\/posts\/161611\/revisions"}],"wp:featuredmedia":[{"embeddable":true,"href":"https:\/\/www.europesays.com\/lt\/wp-json\/wp\/v2\/media\/161612"}],"wp:attachment":[{"href":"https:\/\/www.europesays.com\/lt\/wp-json\/wp\/v2\/media?parent=161611"}],"wp:term":[{"taxonomy":"category","embeddable":true,"href":"https:\/\/www.europesays.com\/lt\/wp-json\/wp\/v2\/categories?post=161611"},{"taxonomy":"post_tag","embeddable":true,"href":"https:\/\/www.europesays.com\/lt\/wp-json\/wp\/v2\/tags?post=161611"}],"curies":[{"name":"wp","href":"https:\/\/api.w.org\/{rel}","templated":true}]}}