{"id":162393,"date":"2026-04-26T06:34:13","date_gmt":"2026-04-26T06:34:13","guid":{"rendered":"https:\/\/www.europesays.com\/lt\/162393\/"},"modified":"2026-04-26T06:34:13","modified_gmt":"2026-04-26T06:34:13","slug":"pabrades-poligono-pasoneje-skaudi-avarija-delfi","status":"publish","type":"post","link":"https:\/\/www.europesays.com\/lt\/162393\/","title":{"rendered":"Pabrad\u0117s poligono pa\u0161on\u0117je \u2013 skaudi avarija &#8211; Delfi"},"content":{"rendered":"<ol>\n<li><a href=\"https:\/\/news.google.com\/rss\/articles\/CBMimAFBVV95cUxPUDljMU95bW1CVUVLOVlFWnltNWFFSWxmQ0h3RHRiRndab3dVZ3AzYi1kbFkyNHE5X2dRWV9ZRE4zSzV6VVMzT2ZaZ0t6M080VzlhYUVDbFN2REFHV2V2d1BweGo5NUVRNi1BM2FrZGRWZER6SHh3OUpzN3NoMnhuNXpyNjdtMldRX19jRzNTQXM3YjUxRjlJRg?oc=5\" target=\"_blank\" rel=\"nofollow noopener\">Pabrad\u0117s poligono pa\u0161on\u0117je \u2013 skaudi avarija<\/a>&nbsp;&nbsp;Delfi<\/li>\n<li><a href=\"https:\/\/news.google.com\/rss\/articles\/CBMizAFBVV95cUxNUzJNNlJsR2Y3WEpYdEpJVjdCYnFCcGM3ZGtnLU5mM0dEdi1GaFFLOFJMbFBBXzBNUDFsTGtTbUxQYzVrU2tnVmd4bmJoVVowb2huNnI5UGJuNEs0T09GWno4V2VXTXU1OXZNTHMxUzh2eGJhZWNnREVsRmY1aHZYazI4bTBObTdYWE1hZVc5R29ETVJGYWdIbzVoeloxaTBiRkRuYmNDaTJsbEszMFg3TGh4MVBaUnBuUU9EZlp3S3dpX1A4ZDVLT3FhRE4?oc=5\" target=\"_blank\" rel=\"nofollow noopener\">\u0160ven\u010dioni\u0173 rajone automobilis r\u0117\u017e\u0117si \u012f med\u012f, nukent\u0117jo 5 \u017emon\u0117s<\/a>&nbsp;&nbsp;Lrytas<\/li>\n<li><a href=\"https:\/\/news.google.com\/rss\/articles\/CBMizwFBVV95cUxOVVBBMHlST1EzRFZqVlpfeGtpWTBWRDNQTHRXWmRWT09GdldMZF9lR1czSXBHdXlJOWZPblhNWVBiYVlWWW5ubWZVQklHcllkVy1HV2ZwLXg4ZHd4ZXV4bWlkb3ZxR2FoMXBQMEZvaXNac1pvNnlUSUx1Z0RvTGhPYzl4RXppR1lrNUpfVWRXbVdlQmtWTEs0T0pvRENQWWhKWEZxZnQ2UXN0ZW9fWk9uaS1OMnVSRkNxMTB1ek8yTE5jWWtwa1Bkd1J0NUFJOXc?oc=5\" target=\"_blank\" rel=\"nofollow noopener\">Pabrad\u0117s poligono pa\u0161on\u0117je automobilis \u012fl\u0117k\u0117 \u012f mi\u0161k\u0105, prispaustus \u017emones vadavo gelb\u0117tojai<\/a>&nbsp;&nbsp;tv3.lt<\/li>\n<li><a href=\"https:\/\/news.google.com\/rss\/articles\/CBMiygFBVV95cUxQTjhwTlRoT3VaSGJFczRfdThoMnBuNDdjQTdxd0k3SmdqaHd0ZXkwMV91VGVtcGJkUDE3UGtqZWprRDlDWFF3UTRRcEZMbWNZeGk3dkVCS1dNOFcxc3VwNkpMNnhaanFHc0gtclRkcUNTRzZnSEpTajFZZWJieUMwZHdEZURJS2ZaMzdobWF1NFFkVHYwZldEaXZmbTBsZmRuT3VkcmJ6b3UtN2NGREIxRXFldjdTajZkSThKQTZaWmVPX0l6Ulo1UmNn?oc=5\" target=\"_blank\" rel=\"nofollow noopener\">Per avarij\u0105 \u0160ven\u010dioni\u0173 rajone su\u017ealoti keturi u\u017esienie\u010diai<\/a>&nbsp;&nbsp;15min.lt<\/li>\n<li><a href=\"https:\/\/news.google.com\/rss\/articles\/CBMikAFBVV95cUxNSHdsWEo1RmxHZWFEaEQwR0lUQ1dkNkNhOGE4TkN5NFcxcDBkbEx3bm1GY2J6Y2hGNkxsSUNzY1VZdXg0bVExLW5wa1hQVmpRR2ZzWll4WW1XOVJVY1FsTkNWbW5aY2QyTXVIOUVOa016cUYtY2NRaDdENThRRnVMZXZ1XzNKUGhkdUFlTWVIZUI?oc=5\" target=\"_blank\" rel=\"nofollow noopener\">Lemtingas lenkimas: \u0160ven\u010dioni\u0173 rajone automobilis r\u0117\u017e\u0117si \u012f med\u012f<\/a>&nbsp;&nbsp;Vakar\u0173 ekspresas<\/li>\n<\/ol>\n","protected":false},"excerpt":{"rendered":"Pabrad\u0117s poligono pa\u0161on\u0117je \u2013 skaudi avarija&nbsp;&nbsp;Delfi \u0160ven\u010dioni\u0173 rajone automobilis r\u0117\u017e\u0117si \u012f med\u012f, nukent\u0117jo 5 \u017emon\u0117s&nbsp;&nbsp;Lrytas Pabrad\u0117s poligono pa\u0161on\u0117je&hellip;\n","protected":false},"author":2,"featured_media":162394,"comment_status":"","ping_status":"","sticky":false,"template":"","format":"standard","meta":{"footnotes":"","_share_on_mastodon":"0"},"categories":[13],"tags":[25,155,30,31,34,35,24,32,33,37,39,36,38,40,23,22,7231,5332,26750,28,29,26,27],"class_list":["post-162393","post","type-post","status-publish","format-standard","has-post-thumbnail","category-lietuva","tag-antrastes","tag-avarija","tag-breaking-news","tag-breakingnews","tag-featured-news","tag-featurednews","tag-headlines","tag-latest-news","tag-latestnews","tag-lietuva","tag-lietuviu","tag-lithuania","tag-lithuanian","tag-lt","tag-naujienos","tag-news","tag-pabrade","tag-pabrades-poligonas","tag-pabrades-seniunija","tag-populiariausios-naujienos","tag-populiariausiosnaujienos","tag-top-stories","tag-topstories"],"share_on_mastodon":{"url":"https:\/\/pubeurope.com\/@lt\/116469619921150872","error":""},"_links":{"self":[{"href":"https:\/\/www.europesays.com\/lt\/wp-json\/wp\/v2\/posts\/162393","targetHints":{"allow":["GET"]}}],"collection":[{"href":"https:\/\/www.europesays.com\/lt\/wp-json\/wp\/v2\/posts"}],"about":[{"href":"https:\/\/www.europesays.com\/lt\/wp-json\/wp\/v2\/types\/post"}],"author":[{"embeddable":true,"href":"https:\/\/www.europesays.com\/lt\/wp-json\/wp\/v2\/users\/2"}],"replies":[{"embeddable":true,"href":"https:\/\/www.europesays.com\/lt\/wp-json\/wp\/v2\/comments?post=162393"}],"version-history":[{"count":0,"href":"https:\/\/www.europesays.com\/lt\/wp-json\/wp\/v2\/posts\/162393\/revisions"}],"wp:featuredmedia":[{"embeddable":true,"href":"https:\/\/www.europesays.com\/lt\/wp-json\/wp\/v2\/media\/162394"}],"wp:attachment":[{"href":"https:\/\/www.europesays.com\/lt\/wp-json\/wp\/v2\/media?parent=162393"}],"wp:term":[{"taxonomy":"category","embeddable":true,"href":"https:\/\/www.europesays.com\/lt\/wp-json\/wp\/v2\/categories?post=162393"},{"taxonomy":"post_tag","embeddable":true,"href":"https:\/\/www.europesays.com\/lt\/wp-json\/wp\/v2\/tags?post=162393"}],"curies":[{"name":"wp","href":"https:\/\/api.w.org\/{rel}","templated":true}]}}