{"id":162681,"date":"2026-04-26T13:27:09","date_gmt":"2026-04-26T13:27:09","guid":{"rendered":"https:\/\/www.europesays.com\/lt\/162681\/"},"modified":"2026-04-26T13:27:09","modified_gmt":"2026-04-26T13:27:09","slug":"zelenskis-rusijos-veiksmai-kelia-branduolinio-pavojaus-gresme","status":"publish","type":"post","link":"https:\/\/www.europesays.com\/lt\/162681\/","title":{"rendered":"Zelenskis: Rusijos veiksmai kelia branduolinio pavojaus gr\u0117sm\u0119"},"content":{"rendered":"<p>2022 m. \u012f Ukrain\u0105 \u012fsiver\u017eusi Rusija \u201ev\u0117l atved\u0117 pasaul\u012f prie \u017emogaus sukeltos katastrofos ribos\u201c, parei\u0161k\u0117 V. Zelenskis.\u00a0<\/p>\n<p>Jis pabr\u0117\u017e\u0117, kad vir\u0161 \u010cernobylio reguliariai skraido Rusijos dronai, o vienas i\u0161 j\u0173 pra\u0117jusiais metais smog\u0117 apsauginiam reaktoriaus gaubtui.<\/p>\n<p>\u201ePasaulis privalo neleisti \u0161iam branduoliniam terorizmui t\u0119stis, o geriausias b\u016bdas tai padaryti \u2013 priversti Rusij\u0105 nutraukti nesuvokiamus i\u0161puolius\u201c, \u2013 prid\u016br\u0117 jis.<\/p>\n<p>Zelenskis primin\u0117, kad prie\u0161 40 met\u0173 pasaulis susid\u016br\u0117 su viena i\u0161 baisiausi\u0173 branduolini\u0173 katastrof\u0173 \u2013 \u010cernobylio atomin\u0117s elektrin\u0117s ketvirtojo reaktoriaus sprogimu.\u00a0<\/p>\n<p>\u201e\u012e aplink\u0105 pateko did\u017eiulis kiekis radioaktyvi\u0173j\u0173 med\u017eiag\u0173. \u0160imtai t\u016bkstan\u010di\u0173 \u017emoni\u0173 jau daug met\u0173 jau\u010dia \u0161ios tragedijos padarinius\u201c, \u2013 socialiniame tinkle \u201eFacebook\u201c ra\u0161\u0117 V. Zelenskis.\u00a0<\/p>\n<p>Vir\u0161 sprogusio reaktoriaus buvo pastatytas sarkofagas radiacijai sulaikyti, o v\u0117liau daugiau nei 40 \u0161ali\u0173 pastangomis reaktorius buvo u\u017edengtas apsauginiu gaubtu.<\/p>\n<p>\u201eB\u016btent \u0161ios dvi konstrukcijos apsaugo nuo radiacijos nuot\u0117kio ir u\u017eter\u0161imo. J\u0173 prie\u017ei\u016bra ir apsauga yra vis\u0173 interesas. Ta\u010diau savo karu Rusija v\u0117l atveda pasaul\u012f prie \u017emogaus sukeltos \u00a0katastrofos slenks\u010dio: vir\u0161 elektrin\u0117s nuolat skraido Rusijos ir Irano pagaminti dronai \u201eShahed\u201c, \u2013 pabr\u0117\u017e\u0117 Ukrainos lyderis.<\/p>\n<p>ELTA primena, kad 1986 m. baland\u017eio 26 d. 01:23 val. d\u0117l \u017emogi\u0161kosios klaidos saugos bandymo metu kilo sprogimas ketvirtajame \u010cernobylio atomin\u0117s elektrin\u0117s reaktoriuje \u0161iaur\u0117s Ukrainoje, kuri tuomet priklaus\u0117 Soviet\u0173 S\u0105jungai. Sprogimas sugriov\u0117 pastato vid\u0173, \u012f atmosfer\u0105 i\u0161met\u0117 radioaktyvi\u0173 d\u016bm\u0173 debesis, o branduolinis kuras deg\u0117 daugiau nei 10 dien\u0173.<\/p>\n<p>Siekiant sustabdyti radioaktyvios spinduliuot\u0117s nutek\u0117jim\u0105, sraigtasparniais buvo atgabenta ir u\u017epilta t\u016bkstan\u010diai ton\u0173 sm\u0117lio, molio ir \u0161vino luit\u0173.<\/p>\n<p>Tarptautin\u0117 atomin\u0117s energijos agent\u016bra (TATENA) nustat\u0117, kad pagrindin\u0117 nelaim\u0117s prie\u017eastis buvo \u201erimti reaktoriaus ir avarinio sustabdymo sistemos projektavimo tr\u016bkumai\u201c, kartu su \u201eeksploatavimo proced\u016br\u0173 pa\u017eeidimais\u201c.<\/p>\n<p>Per kelias dienas radioaktyvusis debesis smarkiai u\u017eter\u0161\u0117 Ukrain\u0105, Baltarusij\u0105 ir Rusij\u0105, o v\u0117liau pasklido po vis\u0105 Europ\u0105.<\/p>\n<p>Pirmasis vie\u0161as persp\u0117jimas pasirod\u0117 tik po dviej\u0173 dien\u0173, baland\u017eio 28-\u0105j\u0105, kai \u0160vedija savo teritorijoje u\u017efiksavo staig\u0173 radiacijos lygio \u0161uol\u012f.<\/p>\n<p>TATENA apie avarij\u0105 buvo oficialiai informuota baland\u017eio 30-\u0105j\u0105, ta\u010diau Soviet\u0173 S\u0105jungos lyderis Michailas Gorba\u010diovas j\u0105 vie\u0161ai pripa\u017eino tik gegu\u017e\u0117s 14 d.<\/p>\n<p>Manoma, kad d\u0117l radiacijos poveikio mir\u0117 t\u016bkstan\u010diai \u017emoni\u0173, nors tikslaus auk\u0173 skai\u010diaus vertinimai skiriasi.<\/p>\n","protected":false},"excerpt":{"rendered":"2022 m. \u012f Ukrain\u0105 \u012fsiver\u017eusi Rusija \u201ev\u0117l atved\u0117 pasaul\u012f prie \u017emogaus sukeltos katastrofos ribos\u201c, parei\u0161k\u0117 V. Zelenskis.\u00a0 Jis&hellip;\n","protected":false},"author":2,"featured_media":143944,"comment_status":"","ping_status":"","sticky":false,"template":"","format":"standard","meta":{"footnotes":"","_share_on_mastodon":"0"},"categories":[6],"tags":[25,30,31,7440,34,35,24,32,33,37,39,36,38,40,23,22,28,29,26,27,360],"class_list":["post-162681","post","type-post","status-publish","format-standard","has-post-thumbnail","category-antrastes","tag-antrastes","tag-breaking-news","tag-breakingnews","tag-cernobylio-ae","tag-featured-news","tag-featurednews","tag-headlines","tag-latest-news","tag-latestnews","tag-lietuva","tag-lietuviu","tag-lithuania","tag-lithuanian","tag-lt","tag-naujienos","tag-news","tag-populiariausios-naujienos","tag-populiariausiosnaujienos","tag-top-stories","tag-topstories","tag-ukraina"],"share_on_mastodon":{"url":"https:\/\/pubeurope.com\/@lt\/116471243939141044","error":""},"_links":{"self":[{"href":"https:\/\/www.europesays.com\/lt\/wp-json\/wp\/v2\/posts\/162681","targetHints":{"allow":["GET"]}}],"collection":[{"href":"https:\/\/www.europesays.com\/lt\/wp-json\/wp\/v2\/posts"}],"about":[{"href":"https:\/\/www.europesays.com\/lt\/wp-json\/wp\/v2\/types\/post"}],"author":[{"embeddable":true,"href":"https:\/\/www.europesays.com\/lt\/wp-json\/wp\/v2\/users\/2"}],"replies":[{"embeddable":true,"href":"https:\/\/www.europesays.com\/lt\/wp-json\/wp\/v2\/comments?post=162681"}],"version-history":[{"count":0,"href":"https:\/\/www.europesays.com\/lt\/wp-json\/wp\/v2\/posts\/162681\/revisions"}],"wp:featuredmedia":[{"embeddable":true,"href":"https:\/\/www.europesays.com\/lt\/wp-json\/wp\/v2\/media\/143944"}],"wp:attachment":[{"href":"https:\/\/www.europesays.com\/lt\/wp-json\/wp\/v2\/media?parent=162681"}],"wp:term":[{"taxonomy":"category","embeddable":true,"href":"https:\/\/www.europesays.com\/lt\/wp-json\/wp\/v2\/categories?post=162681"},{"taxonomy":"post_tag","embeddable":true,"href":"https:\/\/www.europesays.com\/lt\/wp-json\/wp\/v2\/tags?post=162681"}],"curies":[{"name":"wp","href":"https:\/\/api.w.org\/{rel}","templated":true}]}}