{"id":163415,"date":"2026-04-27T12:15:10","date_gmt":"2026-04-27T12:15:10","guid":{"rendered":"https:\/\/www.europesays.com\/lt\/163415\/"},"modified":"2026-04-27T12:15:10","modified_gmt":"2026-04-27T12:15:10","slug":"uzdaroma-norfa-parduotuve-fabijoniskese-delfi-verslas","status":"publish","type":"post","link":"https:\/\/www.europesays.com\/lt\/163415\/","title":{"rendered":"U\u017edaroma \u201eNorfa\u201c parduotuv\u0117 Fabijoni\u0161k\u0117se &#8211; Delfi verslas"},"content":{"rendered":"<p>U\u017edarys \u201eNorfa\u201c parduotuv\u0119<\/p>\n<p>Socialiniame tinkle \u201eFacebook\u201c gyventojai prad\u0117jo diskutuoti, ar tikrai ruo\u0161iamasi u\u017edaryti Ateities gatv\u0117je veikian\u010di\u0105 parduotuv\u0119.<\/p>\n<p>Pasiteiravus atstovo, paai\u0161k\u0117jo, kad tokie planai artimiausiu metu ir yra. <\/p>\n<p>\u201eNorfos\u201c parduotuv\u0119, esan\u010di\u0105 Vilniuje, Ateities g. 48 (Fabijoni\u0161k\u0117se), planuojama u\u017edaryti gegu\u017e\u0117s 23 d.\u201c \u2013 naujien\u0173 portalui \u201eDelfi\u201c patvirtino \u201e<a rel=\"noopener nofollow\" target=\"_blank\" href=\"https:\/\/www.delfi.lt\/temos\/norfa\" tag-id=\"54897147\">Norfos<\/a>\u201c atstovas \u017einiasklaidai Darius Ryli\u0161kis.<\/p>\n<p>    <img decoding=\"async\" src=\"https:\/\/www.europesays.com\/lt\/wp-content\/uploads\/2026\/04\/7f279e4a-c618-499f-a8cd-e431d2e46101.jpg\" loading=\"lazy\" alt=\"Norfa\"\/>    <\/p>\n<p>Kartu nurodoma, kad \u0161iemet \u201eNorfos ma\u017emena\u201c pl\u0117tros Vilniuje nenumato.<\/p>\n<p>Pasiteiravus, kiek \u0161ioje parduotuv\u0117je yra \u012fdarbinta darbuotoj\u0173 ir ar juos teks atleisti, D. Ryli\u0161kis atsak\u0117: \u201eBeveik visiems jos darbuotojams pasi\u016blytas darbas kituose tinklo prekybos centruose.\u201c<\/p>\n<p>Baland\u017eio pabaigoje, reminantis portalo <a rel=\"noopener nofollow\" href=\"http:\/\/Rekvizitai.lt\" target=\"_blank\">Rekvizitai.lt<\/a> duomenimis, UAB \u201eNorfos ma\u017emena\u201c yra \u012fdarbinusi apie 3,6 t\u016bkst. darbuotoj\u0173.<\/p>\n<p>Anks\u010diau skelbta, kad Lietuvoje veikia apie 160 parduotuvi\u0173. \u201eNorfos\u201c prekybos tinklas \u0161iemet planuoja atidaryti ar atnaujinti 10 parduotuvi\u0173.<\/p>\n","protected":false},"excerpt":{"rendered":"U\u017edarys \u201eNorfa\u201c parduotuv\u0119 Socialiniame tinkle \u201eFacebook\u201c gyventojai prad\u0117jo diskutuoti, ar tikrai ruo\u0161iamasi u\u017edaryti Ateities gatv\u0117je veikian\u010di\u0105 parduotuv\u0119. Pasiteiravus&hellip;\n","protected":false},"author":2,"featured_media":163416,"comment_status":"","ping_status":"","sticky":false,"template":"","format":"standard","meta":{"footnotes":"","_share_on_mastodon":"0"},"categories":[13],"tags":[25,30,31,34,35,24,32,33,37,39,36,38,40,23,22,2820,10322,28,29,26,27],"class_list":["post-163415","post","type-post","status-publish","format-standard","has-post-thumbnail","category-lietuva","tag-antrastes","tag-breaking-news","tag-breakingnews","tag-featured-news","tag-featurednews","tag-headlines","tag-latest-news","tag-latestnews","tag-lietuva","tag-lietuviu","tag-lithuania","tag-lithuanian","tag-lt","tag-naujienos","tag-news","tag-norfa","tag-parduotuve","tag-populiariausios-naujienos","tag-populiariausiosnaujienos","tag-top-stories","tag-topstories"],"share_on_mastodon":{"url":"https:\/\/pubeurope.com\/@lt\/116476623151525772","error":""},"_links":{"self":[{"href":"https:\/\/www.europesays.com\/lt\/wp-json\/wp\/v2\/posts\/163415","targetHints":{"allow":["GET"]}}],"collection":[{"href":"https:\/\/www.europesays.com\/lt\/wp-json\/wp\/v2\/posts"}],"about":[{"href":"https:\/\/www.europesays.com\/lt\/wp-json\/wp\/v2\/types\/post"}],"author":[{"embeddable":true,"href":"https:\/\/www.europesays.com\/lt\/wp-json\/wp\/v2\/users\/2"}],"replies":[{"embeddable":true,"href":"https:\/\/www.europesays.com\/lt\/wp-json\/wp\/v2\/comments?post=163415"}],"version-history":[{"count":0,"href":"https:\/\/www.europesays.com\/lt\/wp-json\/wp\/v2\/posts\/163415\/revisions"}],"wp:featuredmedia":[{"embeddable":true,"href":"https:\/\/www.europesays.com\/lt\/wp-json\/wp\/v2\/media\/163416"}],"wp:attachment":[{"href":"https:\/\/www.europesays.com\/lt\/wp-json\/wp\/v2\/media?parent=163415"}],"wp:term":[{"taxonomy":"category","embeddable":true,"href":"https:\/\/www.europesays.com\/lt\/wp-json\/wp\/v2\/categories?post=163415"},{"taxonomy":"post_tag","embeddable":true,"href":"https:\/\/www.europesays.com\/lt\/wp-json\/wp\/v2\/tags?post=163415"}],"curies":[{"name":"wp","href":"https:\/\/api.w.org\/{rel}","templated":true}]}}