{"id":163522,"date":"2026-04-27T14:12:56","date_gmt":"2026-04-27T14:12:56","guid":{"rendered":"https:\/\/www.europesays.com\/lt\/163522\/"},"modified":"2026-04-27T14:12:56","modified_gmt":"2026-04-27T14:12:56","slug":"oru-prognoze-savaitei-ko-tiketis-respublika","status":"publish","type":"post","link":"https:\/\/www.europesays.com\/lt\/163522\/","title":{"rendered":"Or\u0173 prognoz\u0117 savaitei: ko tik\u0117tis? &#8211; Respublika"},"content":{"rendered":"<ol>\n<li><a href=\"https:\/\/news.google.com\/rss\/articles\/CBMisAFBVV95cUxPTENwS1BRVW5sS0lDYUQxNkdsbGdkbkI2UVdvN2J6YnQ4cmxVVWNtMUNIdWZuTzNDWnMydkhydVRCck55SEFadXpkSExYdHIweFNtZlpXbnYteS13WkV4UW4wTWF5bkNrTjBpeFVOQ0xLVEhnVkRKcFhyQmpfU0xYQjBkNXRpcjNSNERoVGt3S3Iwek5pSGN0LV9ud3dyNmtCYkUyZmZYNTkxU0tZS255VA?oc=5\" target=\"_blank\" rel=\"nofollow noopener\">Or\u0173 prognoz\u0117 savaitei: ko tik\u0117tis?<\/a>&nbsp;&nbsp;Respublika<\/li>\n<li><a href=\"https:\/\/news.google.com\/rss\/articles\/CBMiwAFBVV95cUxNWjlWc1QyWnltVXQ5SGtJblpTTzdJYWxJdk93b05wMVBidFVXWUxnb3NzQzlrNUVHa3hPTmpjS1dhUnNudEpzU0tpTWN3UkdQbDZpVkJTVm5IZHZISkNXRi1DWk5fM1VaQTdRR09UeTQ3RXZ1TGRJdGtpNHkwbkh4d0Q1akcyU24tQXZQV01PZUdoalZZV0prc2JKUjRKV0dyTjZ4ZHllWHlEOUczTHowQ0RrT0NDdUYzT2E5ZkhaZDM?oc=5\" target=\"_blank\" rel=\"nofollow noopener\">Sinoptikai persp\u0117ja: stichija smogs staiga \u2013 jau netrukus dangus mai\u0161ysis su \u017eeme<\/a>&nbsp;&nbsp;tv3.lt<\/li>\n<li><a href=\"https:\/\/news.google.com\/rss\/articles\/CBMiswFBVV95cUxQdF9Qdi1teGlHUjFRQ0xUTnBSWElDQ1dUTnBSMEF4LWk4ejhYcUF0Z0d0NDZLTkFUb1o5RUtvRVQzZVV5ZlJUQ1VFSWFRdk1WM001VHRnSkt5YlVpN2QxQlRaZ3c4dWJ5N1M1SWdQZzQxbDBrc3dSSWl4VjZSNmllaENvdmJENkxEeU9iRlNuYkpQdUpPMzJxTEhQQXdUT0dGNkFfQ19YbVpKendwcnpxa0xxTQ?oc=5\" target=\"_blank\" rel=\"nofollow noopener\">Sinoptikai i\u0161platino skubius prane\u0161imus \u2013 skelbia, kas laukia netrukus<\/a>&nbsp;&nbsp;Delfi<\/li>\n<li><a href=\"https:\/\/news.google.com\/rss\/articles\/CBMi1AFBVV95cUxOcGNZSmR5bFNOVHRTUE1BVkItVERpN0d1dVlJOGhMQVlCamhVM3dYYnEzWVlxdVBocVhCR1M1RVhZMGN5S3FzeDRmcU1PdjA1bm10bjFxWDNVbjJXZzlINTJKWVpNQWg0anNrc2FhcElKZEkwclhpNDd3QU9jYzVDcDJqZTFBQjlSaVhBVHFFb09TSmpySzZoVXRwR3g1Z0tYR3NUWHZObFVxeDdpVks5ejUzbzJub2pFT1R1dzRpU2hITEs2dmRXTDM5c08xTlNqZFM3ag?oc=5\" target=\"_blank\" rel=\"nofollow noopener\">\u0160alnos, v\u0117jas ir v\u0117sus oras: klimatologas sako, kad greito at\u0161ilimo tik\u0117tis neverta<\/a>&nbsp;&nbsp;Lrytas<\/li>\n<li><a href=\"https:\/\/news.google.com\/rss\/articles\/CBMitgFBVV95cUxNS0ZlTFR4WmhiQnN4ME5xT29oU1ZOS0lIX2JTMDhvOHBaTWdQMEpmS3I1M2FKTGxYX2FaSDIwSVBlUXBqdmRiLWFpakw3QnUyRGdNVUFENms2bDBKZzRCZzJsdHZtbV9sczNEVkxOTHkwWHRlcmlreDltMjlZQ3oxMzVGMWJGMWJGSkw5N0lTcjJNSTVXWVJEY1pSaG1mYk4tcGdZU3NQUVBYc291bmZfSmpRX1VoQQ?oc=5\" target=\"_blank\" rel=\"nofollow noopener\">Sinoptik\u0117 \u017eada or\u0173 permainas: penktadien\u012f pl\u016bstels pavasari\u0161ka \u0161iluma<\/a>&nbsp;&nbsp;Etaplius<\/li>\n<\/ol>\n","protected":false},"excerpt":{"rendered":"Or\u0173 prognoz\u0117 savaitei: ko tik\u0117tis?&nbsp;&nbsp;Respublika Sinoptikai persp\u0117ja: stichija smogs staiga \u2013 jau netrukus dangus mai\u0161ysis su \u017eeme&nbsp;&nbsp;tv3.lt Sinoptikai&hellip;\n","protected":false},"author":2,"featured_media":163523,"comment_status":"","ping_status":"","sticky":false,"template":"","format":"standard","meta":{"footnotes":"","_share_on_mastodon":"0"},"categories":[6],"tags":[25,30,31,34,35,24,32,33,37,39,36,38,40,23,22,260,20876,28,29,487,193,3253,654,26,27],"class_list":["post-163522","post","type-post","status-publish","format-standard","has-post-thumbnail","category-antrastes","tag-antrastes","tag-breaking-news","tag-breakingnews","tag-featured-news","tag-featurednews","tag-headlines","tag-latest-news","tag-latestnews","tag-lietuva","tag-lietuviu","tag-lithuania","tag-lithuanian","tag-lt","tag-naujienos","tag-news","tag-orai","tag-pavasaris","tag-populiariausios-naujienos","tag-populiariausiosnaujienos","tag-prognoze","tag-savaite","tag-siluma","tag-temperatura","tag-top-stories","tag-topstories"],"share_on_mastodon":{"url":"https:\/\/pubeurope.com\/@lt\/116477087167266714","error":""},"_links":{"self":[{"href":"https:\/\/www.europesays.com\/lt\/wp-json\/wp\/v2\/posts\/163522","targetHints":{"allow":["GET"]}}],"collection":[{"href":"https:\/\/www.europesays.com\/lt\/wp-json\/wp\/v2\/posts"}],"about":[{"href":"https:\/\/www.europesays.com\/lt\/wp-json\/wp\/v2\/types\/post"}],"author":[{"embeddable":true,"href":"https:\/\/www.europesays.com\/lt\/wp-json\/wp\/v2\/users\/2"}],"replies":[{"embeddable":true,"href":"https:\/\/www.europesays.com\/lt\/wp-json\/wp\/v2\/comments?post=163522"}],"version-history":[{"count":0,"href":"https:\/\/www.europesays.com\/lt\/wp-json\/wp\/v2\/posts\/163522\/revisions"}],"wp:featuredmedia":[{"embeddable":true,"href":"https:\/\/www.europesays.com\/lt\/wp-json\/wp\/v2\/media\/163523"}],"wp:attachment":[{"href":"https:\/\/www.europesays.com\/lt\/wp-json\/wp\/v2\/media?parent=163522"}],"wp:term":[{"taxonomy":"category","embeddable":true,"href":"https:\/\/www.europesays.com\/lt\/wp-json\/wp\/v2\/categories?post=163522"},{"taxonomy":"post_tag","embeddable":true,"href":"https:\/\/www.europesays.com\/lt\/wp-json\/wp\/v2\/tags?post=163522"}],"curies":[{"name":"wp","href":"https:\/\/api.w.org\/{rel}","templated":true}]}}