{"id":163524,"date":"2026-04-27T14:14:16","date_gmt":"2026-04-27T14:14:16","guid":{"rendered":"https:\/\/www.europesays.com\/lt\/163524\/"},"modified":"2026-04-27T14:14:16","modified_gmt":"2026-04-27T14:14:16","slug":"vasha-parduoda-prabangu-automobili-kaina-ispudinga","status":"publish","type":"post","link":"https:\/\/www.europesays.com\/lt\/163524\/","title":{"rendered":"Vasha parduoda prabang\u0173 automobil\u012f: kaina \u2013 \u012fsp\u016bdinga"},"content":{"rendered":"<p>Techni\u0161kai tvarkinga ir pri\u017ei\u016br\u0117ta<\/p>\n<p>Apie pardavim\u0105 u\u017esiminta socialiniuose tinkluose, o netrukus pasirod\u0119s skelbimas sulauk\u0117 nema\u017eo susidom\u0117jimo. Automobilio apra\u0161ymas leid\u017eia spr\u0119sti, kad tai tvarkingas ir gerai pri\u017ei\u016br\u0117tas modelis.<\/p>\n<p>Skelbime nurodoma, jog parduodamas 2021 met\u0173 \u201eMercedes-Benz C220\u201c sedanas su 2,0 litro darbinio t\u016brio dyzeliniu ir elektriniu (hibridiniu) varikliu.<\/p>\n<p>Automobilio rida siekia 102 000 kilometr\u0173. Pabr\u0117\u017eiama, kad visi aptarnavimai buvo atlikti oficialiame \u201eVeho\u201c centre, tod\u0117l transporto priemon\u0117 yra techni\u0161kai tvarkinga ir pri\u017ei\u016br\u0117ta.<\/p>\n<p>    <img decoding=\"async\" src=\"https:\/\/www.europesays.com\/lt\/wp-content\/uploads\/2026\/04\/3c370702-e88c-4117-8b62-22275ad85b97.jpg\" loading=\"lazy\" alt=\"Vasha parduoda prabang\u0173 automobil\u012f\"\/>      <\/p>\n<p>Modelis turi AMG paket\u0105, suteikiant\u012f sporti\u0161kesn\u0119 i\u0161vaizd\u0105 ir papildom\u0105 komfort\u0105. Taip pat prie automobilio pridedamas \u017eiemini\u0173 rat\u0173 komplektas.<\/p>\n<p>Automobilis pirm\u0105 kart\u0105 registruotas 2021 met\u0173 lapkrit\u012f, turi automatin\u0119 pavar\u0173 d\u0117\u017e\u0119, tod\u0117l yra patogus naudoti tiek mieste, tiek ilgesn\u0117se kelion\u0117se.<\/p>\n<p>U\u017e \u0161\u012f automobil\u012f pra\u0161oma 36 500 eur\u0173.<\/p>\n<p>Skelbime galite per\u017ei\u016br\u0117ti <a rel=\"noopener nofollow\" target=\"_blank\" href=\"https:\/\/autoplius.lt\/skelbimai\/mercedes-benz-c220-2-0-l-sedanas-2021-dyzelinas-elektra-30686321.html?fbclid=IwY2xjawRb_3tleHRuA2FlbQIxMQBzcnRjBmFwcF9pZBAyMjIwMzkxNzg4MjAwODkyAAEeOWJgHlO2JiSncB_iq8I5Yfe8kM1seip-oC61m8nRR4iVSUGNVpotCvaicAA_aem_gNEZpDwQwMzzBpJayZvDEQ\" data-rel-date-range=\"[]\">\u010dia<\/a>. <\/p>\n","protected":false},"excerpt":{"rendered":"Techni\u0161kai tvarkinga ir pri\u017ei\u016br\u0117ta Apie pardavim\u0105 u\u017esiminta socialiniuose tinkluose, o netrukus pasirod\u0119s skelbimas sulauk\u0117 nema\u017eo susidom\u0117jimo. Automobilio apra\u0161ymas&hellip;\n","protected":false},"author":2,"featured_media":163525,"comment_status":"","ping_status":"","sticky":false,"template":"","format":"standard","meta":{"footnotes":"","_share_on_mastodon":"0"},"categories":[21],"tags":[761,113,37,39,36,38,40,114,7474],"class_list":["post-163524","post","type-post","status-publish","format-standard","has-post-thumbnail","category-pramogos","tag-automobilis","tag-entertainment","tag-lietuva","tag-lietuviu","tag-lithuania","tag-lithuanian","tag-lt","tag-pramogos","tag-vasha"],"share_on_mastodon":{"url":"https:\/\/pubeurope.com\/@lt\/116477091367200731","error":""},"_links":{"self":[{"href":"https:\/\/www.europesays.com\/lt\/wp-json\/wp\/v2\/posts\/163524","targetHints":{"allow":["GET"]}}],"collection":[{"href":"https:\/\/www.europesays.com\/lt\/wp-json\/wp\/v2\/posts"}],"about":[{"href":"https:\/\/www.europesays.com\/lt\/wp-json\/wp\/v2\/types\/post"}],"author":[{"embeddable":true,"href":"https:\/\/www.europesays.com\/lt\/wp-json\/wp\/v2\/users\/2"}],"replies":[{"embeddable":true,"href":"https:\/\/www.europesays.com\/lt\/wp-json\/wp\/v2\/comments?post=163524"}],"version-history":[{"count":0,"href":"https:\/\/www.europesays.com\/lt\/wp-json\/wp\/v2\/posts\/163524\/revisions"}],"wp:featuredmedia":[{"embeddable":true,"href":"https:\/\/www.europesays.com\/lt\/wp-json\/wp\/v2\/media\/163525"}],"wp:attachment":[{"href":"https:\/\/www.europesays.com\/lt\/wp-json\/wp\/v2\/media?parent=163524"}],"wp:term":[{"taxonomy":"category","embeddable":true,"href":"https:\/\/www.europesays.com\/lt\/wp-json\/wp\/v2\/categories?post=163524"},{"taxonomy":"post_tag","embeddable":true,"href":"https:\/\/www.europesays.com\/lt\/wp-json\/wp\/v2\/tags?post=163524"}],"curies":[{"name":"wp","href":"https:\/\/api.w.org\/{rel}","templated":true}]}}