{"id":163937,"date":"2026-04-28T03:58:11","date_gmt":"2026-04-28T03:58:11","guid":{"rendered":"https:\/\/www.europesays.com\/lt\/163937\/"},"modified":"2026-04-28T03:58:11","modified_gmt":"2026-04-28T03:58:11","slug":"irmute-nama-kalnuose-pirko-uz-buto-marijampoleje-kaina","status":"publish","type":"post","link":"https:\/\/www.europesays.com\/lt\/163937\/","title":{"rendered":"Irmut\u0117 nam\u0105 kalnuose pirko u\u017e buto Marijampol\u0117je kain\u0105"},"content":{"rendered":"<p>\u201ePrie\u0161 ma\u017edaug 3 metus pri\u0117miau sprendim\u0105 parduoti namus Marijampol\u0117je ir \u012fsigyti savo svajoni\u0173 namus Kipro saloje\u201c, \u2013 laidoje pasakoja marijampoliet\u0117 Irmut\u0117 Pajautyt\u0117, nusipirkusi nam\u0105 kalnuose \u012fsik\u016brusiame kaime, nuo Pafoso nutolusiame apie 40 kilometr\u0173.<\/p>\n<p>    <img decoding=\"async\" src=\"https:\/\/www.europesays.com\/lt\/wp-content\/uploads\/2026\/04\/3e62d67f-405c-4bc1-9525-819df45f69a3.jpg\" loading=\"lazy\" alt=\"Irmut\u0117s namai Kipro kaime\"\/>      <\/p>\n<p>Ji sako s\u0105moningai pasirinkusi ne gyvenim\u0105 prie j\u016bros, o kalnuose, autenti\u0161kame kaime, toli nuo turistini\u0173 zon\u0173, kur n\u0117ra vie\u0161bu\u010di\u0173, restoran\u0173 ir triuk\u0161mo. Tai \u2013 tikras <a rel=\"noopener nofollow\" target=\"_blank\" href=\"https:\/\/www.delfi.lt\/temos\/kipras\" tag-id=\"21801356\">Kipras<\/a>.<\/p>\n<p>\u0160is pasirinkimas neatsitiktinis: moteris augo Lietuvos kaime, tad tokia aplinka jai artima. <\/p>\n<p>\u201eA\u0161 esu gimusi kaime, iki 16 met\u0173 gyvenau kaime, ir matyt, tas mane \u010dia ir atved\u0117\u201c, \u2013 ai\u0161kina ji.<\/p>\n<p>    <img decoding=\"async\" src=\"https:\/\/www.europesays.com\/lt\/wp-content\/uploads\/2026\/04\/baa99902-1c6d-47e5-9860-9fa24a02f5e9.jpg\" loading=\"lazy\" alt=\"Irmut\u0117s namai Kipro kaime\"\/>      <\/p>\n<p>Namas Kipre pigesnis nei butas Lietuvoje<\/p>\n<p>Did\u017eiausi\u0105 nuostab\u0105 kelia Irmut\u0117s pirkinio kaina: pardavusi trij\u0173 kambari\u0173 but\u0105 Marijampol\u0117, Kipre ji \u012fsigijo koted\u017e\u0105, ir dar liko pinig\u0173.<\/p>\n<p>       <img decoding=\"async\" src=\"https:\/\/www.europesays.com\/lt\/wp-content\/uploads\/2026\/04\/a6956483-63d7-4c5e-b992-aa829e49f1ba.jpg\" loading=\"lazy\" alt=\"Irmut\u0117s namai Kipro kaime\"\/>      <\/p>\n<p>\u201eBut\u0105 pardaviau u\u017e 68 t\u016bkstan\u010dius, o \u010dia nam\u0105 nusipirkau u\u017e 63 t\u016bkstan\u010dius\u201c, \u2013 atvirauja ji.<\/p>\n<p>Tiesa, Irmut\u0117 neslepia, kad nam\u0105 reikia atnaujinti, bet tai jai ne svarbiausia \u2013 sprendim\u0105 pirkti nul\u0117m\u0117 panorama.<\/p>\n<p>\u201eKai at\u0117jau \u012f teras\u0105 ir pama\u010diau \u0161\u012f vaizd\u0105, man prad\u0117jo tek\u0117ti a\u0161aros\u201c, \u2013 prisimena ji.<\/p>\n<p>    <img decoding=\"async\" src=\"https:\/\/www.europesays.com\/lt\/wp-content\/uploads\/2026\/04\/2aef75da-6f01-47ad-8b3a-26a5de8d70a7.jpg\" loading=\"lazy\" alt=\"Irmut\u0117s namai Kipro kaime\"\/>    <\/p>\n<p>Didel\u0117 terasa su atsiverian\u010diu kaln\u0173 vaizdu tapo jos kasdienyb\u0117s dalimi \u2013 vieta, kur prasideda rytai ir baigiasi vakarai. \u201eKiekvien\u0105 dien\u0105 d\u0117koju, kad galiu tai matyti\u201c, \u2013 sako ji.<\/p>\n<p>Romantika su i\u0161\u0161\u016bkiais<\/p>\n<p>Vis d\u0117lto gyvenimas Kipre n\u0117ra vien atostog\u0173 nuotaika. Irmut\u0117 atvirai kalba ir apie i\u0161\u0161\u016bkius, su kuriais tenka susidurti.<\/p>\n<p>Namas, pastatytas ma\u017edaug 2010 metais, ilg\u0105 laik\u0105 stov\u0117jo negyvenamas, tod\u0117l dabar laukia renovacija. \u201eReik\u0117s visk\u0105 daryti po truput\u012f, kaip skruzd\u0117lytei\u201c, \u2013 sako ji.<\/p>\n<p>Namas neap\u0161iltintas, tad \u017eiem\u0105 \u010dia gan\u0117tinai \u0161alta. \u201eTeks keisti langus, ap\u0161iltinti sienas, \u0161ildymo katil\u0105 jau \u012fsirengiau. \u017diem\u0105, kai lauke buvo apie nul\u012f laipsni\u0173, \u0161ild\u017eiausi malkomis\u201c, \u2013 pasakoja Irmut\u0117.<\/p>\n<p>    <img decoding=\"async\" src=\"https:\/\/www.europesays.com\/lt\/wp-content\/uploads\/2026\/04\/415e9826-08ca-43f3-92b8-024204634b20.jpg\" loading=\"lazy\" alt=\"Irmut\u0117s namai Kipro kaime\"\/>    <\/p>\n<p>Ta\u010diau tokie r\u016bpes\u010diai jos neg\u0105sdina, prie\u0161ingai \u2013 ji sako u\u017esigr\u016bdinusi ir prisitaikiusi prie nauj\u0173 s\u0105lyg\u0173.<\/p>\n<p>Pasakodama savo istorij\u0105, ji nesl\u0117p\u0117, kad \u0161eima ir draugai m\u0117gino atkalb\u0117ti nuo tokio \u017eingsnio, ta\u010diau \u0161iandien ji neabejoja n\u0117 akimirkos: \u201eVos vien\u0105 nuotrauk\u0105 pama\u010diusi supratau, kad \u010dia mano vieta, \u2013 sako ji ir priduria: \u2013 N\u0117 vienos dienos d\u0117l to nepasigail\u0117jau. Kiekvien\u0105 dien\u0105 d\u017eiaugiuosi.\u201c<\/p>\n<p>\u201eDelfi TV\u201c laid\u0105 \u201eOrijaus kelion\u0117s: atostog\u0173 namai\u201c \u017ei\u016br\u0117kite antradieniais 21.00 val.<\/p>\n","protected":false},"excerpt":{"rendered":"\u201ePrie\u0161 ma\u017edaug 3 metus pri\u0117miau sprendim\u0105 parduoti namus Marijampol\u0117je ir \u012fsigyti savo svajoni\u0173 namus Kipro saloje\u201c, \u2013 laidoje&hellip;\n","protected":false},"author":2,"featured_media":163938,"comment_status":"","ping_status":"","sticky":false,"template":"","format":"standard","meta":{"footnotes":"","_share_on_mastodon":"0"},"categories":[13],"tags":[25,30,31,34,35,24,7069,10379,32,33,37,39,36,38,40,23,22,28,29,26,27],"class_list":["post-163937","post","type-post","status-publish","format-standard","has-post-thumbnail","category-lietuva","tag-antrastes","tag-breaking-news","tag-breakingnews","tag-featured-news","tag-featurednews","tag-headlines","tag-kalnai","tag-kipras","tag-latest-news","tag-latestnews","tag-lietuva","tag-lietuviu","tag-lithuania","tag-lithuanian","tag-lt","tag-naujienos","tag-news","tag-populiariausios-naujienos","tag-populiariausiosnaujienos","tag-top-stories","tag-topstories"],"share_on_mastodon":{"url":"https:\/\/pubeurope.com\/@lt\/116480331333792241","error":""},"_links":{"self":[{"href":"https:\/\/www.europesays.com\/lt\/wp-json\/wp\/v2\/posts\/163937","targetHints":{"allow":["GET"]}}],"collection":[{"href":"https:\/\/www.europesays.com\/lt\/wp-json\/wp\/v2\/posts"}],"about":[{"href":"https:\/\/www.europesays.com\/lt\/wp-json\/wp\/v2\/types\/post"}],"author":[{"embeddable":true,"href":"https:\/\/www.europesays.com\/lt\/wp-json\/wp\/v2\/users\/2"}],"replies":[{"embeddable":true,"href":"https:\/\/www.europesays.com\/lt\/wp-json\/wp\/v2\/comments?post=163937"}],"version-history":[{"count":0,"href":"https:\/\/www.europesays.com\/lt\/wp-json\/wp\/v2\/posts\/163937\/revisions"}],"wp:featuredmedia":[{"embeddable":true,"href":"https:\/\/www.europesays.com\/lt\/wp-json\/wp\/v2\/media\/163938"}],"wp:attachment":[{"href":"https:\/\/www.europesays.com\/lt\/wp-json\/wp\/v2\/media?parent=163937"}],"wp:term":[{"taxonomy":"category","embeddable":true,"href":"https:\/\/www.europesays.com\/lt\/wp-json\/wp\/v2\/categories?post=163937"},{"taxonomy":"post_tag","embeddable":true,"href":"https:\/\/www.europesays.com\/lt\/wp-json\/wp\/v2\/tags?post=163937"}],"curies":[{"name":"wp","href":"https:\/\/api.w.org\/{rel}","templated":true}]}}