{"id":164015,"date":"2026-04-28T05:58:02","date_gmt":"2026-04-28T05:58:02","guid":{"rendered":"https:\/\/www.europesays.com\/lt\/164015\/"},"modified":"2026-04-28T05:58:02","modified_gmt":"2026-04-28T05:58:02","slug":"nuo-pirmadienio-pokyciai-populiariame-autobusu-marsrute","status":"publish","type":"post","link":"https:\/\/www.europesays.com\/lt\/164015\/","title":{"rendered":"Nuo pirmadienio \u2013 poky\u010diai populiariame autobus\u0173 mar\u0161rute"},"content":{"rendered":"<p>Sostin\u0117s \u0161iaur\u0117s vakarin\u0117je dalyje planuojami infrastrukt\u016bros atnaujinimo darbai koreguoja <a style=\"font-weight:bold;\" href=\"https:\/\/madeinvilnius.lt\/tema\/vilniaus-viesasis-transportas\/\" target=\"_blank\" rel=\"nofollow noopener\">vie\u0161ojo transporto<\/a> jud\u0117jim\u0105. Savivaldyb\u0117s \u012fmon\u0117 \u201eJUDU\u201c (S\u012e \u201e<a style=\"font-weight:bold;\" href=\"https:\/\/madeinvilnius.lt\/tema\/susisiekimo-paslaugos\/\" target=\"_blank\" rel=\"nofollow noopener\">Susisiekimo paslaugos<\/a>\u201c) informuoja, kad d\u0117l Gegli\u0161ki\u0173 gatv\u0117s rekonstrukcijos nuo pirmadienio, baland\u017eio 27 dienos, bus \u012fvesti laikini pakeitimai 52-ajame autobus\u0173 mar\u0161rute.<\/p>\n<p>\u0160ie pakeitimai palies kasdienes gyventoj\u0173 keliones, tod\u0117l keleiviai raginami i\u0161 anksto susipa\u017einti su atnaujintais tvarkara\u0161\u010diais ir stoteli\u0173 vietomis.<\/p>\n<p>\u201eD\u0117l rekonstrukcijos darb\u0173 Gegli\u0161ki\u0173 g. nuo baland\u017eio 27 d. laikinai keisis 52 autobuso mar\u0161rutas ir tvarkara\u0161\u010diai\u201c, \u2013 prane\u0161a eismo organizavimo specialistai.<\/p>\n<p>Vykdant darbus, autobusai bus nukreipiami apylanka, tod\u0117l tam tikros stotel\u0117s taps laikinai nepasiekiamos. Informuojama, kad min\u0117to mar\u0161ruto autobusai kur\u012f laik\u0105 nestos Kelmi\u0161ki\u0173 stotel\u0117je. Be to, keleivi\u0173 patogumui numatytos alternatyvos netoliese esan\u010diose gatv\u0117se.<\/p>\n<p>\u201eMin\u0117to mar\u0161ruto autobusai nestos Kelmi\u0161ki\u0173 st., o Raudonbal\u0117s st. bus laikinai perkelta ir \u012frengta toje pa\u010dioje Putini\u0161ki\u0173 g., Tarand\u0117s g. kryptimi\u201c, \u2013 nurodo \u201eJUDU\u201c.<\/p>\n<p>Nors transporto priemon\u0117ms jud\u0117jimas Gegli\u0161ki\u0173 gatve bus apribotas, p\u0117stieji dideli\u0173 nepatogum\u0173 pajusti netur\u0117t\u0173. Rekonstrukcijos metu ypatingas d\u0117mesys bus skiriamas tiems, kurie vie\u0161ojo transporto stoteles pasiekia p\u0117s\u010diomis.<\/p>\n<p>\u201eP\u0117s\u010di\u0173j\u0173 eismas ribojamas nebus \u2013 specialiosiomis priemon\u0117mis p\u0117stiesiems bus u\u017etikrintas pri\u0117jimas prie vis\u0173 vie\u0161ojo transporto stoteli\u0173\u201c, \u2013 teigiama prane\u0161ime.<\/p>\n<p>Planuojama, kad numatyti Gegli\u0161ki\u0173 gatv\u0117s remonto darbai u\u017etruks kiek daugiau nei m\u0117nes\u012f. Specialist\u0173 teigimu, infrastrukt\u016bros sutvarkymas leis u\u017etikrinti sklandesn\u012f ir saugesn\u012f eism\u0105 ateityje.<\/p>\n<p>\u201ePlanuojama, kad Gegli\u0161ki\u0173 gatv\u0117je darbai t\u0119sis iki bir\u017eelio prad\u017eios. Apie anks\u010diau pasibaigusius darbus ar tolimesnius mar\u0161rut\u0173 pakeitimus gyventojai bus informuoti papildomai\u201c, \u2013 pa\u017eymi \u201eJUDU\u201c atstovai.<\/p>\n<p><a href=\"https:\/\/madeinvilnius.lt\/wp-content\/uploads\/2026\/04\/52-pokyciai.png\" rel=\"nofollow noopener\" target=\"_blank\"><img loading=\"lazy\" decoding=\"async\" width=\"1024\" height=\"576\" data-id=\"346818\" src=\"https:\/\/www.europesays.com\/lt\/wp-content\/uploads\/2026\/04\/52-pokyciai-1024x576.png\" alt=\"\" class=\"wp-image-346818\"\/><\/a><\/p>\n","protected":false},"excerpt":{"rendered":"Sostin\u0117s \u0161iaur\u0117s vakarin\u0117je dalyje planuojami infrastrukt\u016bros atnaujinimo darbai koreguoja vie\u0161ojo transporto jud\u0117jim\u0105. Savivaldyb\u0117s \u012fmon\u0117 \u201eJUDU\u201c (S\u012e \u201eSusisiekimo paslaugos\u201c)&hellip;\n","protected":false},"author":2,"featured_media":55059,"comment_status":"","ping_status":"","sticky":false,"template":"","format":"standard","meta":{"footnotes":"","_share_on_mastodon":"0"},"categories":[13],"tags":[25,5626,30,31,34,35,24,32,33,37,39,36,38,40,65,23,22,28,29,26,27,5627],"class_list":["post-164015","post","type-post","status-publish","format-standard","has-post-thumbnail","category-lietuva","tag-antrastes","tag-autobusai","tag-breaking-news","tag-breakingnews","tag-featured-news","tag-featurednews","tag-headlines","tag-latest-news","tag-latestnews","tag-lietuva","tag-lietuviu","tag-lithuania","tag-lithuanian","tag-lt","tag-naujiena","tag-naujienos","tag-news","tag-populiariausios-naujienos","tag-populiariausiosnaujienos","tag-top-stories","tag-topstories","tag-vilniaus-viesasis-transportas"],"share_on_mastodon":{"url":"https:\/\/pubeurope.com\/@lt\/116480803343433750","error":""},"_links":{"self":[{"href":"https:\/\/www.europesays.com\/lt\/wp-json\/wp\/v2\/posts\/164015","targetHints":{"allow":["GET"]}}],"collection":[{"href":"https:\/\/www.europesays.com\/lt\/wp-json\/wp\/v2\/posts"}],"about":[{"href":"https:\/\/www.europesays.com\/lt\/wp-json\/wp\/v2\/types\/post"}],"author":[{"embeddable":true,"href":"https:\/\/www.europesays.com\/lt\/wp-json\/wp\/v2\/users\/2"}],"replies":[{"embeddable":true,"href":"https:\/\/www.europesays.com\/lt\/wp-json\/wp\/v2\/comments?post=164015"}],"version-history":[{"count":0,"href":"https:\/\/www.europesays.com\/lt\/wp-json\/wp\/v2\/posts\/164015\/revisions"}],"wp:featuredmedia":[{"embeddable":true,"href":"https:\/\/www.europesays.com\/lt\/wp-json\/wp\/v2\/media\/55059"}],"wp:attachment":[{"href":"https:\/\/www.europesays.com\/lt\/wp-json\/wp\/v2\/media?parent=164015"}],"wp:term":[{"taxonomy":"category","embeddable":true,"href":"https:\/\/www.europesays.com\/lt\/wp-json\/wp\/v2\/categories?post=164015"},{"taxonomy":"post_tag","embeddable":true,"href":"https:\/\/www.europesays.com\/lt\/wp-json\/wp\/v2\/tags?post=164015"}],"curies":[{"name":"wp","href":"https:\/\/api.w.org\/{rel}","templated":true}]}}