{"id":164243,"date":"2026-04-28T10:16:10","date_gmt":"2026-04-28T10:16:10","guid":{"rendered":"https:\/\/www.europesays.com\/lt\/164243\/"},"modified":"2026-04-28T10:16:10","modified_gmt":"2026-04-28T10:16:10","slug":"parduotuviu-ir-prekybos-centru-darbo-laikas-geguzes-1-aja","status":"publish","type":"post","link":"https:\/\/www.europesays.com\/lt\/164243\/","title":{"rendered":"Parduotuvi\u0173 ir prekybos centr\u0173 darbo laikas Gegu\u017e\u0117s 1-\u0105j\u0105"},"content":{"rendered":"\n<p>Naujien\u0173 portalui \u201eDelfi\u201c beveik vis\u0173 prekybos tinkl\u0173 atstovai perdav\u0117, kad \u0161i\u0105 dien\u0105 poky\u010di\u0173 ne\u017eada.<\/p>\n<p>\u201e<a rel=\"noopener nofollow\" target=\"_blank\" href=\"https:\/\/www.delfi.lt\/temos\/maxima\" tag-id=\"46583293\">Maxima<\/a>\u201c, \u201e<a rel=\"noopener nofollow\" target=\"_blank\" href=\"https:\/\/www.delfi.lt\/temos\/rimi\" tag-id=\"61663793\">Rimi<\/a>\u201c, \u201e<a rel=\"noopener nofollow\" target=\"_blank\" href=\"https:\/\/www.delfi.lt\/temos\/iki-3\" tag-id=\"96616729\">Iki<\/a>\u201c, \u201e<a rel=\"noopener nofollow\" target=\"_blank\" href=\"https:\/\/www.delfi.lt\/temos\/norfa\" tag-id=\"54897147\">Norfa<\/a>\u201c, \u201e<a rel=\"noopener nofollow\" target=\"_blank\" href=\"https:\/\/www.delfi.lt\/temos\/lidl\" tag-id=\"61726615\">Lidl<\/a>\u201c parduotuv\u0117s dirbs \u012fprastu grafiku, darbo laiko poky\u010di\u0173 prekybos vietose nenumatoma.<\/p>\n<p>Tiesa, keliose \u201eIki\u201c parduotuv\u0117se nuo gegu\u017e\u0117s 1 dienos jau \u012fvedamas sezoninis darbo laikas:<\/p>\n<p>    <img decoding=\"async\" src=\"https:\/\/www.europesays.com\/lt\/wp-content\/uploads\/2026\/04\/f69752d3-791f-41c8-9afc-3a99b1caa60e.jpg\" loading=\"lazy\" alt=\"\u201eIki\u201c parduotuv\u0117 Nidoje\"\/>    <\/p>\n<ul>\n<li>\n<p>IKI-NIDA, Nagli\u0173 g. 29: kasdien dirbs nuo 8.00 iki 21.00 val.; <\/p>\n<\/li>\n<li>\n<p>IKI-MOL\u0116TAI, Vilniaus g. 95: pirmadieniais \u2013 \u0161e\u0161tadieniais nuo 8.00 iki 22.00 val., sekmadieniais nuo 8.00 iki 21.00 val.<\/p>\n<\/li>\n<\/ul>\n<p>\u201eAugan\u010dius pirk\u0117j\u0173 srautus tam tikrose vietose pradedame matyti jau nuo gegu\u017e\u0117s, tod\u0117l dalies populiari\u0173 parduotuvi\u0173 darbo laik\u0105 per\u017ei\u016brime sezonui dar net neprasid\u0117jus, kad apsipirkimas b\u016bt\u0173 kuo patogesnis tiek vietos gyventojams, tiek miesto ar kurorto sve\u010diams\u201c, \u2013 perdav\u0117 Gintar\u0117 Kitov\u0117, prekybos tinklo komunikacijos vadov\u0117.<\/p>\n<p>       <img decoding=\"async\" src=\"https:\/\/www.europesays.com\/lt\/wp-content\/uploads\/2026\/04\/5f9a6ab0-5ecf-11ed-9b53-8fbed466174a.jpg\" loading=\"lazy\" alt=\"Didieji prekybos tinklai\"\/>    <\/p>\n<p>\u201eAkropolio\u201c, CUP, \u201eOzo\u201c, \u201eVilnius Outlet\u201c Vilniuje darbo laikas gegu\u017e\u0117s 1-\u0105j\u0105<\/p>\n<p>\u201eDelfi\u201c pasidom\u0117jo, kaip planuoja dirbti \u0161alies prekybos centrai. Kad darbo laiko poky\u010di\u0173 nenumato, atsak\u0117 Vilniaus \u201eAkropolis\u201c, CUP, BIG, \u201eOzas\u201c, \u201eVilnius Outlet\u201c, \u201eOgmios miestas\u201c, \u201eOutlet Park\u201c.<\/p>\n<p>Prekybos centras \u201eVilnius Outlet\u201c dirbs \u012fprastai nuo 10.00 iki 21.00 val., restoranai \u2013 iki 22.00 val.<\/p>\n<p>Nurodoma, kad \u201eOgmios mieste\u201c veikian\u010dios parduotuv\u0117s taip pat dirbs \u012fprastu laiku nuo 10:00 iki 20:00 val., restoranai \u2013 iki 24.00 val.<\/p>\n<p>Prekybos centras \u201eOutlet Park\u201c gegu\u017e\u0117s 1 d. taip pat dirbs \u012fprastu darbo laiku nuo 10.00 iki 20.00 val.<\/p>\n<p>Vilniaus, Klaip\u0117dos ir \u0160iauli\u0173 \u201eAkropoliai\u201c gegu\u017e\u0117s 1 d. taip pat prane\u0161\u0117 dirbsiantys \u012fprastu grafiku.<\/p>\n<p>O prekybos centras \u201eEuropa\u201c Vilniuje penktadien\u012f dirbs sekmadienio darbo grafiku. <\/p>\n<p>\u0160iame prekybos tinkle \u201eIki\u201c parduotuv\u0117 veiks 8\u201321 val., \u201eBenu\u201c vaistin\u0117 dirbs 10\u201319 val., \u201eDanger Park\u201c 10\u201320 val., maisto ir pokalbi\u0173 erdv\u0117 \u201eDialogai\u201c 10\u201319 val., \u201eCaffeine\u201c 10\u201320 val., \u201eAli \u0161okoladin\u0117\u201c 10\u201319 val., \u201eHurac\u00e1n Coffee\u201c 10\u201318 val., \u201ePerfectus clinica\u201c nedirbs, likusios parduotuv\u0117s ir paslaugos veiks 10\u201319 val. Sporto klubai \u201eLemon Gym\u201c ir \u201eGym+\u201e dirbs kaip visada, vis\u0105 par\u0105.<\/p>\n<p>Kauno \u201eAkropolio\u201c ir \u201eMegos\u201c darbo laikas gegu\u017e\u0117s 1-\u0105j\u0105<\/p>\n<p>Kauno \u201eAkropolio\u201c valdytoja Brigita Kuodyt\u0117 \u201eDelfi\u201c perdav\u0117, kad \u012fprastai dirbs ir Kauno \u201eAkropolis\u201c: \u201eMaxima XXX\u201c ir \u201eEurovaistin\u0117\u201c pirk\u0117j\u0173 lauks nuo 8 iki 22 val., parduotuv\u0117s veiks nuo 10 iki 21 val., o restoranai ir kavin\u0117s lankytojus priims nuo 10 iki 22 val.<\/p>\n<p>       <img decoding=\"async\" src=\"https:\/\/www.europesays.com\/lt\/wp-content\/uploads\/2026\/04\/c167b990-651b-4dc0-97d8-ee9d9f6c564b.jpg\" loading=\"lazy\" alt=\"Vilniaus \u201eAkropolis\u201c\"\/>    <\/p>\n<p>\u201eDarbo laiko poky\u010diai prekybos centre taikomi tik per did\u017ei\u0105sias met\u0173 \u0161ventes \u2013 per Kal\u0117d\u0173 laikotarp\u012f ir Velykas\u201c, \u2013 komentavo B. Kuodyt\u0117.<\/p>\n<p>Prekybos centro \u201eMega\u201c darbo laikas gegu\u017e\u0117s 1 d. Kaune nesikeis, parduotuv\u0117s dirbs 10.00\u201321.00 val.<\/p>\n<p><a rel=\"noopener nofollow\" target=\"_blank\" href=\"https:\/\/www.delfi.lt\/temos\/geguzes-1-oji\" tag-id=\"61275069\">Gegu\u017e\u0117s 1-oji<\/a> \u2013 Tarptautin\u0117 nedarbo diena, \u012fra\u0161yta \u0161ventini\u0173 dien\u0173 s\u0105ra\u0161e ir yra nedarbo diena. Tai rei\u0161kia, kad laukia dar vienas ilgasis savaitgalis. <\/p>\n<p>Pra\u0117jusiais metais \u012f Seim\u0105 buvo sugr\u012f\u017eusi id\u0117ja \u0161i\u0105 dien\u0105 i\u0161braukti i\u0161 \u0161ventini\u0173 dien\u0173 s\u0105ra\u0161o ir perkelti \u012f Atmintin\u0173 dien\u0173 \u012fstatym\u0105. Vis tik nuspr\u0119sta, kad Tarptautin\u0117 nedarbo diena i\u0161liks valstybine \u0161vente.<\/p>\n<p>Lietuvos pa\u0161to darbo laikas gegu\u017e\u0117s 1-\u0105j\u0105 <\/p>\n<p><a rel=\"noopener nofollow\" target=\"_blank\" href=\"https:\/\/www.delfi.lt\/temos\/lietuvos-pastas\" tag-id=\"54872965\">Lietuvos pa\u0161tas<\/a> informuoja, kad gegu\u017e\u0117s 1-\u0105j\u0105, Tarptautin\u0119 darbo dien\u0105, dirbs tik dalis prekybos centruose esan\u010di\u0173 Lietuvos pa\u0161to skyri\u0173. <\/p>\n<p>\u0160i\u0105 dien\u0105 taip pat nebus teikiamos lai\u0161kinink\u0173 bei kurjeri\u0173 paslaugos. LP EXPRESS tinklo pa\u0161tomatai veiks, ta\u010diau siuntos \u012f juos nebus pristatomos ir i\u0161imamos i\u0161 j\u0173.<\/p>\n","protected":false},"excerpt":{"rendered":"Naujien\u0173 portalui \u201eDelfi\u201c beveik vis\u0173 prekybos tinkl\u0173 atstovai perdav\u0117, kad \u0161i\u0105 dien\u0105 poky\u010di\u0173 ne\u017eada. \u201eMaxima\u201c, \u201eRimi\u201c, \u201eIki\u201c, \u201eNorfa\u201c,&hellip;\n","protected":false},"author":2,"featured_media":164244,"comment_status":"","ping_status":"","sticky":false,"template":"","format":"standard","meta":{"footnotes":"","_share_on_mastodon":"0"},"categories":[13],"tags":[25,30,31,4201,34,35,26944,24,2742,32,33,7365,37,39,8814,36,38,40,1349,23,22,2820,839,2621,28,29,2620,26,27],"class_list":["post-164243","post","type-post","status-publish","format-standard","has-post-thumbnail","category-lietuva","tag-antrastes","tag-breaking-news","tag-breakingnews","tag-darbo-laikas","tag-featured-news","tag-featurednews","tag-geguzes-1-oji","tag-headlines","tag-iki","tag-latest-news","tag-latestnews","tag-lidl","tag-lietuva","tag-lietuviu","tag-lietuvos-pastas","tag-lithuania","tag-lithuanian","tag-lt","tag-maxima","tag-naujienos","tag-news","tag-norfa","tag-parduotuves","tag-parduotuviu-darbo-laikas","tag-populiariausios-naujienos","tag-populiariausiosnaujienos","tag-rimi","tag-top-stories","tag-topstories"],"share_on_mastodon":{"url":"https:\/\/pubeurope.com\/@lt\/116481817565440427","error":""},"_links":{"self":[{"href":"https:\/\/www.europesays.com\/lt\/wp-json\/wp\/v2\/posts\/164243","targetHints":{"allow":["GET"]}}],"collection":[{"href":"https:\/\/www.europesays.com\/lt\/wp-json\/wp\/v2\/posts"}],"about":[{"href":"https:\/\/www.europesays.com\/lt\/wp-json\/wp\/v2\/types\/post"}],"author":[{"embeddable":true,"href":"https:\/\/www.europesays.com\/lt\/wp-json\/wp\/v2\/users\/2"}],"replies":[{"embeddable":true,"href":"https:\/\/www.europesays.com\/lt\/wp-json\/wp\/v2\/comments?post=164243"}],"version-history":[{"count":0,"href":"https:\/\/www.europesays.com\/lt\/wp-json\/wp\/v2\/posts\/164243\/revisions"}],"wp:featuredmedia":[{"embeddable":true,"href":"https:\/\/www.europesays.com\/lt\/wp-json\/wp\/v2\/media\/164244"}],"wp:attachment":[{"href":"https:\/\/www.europesays.com\/lt\/wp-json\/wp\/v2\/media?parent=164243"}],"wp:term":[{"taxonomy":"category","embeddable":true,"href":"https:\/\/www.europesays.com\/lt\/wp-json\/wp\/v2\/categories?post=164243"},{"taxonomy":"post_tag","embeddable":true,"href":"https:\/\/www.europesays.com\/lt\/wp-json\/wp\/v2\/tags?post=164243"}],"curies":[{"name":"wp","href":"https:\/\/api.w.org\/{rel}","templated":true}]}}