{"id":164271,"date":"2026-04-28T10:55:30","date_gmt":"2026-04-28T10:55:30","guid":{"rendered":"https:\/\/www.europesays.com\/lt\/164271\/"},"modified":"2026-04-28T10:55:30","modified_gmt":"2026-04-28T10:55:30","slug":"augant-gyventoju-susidomejimui-planuojamos-papildomos-lesos-elektromobiliams-alkas-lt","status":"publish","type":"post","link":"https:\/\/www.europesays.com\/lt\/164271\/","title":{"rendered":"Augant gyventoj\u0173 susidom\u0117jimui planuojamos papildomos l\u0117\u0161os elektromobiliams \u2013 Alkas.lt"},"content":{"rendered":"<p>I\u0161augusios degal\u0173 kainos tur\u0117jo pozityv\u0173 post\u016bm\u012f gyventojams rinktis netar\u0161ias transporto priemones. Aplinkos projekt\u0173 valdymo agent\u016bra (APVA), teikianti iki 5 t\u016bkst. eur\u0173 siekian\u010dias kompensacijas gyventojams, \u012fsigijusiems <a href=\"https:\/\/alkas.lt\/tag\/elektromobiliai\/\" rel=\"nofollow noopener\" target=\"_blank\">elektromobilius<\/a>, pastebi, kad pastaraisiais m\u0117nesiais gyventoj\u0173 susidom\u0117jimas tokia parama reik\u0161mingai i\u0161augo. \u0160iuo metu kvietimo l\u0117\u0161\u0173 likutis siekia 2,3 mln. eur\u0173, siekiant u\u017etikrinti priemon\u0117s t\u0119stinum\u0105 jau suplanuotos ir papildomos l\u0117\u0161os. <\/p>\n<p>\u201eD\u017eiaugiam\u0117s, kad \u0161varesnis transportas m\u016bs\u0173 miest\u0173 gatv\u0117se tampa kasdienybe, o ne i\u0161imtimi \u2013 kiekvienas naujas elektromobilis tiesiogiai prisideda prie tylesn\u0117s ir \u0161varesn\u0117s aplinkos. \u00a0Matome, kad gyventoj\u0173 susidom\u0117jimas auga \u2013 \u0161iuo metu vidutini\u0161kai per m\u0117nes\u012f sulaukiame vir\u0161 600 parai\u0161k\u0173. Svarstantiems apie tok\u012f pirkin\u012f turime ger\u0173 \u017eini\u0173 \u2013 investicijos \u012f elektromobilum\u0105 nesustoja, tad artimiausiu metu su Susisiekimo ministerija planuojame skelbti nauj\u0105 kvietim\u0105\u201c, \u2013 sako APVA \u017daliosios transformacijos departamento direktor\u0117 Agn\u0117 Markauskien\u0117.<\/p>\n<p>Nuo 2022 m. bir\u017eelio taikomos finansinio skatinimo priemon\u0117s pad\u0117jo gyventojams \u012fsigyti apie 10 t\u016bkst. elektromobili\u0173. Gyventojai turi galimyb\u0119 gauti finansavim\u0105 tiek naujam, tiek naudotam, bet ne senesniam kaip 4 m. elektromobiliui \u012fsigyti. Iki \u0161iol did\u017eioji dalis parei\u0161k\u0117j\u0173 rinkosi naudotas transporto priemones \u2013 i\u0161 viso i\u0161mok\u0117ta paramos ma\u017edaug 7 t\u016bkst. naudot\u0173 ir 3 t\u016bkst. nauj\u0173 elektromobili\u0173 \u012fsigijimui.<\/p>\n<p>Gyventojai, \u012fsigij\u0119 nauj\u0105 elektromobil\u012f gali susigr\u0105\u017einti 5 t\u016bkst. eur\u0173, o nusprend\u0119 \u012fsigyti naudot\u0105 \u2013 2,5 t\u016bkst. eur\u0173. Finansavimas skiriamas tik gryniesiems, M1 klas\u0117s elektromobiliams. \u012ekraunamiems hibridiniams bei hibridiniams automobiliams kompensacija neskiriama.<\/p>\n<p>Parengta pagal APVA prane\u0161im\u0105<\/p>\n","protected":false},"excerpt":{"rendered":"I\u0161augusios degal\u0173 kainos tur\u0117jo pozityv\u0173 post\u016bm\u012f gyventojams rinktis netar\u0161ias transporto priemones. Aplinkos projekt\u0173 valdymo agent\u016bra (APVA), teikianti iki&hellip;\n","protected":false},"author":2,"featured_media":164272,"comment_status":"","ping_status":"","sticky":false,"template":"","format":"standard","meta":{"footnotes":"","_share_on_mastodon":"0"},"categories":[17],"tags":[26948,81,1971,875,37,39,36,38,40,4351,46],"class_list":["post-164271","post","type-post","status-publish","format-standard","has-post-thumbnail","category-verslas","tag-agne-markauskiene","tag-business","tag-elektromobiliai","tag-lesos","tag-lietuva","tag-lietuviu","tag-lithuania","tag-lithuanian","tag-lt","tag-parama","tag-verslas"],"share_on_mastodon":{"url":"https:\/\/pubeurope.com\/@lt\/116481970856614258","error":""},"_links":{"self":[{"href":"https:\/\/www.europesays.com\/lt\/wp-json\/wp\/v2\/posts\/164271","targetHints":{"allow":["GET"]}}],"collection":[{"href":"https:\/\/www.europesays.com\/lt\/wp-json\/wp\/v2\/posts"}],"about":[{"href":"https:\/\/www.europesays.com\/lt\/wp-json\/wp\/v2\/types\/post"}],"author":[{"embeddable":true,"href":"https:\/\/www.europesays.com\/lt\/wp-json\/wp\/v2\/users\/2"}],"replies":[{"embeddable":true,"href":"https:\/\/www.europesays.com\/lt\/wp-json\/wp\/v2\/comments?post=164271"}],"version-history":[{"count":0,"href":"https:\/\/www.europesays.com\/lt\/wp-json\/wp\/v2\/posts\/164271\/revisions"}],"wp:featuredmedia":[{"embeddable":true,"href":"https:\/\/www.europesays.com\/lt\/wp-json\/wp\/v2\/media\/164272"}],"wp:attachment":[{"href":"https:\/\/www.europesays.com\/lt\/wp-json\/wp\/v2\/media?parent=164271"}],"wp:term":[{"taxonomy":"category","embeddable":true,"href":"https:\/\/www.europesays.com\/lt\/wp-json\/wp\/v2\/categories?post=164271"},{"taxonomy":"post_tag","embeddable":true,"href":"https:\/\/www.europesays.com\/lt\/wp-json\/wp\/v2\/tags?post=164271"}],"curies":[{"name":"wp","href":"https:\/\/api.w.org\/{rel}","templated":true}]}}