{"id":164362,"date":"2026-04-28T12:22:07","date_gmt":"2026-04-28T12:22:07","guid":{"rendered":"https:\/\/www.europesays.com\/lt\/164362\/"},"modified":"2026-04-28T12:22:07","modified_gmt":"2026-04-28T12:22:07","slug":"mindaugo-maxima-trumpam-uzvers-duris","status":"publish","type":"post","link":"https:\/\/www.europesays.com\/lt\/164362\/","title":{"rendered":"Mindaugo Maxima trumpam u\u017evers duris"},"content":{"rendered":"<p>\u0160ia \u017einia kartu su nuotrauka Naujamies\u010dio grup\u0117je feisbuke pasidalijo viena gyventoja. <\/p>\n<p>\u201eMieli pirk\u0117jai, informuojame, kad nuo gegu\u017e\u0117s 4 dienos <a rel=\"noopener nofollow\" target=\"_blank\" href=\"https:\/\/www.delfi.lt\/temos\/parduotuve\" tag-id=\"61609013\">parduotuv\u0117<\/a> u\u017edaroma. Atnaujint\u0105 parduotuv\u0119 kartu i\u0161pakuosime gegu\u017e\u0117s 12 dien\u0105\u201c, \u2013 ra\u0161oma tinklo \u201e<a rel=\"noopener nofollow\" target=\"_blank\" href=\"https:\/\/www.delfi.lt\/temos\/maxima\" tag-id=\"46583293\">Maxima<\/a>\u201c informaciniame prane\u0161ime.<\/p>\n<p>\u201eMaximos\u201c Komunikacijos ir korporatyvini\u0173 ry\u0161i\u0173 departamento atstovas ry\u0161iams su \u017einiasklaida Titas Atra\u0161kevi\u010dius dalijasi, kad paskutin\u0117 Vilniuje, Mindaugo g. 11, veikian\u010dios parduotuv\u0117s darbo diena prie\u0161 savait\u0119 laiko truksiant\u012f atnaujinim\u0105 bus gegu\u017e\u0117s 3 diena (imtinai). <\/p>\n<p>Atnaujinta parduotuv\u0117 duris atvers gegu\u017e\u0117s 12 dien\u0105.<\/p>\n<p class=\"Paragraph SCXW21257153 BCX4\">Kartu informuojama, kad savait\u0117s laikotarpiui u\u017ev\u0117rus \u201eMaximos\u201c parduotuv\u0117s duris laikinai nedirbs ir prekybos centro pirmame bei antrame auk\u0161te \u012fsik\u016br\u0119 kitas paslaugas teikiantys verslai, pavyzd\u017eiui, \u201eEurovaistin\u0117\u201c. <\/p>\n<p class=\"Paragraph SCXW21257153 BCX4\">Taip pat \u2013 antrajame auk\u0161te esanti automobili\u0173 aik\u0161tel\u0117 bei ten esantys pa\u0161to paslaugas teikian\u010di\u0173 bendrovi\u0173 pa\u0161tomatai (i\u0161skyrus pa\u0161tomat\u0105 pirmame auk\u0161te, esant\u012f ar\u010diau Mindaugo g.) ir taromatas.  <\/p>\n<p>Koki\u0173 poky\u010di\u0173 tik\u0117tis<\/p>\n<p class=\"Paragraph SCXW21257153 BCX4\">\u201eMaximos\u201c atstovas dalijasi, kad esminiai poky\u010diai per savait\u0119 laiko truksiant\u012f atnaujinim\u0105 \u012fvyks performuojant ir papildant asortiment\u0105 pirk\u0117jams aktualiais maisto produktais.  <\/p>\n<p class=\"Paragraph SCXW21257153 BCX4\">Pl\u0117sis \u0161aldyt\u0173 ir fasuot\u0173, vietoje paruo\u0161to maisto, t. y. konditerijos ir kulinarijos, preki\u0173 pasi\u016bla, gaus\u0117s ir pieno bei jo produkt\u0173, taip pat \u0161vie\u017eios fasuotos m\u0117sos ir pauk\u0161tienos pasirinkimas, pasaulio \u0161ali\u0173 virtuvi\u0173, konservuotos bakal\u0117jos ir u\u017ekand\u017ei\u0173 preki\u0173 asortimentas.  <\/p>\n<p>    <img decoding=\"async\" src=\"https:\/\/www.europesays.com\/lt\/wp-content\/uploads\/2026\/04\/70b19247-3b68-4cc5-ba90-fb8bacfacb5f.jpg\" loading=\"lazy\" alt=\"Titas Atra\u0161kevi\u010dius\"\/>      <\/p>\n<p class=\"Paragraph SCXW21257153 BCX4\">\u201eVizualiai pirk\u0117jai did\u017eiausi\u0105 pokyt\u012f pamatys kas\u0173 zonoje. Atsi\u017evelgiant \u012f tai, kad \u0161ios \u201eMaximos\u201c did\u017eioji dalis pirk\u0117j\u0173 mieliau renkasi savitarnos kasas, bus prapl\u0117stas \u0161i\u0173 kas\u0173 kiekis. Vietoje buvusi\u0173 12 savitarnos ir 12 greito atsiskaitymo (be svarstykli\u0173), po atnaujinimo parduotuv\u0117je veiks net 20 naujos kartos savitarnos kas\u0173. Be j\u0173 \u201eMindaugin\u0117je\u201c pirk\u0117jai taip pat toliau gal\u0117s rinktis savaranki\u0161ko preki\u0173 skenavimo sistem\u0105 \u201eScan&amp;Go\u201c, \u012fprastas kasas \u2013 j\u0173 veiks 10\u201c, \u2013 sako T. Atra\u0161kevi\u010dius. <\/p>\n<p class=\"Paragraph SCXW21257153 BCX4\">\u0160i trij\u0173 X \u201eMaxima\u201c pirm\u0105syk duris atv\u0117r\u0117 1999 metais. I\u0161 esm\u0117s parduotuv\u0117 buvo renovuota 2017 metais, o paskutin\u012f kart\u0105 atnaujinta \u2013 2019 metais.<\/p>\n<p class=\"Paragraph SCXW21257153 BCX4\">Bendras prekybos centro plotas siekia vir\u0161 9,5 t\u016bkst. kv. m, kurio \u201eMaximos\u201c prekybiniam plotui atitenka beveik 5 t\u016bkst. kv. m. Kartu \u0161ioje \u201eMaximoje\u201c taip pat veikia ir m\u0117sos bei konditerijos cechas, bendrai dirba 160 darbuotoj\u0173. <\/p>\n","protected":false},"excerpt":{"rendered":"\u0160ia \u017einia kartu su nuotrauka Naujamies\u010dio grup\u0117je feisbuke pasidalijo viena gyventoja. \u201eMieli pirk\u0117jai, informuojame, kad nuo gegu\u017e\u0117s 4&hellip;\n","protected":false},"author":2,"featured_media":164363,"comment_status":"","ping_status":"","sticky":false,"template":"","format":"standard","meta":{"footnotes":"","_share_on_mastodon":"0"},"categories":[17],"tags":[81,37,39,36,38,40,1349,10322,46],"class_list":["post-164362","post","type-post","status-publish","format-standard","has-post-thumbnail","category-verslas","tag-business","tag-lietuva","tag-lietuviu","tag-lithuania","tag-lithuanian","tag-lt","tag-maxima","tag-parduotuve","tag-verslas"],"share_on_mastodon":{"url":"https:\/\/pubeurope.com\/@lt\/116482313310840016","error":""},"_links":{"self":[{"href":"https:\/\/www.europesays.com\/lt\/wp-json\/wp\/v2\/posts\/164362","targetHints":{"allow":["GET"]}}],"collection":[{"href":"https:\/\/www.europesays.com\/lt\/wp-json\/wp\/v2\/posts"}],"about":[{"href":"https:\/\/www.europesays.com\/lt\/wp-json\/wp\/v2\/types\/post"}],"author":[{"embeddable":true,"href":"https:\/\/www.europesays.com\/lt\/wp-json\/wp\/v2\/users\/2"}],"replies":[{"embeddable":true,"href":"https:\/\/www.europesays.com\/lt\/wp-json\/wp\/v2\/comments?post=164362"}],"version-history":[{"count":0,"href":"https:\/\/www.europesays.com\/lt\/wp-json\/wp\/v2\/posts\/164362\/revisions"}],"wp:featuredmedia":[{"embeddable":true,"href":"https:\/\/www.europesays.com\/lt\/wp-json\/wp\/v2\/media\/164363"}],"wp:attachment":[{"href":"https:\/\/www.europesays.com\/lt\/wp-json\/wp\/v2\/media?parent=164362"}],"wp:term":[{"taxonomy":"category","embeddable":true,"href":"https:\/\/www.europesays.com\/lt\/wp-json\/wp\/v2\/categories?post=164362"},{"taxonomy":"post_tag","embeddable":true,"href":"https:\/\/www.europesays.com\/lt\/wp-json\/wp\/v2\/tags?post=164362"}],"curies":[{"name":"wp","href":"https:\/\/api.w.org\/{rel}","templated":true}]}}