{"id":164890,"date":"2026-04-29T02:36:11","date_gmt":"2026-04-29T02:36:11","guid":{"rendered":"https:\/\/www.europesays.com\/lt\/164890\/"},"modified":"2026-04-29T02:36:11","modified_gmt":"2026-04-29T02:36:11","slug":"jav-pajegos-isilaipino-i-laiva-itariama-plaukus-i-irano-uosta","status":"publish","type":"post","link":"https:\/\/www.europesays.com\/lt\/164890\/","title":{"rendered":"JAV paj\u0117gos \u012fsilaipino \u012f laiv\u0105, \u012ftariam\u0105 plaukus \u012f Irano uost\u0105"},"content":{"rendered":"<p><a rel=\"noopener nofollow\" target=\"_blank\" href=\"https:\/\/www.delfi.lt\/temos\/jav\" tag-id=\"39295467\">JAV<\/a> paj\u0117gos paleido laiv\u0105 \u201eM\/V Blue Star III\u201c, prie\u0161 tai \u201esurengusios krat\u0105 ir patvirtinusios, kad \u012f laivo kelion\u0119 nebus \u012ftrauktas \u012fplaukimas \u012f <a rel=\"noopener nofollow\" target=\"_blank\" href=\"https:\/\/www.delfi.lt\/temos\/iranas\" tag-id=\"51347403\">Irano<\/a> uost\u0105\u201c, \u2013 platformoje \u201eX\u201c paskelbtame \u012fra\u0161e parei\u0161k\u0117 Centrin\u0117 vadaviet\u0117, kuri yra atsakinga u\u017e Amerikos paj\u0117gas Artimuosiuose Rytuose.<\/p>\n<p>\u201eAmerikos paj\u0117gos toliau veikia ir vykdo blokad\u0105 Artimuosiuose Rytuose. Siekiant u\u017etikrinti laikym\u0105si, iki \u0161iol nukreipti 39 laivai\u201c, \u2013 prid\u016br\u0117 karin\u0117 vadaviet\u0117.<\/p>\n<p>Prie \u012fra\u0161o buvo prid\u0117tas vaizdo \u012fra\u0161as, kuriame matyti, kaip vir\u0161 laivo kybo sraigtasparnis, o j\u016br\u0173 p\u0117stininkai virv\u0117mis leid\u017eiasi ant jo denyje sukraut\u0173 konteineri\u0173.<\/p>\n<p>Teherano paj\u0117gos i\u0161 esm\u0117s u\u017edar\u0117 naftos ir duj\u0173 krovini\u0173 gabenimui gyvybi\u0161kai svarb\u0173 Hormuzo s\u0105siaur\u012f, kai vasario 28 d. prasid\u0117jo JAV ir Izraelio oro kampanija prie\u0161 Iran\u0105.<\/p>\n<p>Jungtin\u0117s Valstijos apie Irano uost\u0173 blokad\u0105 paskelb\u0117 po to, kai per taikos derybas Pakistane nepavyko pasiekti prover\u017eio, o j\u0105 vykdyti prad\u0117jo baland\u017eio 13 d.<\/p>\n<p>Pentagono vadovas Pete\u2018as Hegsethas anks\u010diau \u0161\u012f m\u0117nes\u012f \u017eurnalistams sak\u0117, kad blokada t\u0119sis \u201etiek, kiek reik\u0117s\u201c, o JAV Jungtinio \u0161tab\u0173 vad\u0173 komiteto pirmininkas generolas Danas Caine\u2018as savo ruo\u017etu pa\u017eym\u0117jo, jog ji \u201etaikoma visiems <a rel=\"noopener nofollow\" target=\"_blank\" href=\"https:\/\/www.delfi.lt\/temos\/laivas\" tag-id=\"39496289\">laivams<\/a>, nepriklausomai nuo j\u0173 \u0161alies, plaukiantiems \u012f Irano uostus arba i\u0161 j\u0173\u201c.<\/p>\n","protected":false},"excerpt":{"rendered":"JAV paj\u0117gos paleido laiv\u0105 \u201eM\/V Blue Star III\u201c, prie\u0161 tai \u201esurengusios krat\u0105 ir patvirtinusios, kad \u012f laivo kelion\u0119&hellip;\n","protected":false},"author":2,"featured_media":164891,"comment_status":"","ping_status":"","sticky":false,"template":"","format":"standard","meta":{"footnotes":"","_share_on_mastodon":"0"},"categories":[15],"tags":[25,30,31,3346,34,35,24,79,223,3561,32,33,37,39,36,38,40,23,22,44,28,29,26,27,74,75,76],"class_list":["post-164890","post","type-post","status-publish","format-standard","has-post-thumbnail","category-pasaulis","tag-antrastes","tag-breaking-news","tag-breakingnews","tag-elta-uzsienio-naujiena","tag-featured-news","tag-featurednews","tag-headlines","tag-iranas","tag-jav","tag-laivas","tag-latest-news","tag-latestnews","tag-lietuva","tag-lietuviu","tag-lithuania","tag-lithuanian","tag-lt","tag-naujienos","tag-news","tag-pasaulis","tag-populiariausios-naujienos","tag-populiariausiosnaujienos","tag-top-stories","tag-topstories","tag-world","tag-world-news","tag-worldnews"],"share_on_mastodon":{"url":"https:\/\/pubeurope.com\/@lt\/116485670978896566","error":""},"_links":{"self":[{"href":"https:\/\/www.europesays.com\/lt\/wp-json\/wp\/v2\/posts\/164890","targetHints":{"allow":["GET"]}}],"collection":[{"href":"https:\/\/www.europesays.com\/lt\/wp-json\/wp\/v2\/posts"}],"about":[{"href":"https:\/\/www.europesays.com\/lt\/wp-json\/wp\/v2\/types\/post"}],"author":[{"embeddable":true,"href":"https:\/\/www.europesays.com\/lt\/wp-json\/wp\/v2\/users\/2"}],"replies":[{"embeddable":true,"href":"https:\/\/www.europesays.com\/lt\/wp-json\/wp\/v2\/comments?post=164890"}],"version-history":[{"count":0,"href":"https:\/\/www.europesays.com\/lt\/wp-json\/wp\/v2\/posts\/164890\/revisions"}],"wp:featuredmedia":[{"embeddable":true,"href":"https:\/\/www.europesays.com\/lt\/wp-json\/wp\/v2\/media\/164891"}],"wp:attachment":[{"href":"https:\/\/www.europesays.com\/lt\/wp-json\/wp\/v2\/media?parent=164890"}],"wp:term":[{"taxonomy":"category","embeddable":true,"href":"https:\/\/www.europesays.com\/lt\/wp-json\/wp\/v2\/categories?post=164890"},{"taxonomy":"post_tag","embeddable":true,"href":"https:\/\/www.europesays.com\/lt\/wp-json\/wp\/v2\/tags?post=164890"}],"curies":[{"name":"wp","href":"https:\/\/api.w.org\/{rel}","templated":true}]}}