{"id":165247,"date":"2026-04-29T10:46:08","date_gmt":"2026-04-29T10:46:08","guid":{"rendered":"https:\/\/www.europesays.com\/lt\/165247\/"},"modified":"2026-04-29T10:46:08","modified_gmt":"2026-04-29T10:46:08","slug":"izraelio-kariai-vakaru-krante-nusove-palestinieti","status":"publish","type":"post","link":"https:\/\/www.europesays.com\/lt\/165247\/","title":{"rendered":"Izraelio kariai Vakar\u0173 Krante nu\u0161ov\u0117 palestiniet\u012f"},"content":{"rendered":"<p>Palestinie\u010di\u0173 sveikatos ministerija patvirtino 37 met\u0173 vyro mirt\u012f per incident\u0105. Palestinie\u010di\u0173 prane\u0161imais, Izraelio kariai at\u0117jo \u012f nu\u017eudytojo namus, kod\u0117l \u2013 kol kas n\u0117ra ai\u0161ku. \u201eThe Times of Israel\u201c ra\u0161\u0117, kad vienas palestinietis d\u016br\u0117 karams, o kitas kitaip juos fizi\u0161kai puol\u0117. Nepriklausomai patikrinti \u0161i\u0173 duomen\u0173 n\u0117ra galimyb\u0117s.<\/p>\n<p>Po islamistin\u0117s palestinie\u010di\u0173 organizacijos \u201e<a rel=\"noopener nofollow\" target=\"_blank\" href=\"https:\/\/www.delfi.lt\/temos\/hamas\" tag-id=\"52951645\">Hamas<\/a>\u201c atakos prie\u0161 Izrael\u012f 2023 m. spalio 7 d. ir tada kilusio Gazos karo smurtas smarkiai i\u0161augo ir Vakar\u0173 Krante. Nuo tada \u010dia, palestinie\u010di\u0173 sveikatos ministerijos duomenimis, per Izraelio karines operacijas, ginkluotus susir\u0117mimus ir i\u0161puolius \u017euvo 1\u00a0073 palestinie\u010diai. Kartu fiksuojama daugiau radikali\u0173 Izraelio naujakuri\u0173 smurto prie\u0161 palestinie\u010dius.<\/p>\n","protected":false},"excerpt":{"rendered":"Palestinie\u010di\u0173 sveikatos ministerija patvirtino 37 met\u0173 vyro mirt\u012f per incident\u0105. Palestinie\u010di\u0173 prane\u0161imais, Izraelio kariai at\u0117jo \u012f nu\u017eudytojo namus,&hellip;\n","protected":false},"author":2,"featured_media":165248,"comment_status":"","ping_status":"","sticky":false,"template":"","format":"standard","meta":{"footnotes":"","_share_on_mastodon":"0"},"categories":[15],"tags":[25,30,31,3346,34,35,805,24,32,33,37,39,36,38,40,23,22,44,28,29,26,27,74,75,76],"class_list":["post-165247","post","type-post","status-publish","format-standard","has-post-thumbnail","category-pasaulis","tag-antrastes","tag-breaking-news","tag-breakingnews","tag-elta-uzsienio-naujiena","tag-featured-news","tag-featurednews","tag-hamas","tag-headlines","tag-latest-news","tag-latestnews","tag-lietuva","tag-lietuviu","tag-lithuania","tag-lithuanian","tag-lt","tag-naujienos","tag-news","tag-pasaulis","tag-populiariausios-naujienos","tag-populiariausiosnaujienos","tag-top-stories","tag-topstories","tag-world","tag-world-news","tag-worldnews"],"share_on_mastodon":{"url":"https:\/\/pubeurope.com\/@lt\/116487597729357616","error":""},"_links":{"self":[{"href":"https:\/\/www.europesays.com\/lt\/wp-json\/wp\/v2\/posts\/165247","targetHints":{"allow":["GET"]}}],"collection":[{"href":"https:\/\/www.europesays.com\/lt\/wp-json\/wp\/v2\/posts"}],"about":[{"href":"https:\/\/www.europesays.com\/lt\/wp-json\/wp\/v2\/types\/post"}],"author":[{"embeddable":true,"href":"https:\/\/www.europesays.com\/lt\/wp-json\/wp\/v2\/users\/2"}],"replies":[{"embeddable":true,"href":"https:\/\/www.europesays.com\/lt\/wp-json\/wp\/v2\/comments?post=165247"}],"version-history":[{"count":0,"href":"https:\/\/www.europesays.com\/lt\/wp-json\/wp\/v2\/posts\/165247\/revisions"}],"wp:featuredmedia":[{"embeddable":true,"href":"https:\/\/www.europesays.com\/lt\/wp-json\/wp\/v2\/media\/165248"}],"wp:attachment":[{"href":"https:\/\/www.europesays.com\/lt\/wp-json\/wp\/v2\/media?parent=165247"}],"wp:term":[{"taxonomy":"category","embeddable":true,"href":"https:\/\/www.europesays.com\/lt\/wp-json\/wp\/v2\/categories?post=165247"},{"taxonomy":"post_tag","embeddable":true,"href":"https:\/\/www.europesays.com\/lt\/wp-json\/wp\/v2\/tags?post=165247"}],"curies":[{"name":"wp","href":"https:\/\/api.w.org\/{rel}","templated":true}]}}