{"id":165442,"date":"2026-04-29T14:13:36","date_gmt":"2026-04-29T14:13:36","guid":{"rendered":"https:\/\/www.europesays.com\/lt\/165442\/"},"modified":"2026-04-29T14:13:36","modified_gmt":"2026-04-29T14:13:36","slug":"mindaugo-iki-griaus-vietoj-jo-naujas-daugiabuciu-kvartalas-vaizdiniai","status":"publish","type":"post","link":"https:\/\/www.europesays.com\/lt\/165442\/","title":{"rendered":"Mindaugo IKI griaus, vietoj jo \u2013 naujas daugiabu\u010di\u0173 kvartalas (vaizdiniai)"},"content":{"rendered":"<p>2024-\u0173j\u0173 met\u0173 pabaigoje <a href=\"https:\/\/madeinvilnius.lt\/verslas\/statybos-vilniuje\/prognozes-pildosi-griaus-mindaugo-iki-prekybos\/\" rel=\"nofollow noopener\" target=\"_blank\">ra\u0161\u0117me<\/a> apie vie\u0161\u0105j\u012f projektini\u0173 si\u016blym\u0173 aptarim\u0105, kuriame pristatytas naujas daugiabu\u010di\u0173 kvartalas. Min\u0117tasis kvartalas tur\u0117t\u0173 i\u0161kilti vietoje Naujamies\u010dio IKI, kuri \u012fsik\u016brusi adresu Mindaugo g. 25. UAB \u201e313 architects\u201c parengti projektiniai si\u016blymai t\u0105syk aptarti, ta\u010diau projekt\u0105 vertinusi komisija tur\u0117jo pastat\u0173. Gegu\u017e\u0117s 18-\u0105j\u0105 \u012fvyks pakartotinis atnaujint\u0173 projektini\u0173 si\u016blym\u0173 vie\u0161asis svarstymas.<\/p>\n<p>Kvartalo pirmame \u012fsikurs prekybos tinklas \u2013 grei\u010diausiai IKI<\/p>\n<p>Vis d\u0117lto prekybos centras \u0161ioje vietoje neveiks laikinai, kol vyks statybos. \u012egyvendinus projekt\u0105, pirmajame auk\u0161te numatoma erdv\u0117 dideliam prekybos centrui. Pana\u0161u, kad iki \u012f \u0161i\u0105 viet\u0105 sugr\u012f\u0161 atsinaujin\u0119s ma\u017emenin\u0117s prekybos tinklas IKI.<\/p>\n<p>\u201eProjektuojamas <a style=\"font-weight:bold;\" href=\"https:\/\/madeinvilnius.lt\/tema\/daugiabuciai-vilniule\/\" target=\"_blank\" rel=\"nofollow noopener\">daugiabutis<\/a> gyvenamasis pastatas su komercija pirmame auk\u0161te. Komercija i\u0161d\u0117stoma gatvi\u0173 perimetru. \u010cia numatomos auk\u0161tos (6m), kvie\u010dian\u010dios u\u017eeiti patalpos. Sukuriama galimyb\u0117 \u012fsikurti \u012fvairaus dyd\u017eio visuomenin\u0117ms ir komercin\u0117ms funkcijoms, taip funkci\u0161kai praturtinama ir gatv\u0117s erdv\u0117. Pirmo auk\u0161to fasadai \u012ftraukiami \u2013 sukuriama vieta lauko kavini\u0173 staliukams. Gyvenamosios patalpos 1-8 auk\u0161tuose. Gyventojams, kuriama u\u017edaras vidinis kiemas, i\u0161 kurio gyventojai gali patekti \u012f savo laiptines ir butus. Ai\u0161kiai atskiriamos komercin\u0117 ir gyvenamoji funkcijos, taip u\u017etikrinant privatum\u0105 ir ramyb\u0119 gyventojams. Projektuojamas pastatas yra mi\u0161raus tipo namas, gyventoj\u0173 automobili\u0173 gara\u017eas projektuojamas atskiras be p\u0117s\u010di\u0173j\u0173 ir automobili\u0173 jungties su kitu gara\u017eu ir kita negyvenamosios paskirties pastato dalimi.<\/p>\n<p>Projektuojami du po\u017eeminiai automobili\u0173 stov\u0117jimo aik\u0161teli\u0173 auk\u0161tai: -1 skiriamas komercijai, -2 gyventojams\u201c, \u2013 apie pastato funkcin\u012f i\u0161planavim\u0105 ra\u0161oma projektiniuose si\u016blymuose.<\/p>\n<p>Vilniaus regionin\u0117s architekt\u016bros tarybos pastabos<\/p>\n<p>Projektiniuose pasi\u016blymuose nurodoma, kad projektas 2024-\u0173j\u0173 spalio 30-\u0105j\u0105 pirm\u0105 kart\u0105 buvo pristatytas Vilniaus regioninei architekt\u016bros tarybai (VRAT). Po vie\u0161\u0173 svarstym\u0173 buvo gautos i\u0161vados ir rekomendacijos.<\/p>\n<p>2024-10-30: VRAT i\u0161vados:<\/p>\n<p>1. Pasi\u016blyta \u0161iuo metu nesuformuot\u0105 kvartalo kamp\u0105 formuoti perimetriniu u\u017estatymu.<\/p>\n<p>2. Projekto sprendiniuose formuojamas kampas i\u0161kyla pernelyg didele mase ir savo masteliu disponuoja su aplinkiniu u\u017estatymu.<\/p>\n<p>3. Architekt\u016brin\u0117je rai\u0161koje si\u016blomas t\u016bri\u0173 skaidymo, med\u017eiag\u0173 ir spalv\u0173 gausumas kuria \u201evizualin\u012f triuk\u0161m\u0105\u201c, tod\u0117l vientisa architekt\u016brin\u0117 id\u0117ja yra \u201eneperskaitoma\u201c.<\/p>\n<p>4. Projekte numatyta gyvenamosios dalies bendrabu\u010dio tipo koridorin\u0117 sistema neatitinka \u0161ios centrin\u0117s miesto zonos galimo komforto lygio. Taip pat si\u016bloma planin\u0117 strukt\u016bra prie\u0161tarauja t\u016brinei erdvinei pastato kompozicijai (nors pastatas skaidomas segmentais, ta\u010diau jo viduje yra vientisa strukt\u016bra).<\/p>\n<p>2024-10-30: VRAT rekomendacijos:<\/p>\n<p>1. Projekto autoriai turi per\u017ei\u016br\u0117ti ir pagr\u012fsti projekto atitikim\u0105 teritorij\u0173 planavimo dokumentams.<\/p>\n<p>2. Atsi\u017evelgiant \u012f suformuluotas i\u0161vadas, rekomenduojama projekt\u0105 tobulinti ir dar kart\u0105 teikti svarstymui Taryboje.<\/p>\n<p>Projektas pakartotinai buvo pristatytas Vilniaus regioninei architekt\u016bros tarybai 2025-\u0173j\u0173 bir\u017eelio 11 d. Buvo gauta teigiama i\u0161vada, kad projektuotojai tinkamai atliep\u0117 min\u0117tas pastabas ir si\u016blymus. Tik\u0117tina, kad vie\u0161asis svarstymas gegu\u017e\u0117s 18 dien\u0105 bus paskutinis prie\u0161 rengiant technin\u012f plan\u0105.<\/p>\n<p>Kas pakito projektiniuose si\u016blymuose?<\/p>\n<p>Atnaujintuose projektiniuose si\u016blymuose padidintas sklypo ap\u017eeldinimas nuo 30 procent\u0173 iki 35 procent\u0173. Suma\u017eintas ir kvartalo bendrasis plotas nuo 33600m2 iki 26456,93m2. Suma\u017eintas ir but\u0173 kiekis iki 249 (buvo 282), iki 261vnt. (buvo 340vnt.) suma\u017eintas ir parkavimo viet\u0173 kiekis. Dvira\u010di\u0173 stov\u0117jimo viet\u0173 skai\u010dius 64 vnt. (buvo 78 vnt.).<\/p>\n<p>Daugiabutyje planuojama \u012frengti 249 butus: 4 vnt. vieno kambario, 171 vnt. \u2013 dviej\u0173, 62 \u2013 trij\u0173 ir 12 keturi\u0173 kambari\u0173. Pirmame auk\u0161te numatomos 1426,78m2 ploto komercin\u0117s patalpos, kuriose grei\u010diausiai \u012fsikurs ma\u017emenin\u0117s prekybos tinklo IKI parduotuv\u0117.<\/p>\n<p>Projekto techniniai parametrai<\/p>\n<ul class=\"wp-block-list\">\n<li>Planuojamo objekto adresas \u2013 Mindaugo g. 25, <a style=\"font-weight:bold;\" href=\"https:\/\/madeinvilnius.lt\/tema\/naujamiestis\/\" target=\"_blank\" rel=\"nofollow noopener\">Naujamiestis<\/a>;<\/li>\n<li>Sklypo plotas \u2013 8 000 m2;<\/li>\n<li>Ap\u017eeldintas sklypo plotas \u2013 2 800 m2 (35% sklypo ploto);<\/li>\n<li>Pastato bendras plotas \u2013 26\u00a0456,93 m2:\n<ul>\n<li>Ant\u017eeminis plotas \u2013 16\u00a0372,34 m2:<\/li>\n<\/ul>\n<ul class=\"wp-block-list\">\n<li>Po\u017eeminis plotas \u2013 10 084,59 m2:\n<ul class=\"wp-block-list\">\n<li>Automobili\u0173 saugyklos \u2013 9\u00a0627,94 m2;<\/li>\n<\/ul>\n<\/li>\n<\/ul>\n<\/li>\n<li>Statinio auk\u0161tis \u2013 iki 8 auk\u0161t\u0173 (iki 31,43m auk\u0161\u010dio);<\/li>\n<li>Pastato energetinio efektyvumo klas\u0117 \u2013 A++;<\/li>\n<li>But\u0173 kiekis \u2013 249 vnt.:\n<ul>\n<li>vieno kambario \u2013 4 vnt.;<\/li>\n<\/ul>\n<ul>\n<li>dviej\u0173 kambari\u0173 \u2013 171 vnt.;<\/li>\n<\/ul>\n<ul>\n<li>trij\u0173 kambari\u0173 \u2013 62 vnt.;<\/li>\n<\/ul>\n<ul class=\"wp-block-list\">\n<li>keturi\u0173 kambari\u0173 \u2013 12 vnt.;<\/li>\n<\/ul>\n<\/li>\n<li>Automobili\u0173 parkavimo viet\u0173 skai\u010dius \u2013 261 vnt. (po\u017eeminis parkavimas: parduotuv\u0117s lankytojams ir gyventojams):\n<ul>\n<li>elektromobiliams \u2013 55 vnt.;<\/li>\n<\/ul>\n<ul>\n<li>ne\u012fgali\u0173j\u0173 automobili\u0173 automobili\u0173 stov\u0117jimo vietos \u2013 13 vnt.;<\/li>\n<\/ul>\n<ul class=\"wp-block-list\">\n<li>standartin\u0117s parkavimo vietos \u2013 193 vnt.;<\/li>\n<\/ul>\n<\/li>\n<li>Dvira\u010di\u0173 stov\u0117jimo viet\u0173 skai\u010dius \u2013 64 vnt.:\n<ul>\n<li>parduotuv\u0117s lankytojams \u2013 14 vnt.;<\/li>\n<\/ul>\n<\/li>\n<li>Vaik\u0173 \u017eaidimo aik\u0161tel\u0117 \u2013 252,12 m2;<\/li>\n<li>Projekto vystytojas\/u\u017esakovas \u2013 UAB \u201eM25 Invest\u201c;<\/li>\n<li>Projektinius si\u016blymus ruo\u0161\u0117 UAB \u201e313 architects\u201c, projekto vadovas Justinas \u017dalys;<\/li>\n<\/ul>\n<p><a href=\"https:\/\/madeinvilnius.lt\/wp-content\/uploads\/2026\/04\/screenshot-2026-04-26-at-23-55-56-scaled.jpg\" rel=\"nofollow noopener\" target=\"_blank\"><img loading=\"lazy\" decoding=\"async\" width=\"1024\" height=\"587\" data-id=\"346904\" src=\"https:\/\/www.europesays.com\/lt\/wp-content\/uploads\/2026\/04\/screenshot-2026-04-26-at-23-55-56-1024x587.jpg\" alt=\"\" class=\"wp-image-346904\"\/><\/a><a href=\"https:\/\/madeinvilnius.lt\/wp-content\/uploads\/2026\/04\/screenshot-2026-04-26-at-23-56-13-scaled.jpg\" rel=\"nofollow noopener\" target=\"_blank\"><img loading=\"lazy\" decoding=\"async\" width=\"1024\" height=\"623\" data-id=\"346910\" src=\"https:\/\/www.europesays.com\/lt\/wp-content\/uploads\/2026\/04\/screenshot-2026-04-26-at-23-56-13-1024x623.jpg\" alt=\"\" class=\"wp-image-346910\"\/><\/a><a href=\"https:\/\/madeinvilnius.lt\/wp-content\/uploads\/2026\/04\/screenshot-2026-04-26-at-23-56-25-scaled.jpg\" rel=\"nofollow noopener\" target=\"_blank\"><img loading=\"lazy\" decoding=\"async\" width=\"1024\" height=\"618\" data-id=\"346900\" src=\"https:\/\/www.europesays.com\/lt\/wp-content\/uploads\/2026\/04\/screenshot-2026-04-26-at-23-56-25-1024x618.jpg\" alt=\"\" class=\"wp-image-346900\"\/><\/a><a href=\"https:\/\/madeinvilnius.lt\/wp-content\/uploads\/2026\/04\/screenshot-2026-04-26-at-23-56-37-scaled.jpg\" rel=\"nofollow noopener\" target=\"_blank\"><img loading=\"lazy\" decoding=\"async\" width=\"1024\" height=\"602\" data-id=\"346898\" src=\"https:\/\/www.europesays.com\/lt\/wp-content\/uploads\/2026\/04\/screenshot-2026-04-26-at-23-56-37-1024x602.jpg\" alt=\"\" class=\"wp-image-346898\"\/><\/a><a href=\"https:\/\/madeinvilnius.lt\/wp-content\/uploads\/2026\/04\/screenshot-2026-04-26-at-23-56-50-scaled.jpg\" rel=\"nofollow noopener\" target=\"_blank\"><img loading=\"lazy\" decoding=\"async\" width=\"1024\" height=\"579\" data-id=\"346896\" src=\"https:\/\/www.europesays.com\/lt\/wp-content\/uploads\/2026\/04\/screenshot-2026-04-26-at-23-56-50-1024x579.jpg\" alt=\"\" class=\"wp-image-346896\"\/><\/a><a href=\"https:\/\/madeinvilnius.lt\/wp-content\/uploads\/2026\/04\/screenshot-2026-04-26-at-23-57-02-scaled.jpg\" rel=\"nofollow noopener\" target=\"_blank\"><img loading=\"lazy\" decoding=\"async\" width=\"1024\" height=\"609\" data-id=\"346902\" src=\"https:\/\/www.europesays.com\/lt\/wp-content\/uploads\/2026\/04\/screenshot-2026-04-26-at-23-57-02-1024x609.jpg\" alt=\"\" class=\"wp-image-346902\"\/><\/a><a href=\"https:\/\/madeinvilnius.lt\/wp-content\/uploads\/2026\/04\/screenshot-2026-04-26-at-23-57-14-scaled.jpg\" rel=\"nofollow noopener\" target=\"_blank\"><img loading=\"lazy\" decoding=\"async\" width=\"1024\" height=\"619\" data-id=\"346894\" src=\"https:\/\/www.europesays.com\/lt\/wp-content\/uploads\/2026\/04\/screenshot-2026-04-26-at-23-57-14-1024x619.jpg\" alt=\"\" class=\"wp-image-346894\"\/><\/a><a href=\"https:\/\/madeinvilnius.lt\/wp-content\/uploads\/2026\/04\/screenshot-2026-04-26-at-23-57-23-scaled.jpg\" rel=\"nofollow noopener\" target=\"_blank\"><img loading=\"lazy\" decoding=\"async\" width=\"1024\" height=\"591\" data-id=\"346908\" src=\"https:\/\/www.europesays.com\/lt\/wp-content\/uploads\/2026\/04\/screenshot-2026-04-26-at-23-57-23-1024x591.jpg\" alt=\"\" class=\"wp-image-346908\"\/><\/a><a href=\"https:\/\/madeinvilnius.lt\/wp-content\/uploads\/2026\/04\/screenshot-2026-04-26-at-23-57-37-scaled.jpg\" rel=\"nofollow noopener\" target=\"_blank\"><img loading=\"lazy\" decoding=\"async\" width=\"1024\" height=\"615\" data-id=\"346912\" src=\"https:\/\/www.europesays.com\/lt\/wp-content\/uploads\/2026\/04\/screenshot-2026-04-26-at-23-57-37-1024x615.jpg\" alt=\"\" class=\"wp-image-346912\"\/><\/a><a href=\"https:\/\/madeinvilnius.lt\/wp-content\/uploads\/2026\/04\/screenshot-2026-04-26-at-23-57-49-scaled.jpg\" rel=\"nofollow noopener\" target=\"_blank\"><img loading=\"lazy\" decoding=\"async\" width=\"1024\" height=\"621\" data-id=\"346906\" src=\"https:\/\/www.europesays.com\/lt\/wp-content\/uploads\/2026\/04\/screenshot-2026-04-26-at-23-57-49-1024x621.jpg\" alt=\"\" class=\"wp-image-346906\"\/><\/a><a href=\"https:\/\/madeinvilnius.lt\/wp-content\/uploads\/2026\/04\/screenshot-2026-04-25-at-23-53-52.png\" rel=\"nofollow noopener\" target=\"_blank\"><img loading=\"lazy\" decoding=\"async\" width=\"1024\" height=\"871\" data-id=\"346914\" src=\"https:\/\/www.europesays.com\/lt\/wp-content\/uploads\/2026\/04\/screenshot-2026-04-25-at-23-53-52-1024x871.png\" alt=\"\" class=\"wp-image-346914\"\/><\/a>Vie\u0161as svarstymas<\/p>\n<p>Visuomen\u0117s atstovai iki gegu\u017e\u0117s 18-osios savo pasi\u016blymus gali teikti elektroniniu pa\u0161tu <a href=\"https:\/\/madeinvilnius.lt\/cdn-cgi\/l\/email-protection\" class=\"__cf_email__\" data-cfemail=\"177d6d57242624397b63\" rel=\"nofollow noopener\" target=\"_blank\">[email\u00a0protected]<\/a>. Projektini\u0173 pasi\u016blym\u0173 vie\u0161as svarstymas vyks gegu\u017e\u0117s 18 d., 16:00 val., nuotolin\u0117s vaizdo transliacijos metu. Nuoroda \u012f transliacij\u0105 pateikiama <a href=\"https:\/\/313-146-pp.zoomtv.lt\/\" rel=\"nofollow noopener\" target=\"_blank\">\u010cIA<\/a>.<\/p>\n<p><a style=\"font-weight:bold;\" href=\"https:\/\/madeinvilnius.lt\/tema\/vilniaus-miesto-savivaldybe\/\" target=\"_blank\" rel=\"nofollow noopener\">Vilniaus miesto savivaldyb\u0117<\/a> taip pat informuoja, kad vie\u0161ai konsultacijai pristatomi projektai dar n\u0117ra sulauk\u0119 savivaldyb\u0117s pritarimo \u2013 specialistai sprendim\u0105 priima \u012fvertin\u0119 ne tik projekto sprendinius, bet ir visuomen\u0117s pastabas.<\/p>\n<p>MadeinVilnius.lt informacij\u0105 skelbti, cituoti ar kitaip atgaminti visuomen\u0117s informavimo priemon\u0117se bei interneto tinklalapiuose be ra\u0161ti\u0161ko UAB \u201eNaujosios medijos grup\u0117s\u201c sutikimo neleid\u017eiama.<img decoding=\"async\" class=\"wp-image-10416 alignright\" src=\"https:\/\/www.europesays.com\/lt\/wp-content\/uploads\/2026\/03\/Made-In-Vilnius-main-RGB-e1665487819114.png\" alt=\"MadeinVilnius.lt\" width=\"100\" style=\"margin-right: 20px\"\/><\/p>\n","protected":false},"excerpt":{"rendered":"2024-\u0173j\u0173 met\u0173 pabaigoje ra\u0161\u0117me apie vie\u0161\u0105j\u012f projektini\u0173 si\u016blym\u0173 aptarim\u0105, kuriame pristatytas naujas daugiabu\u010di\u0173 kvartalas. Min\u0117tasis kvartalas tur\u0117t\u0173 i\u0161kilti&hellip;\n","protected":false},"author":2,"featured_media":165443,"comment_status":"","ping_status":"","sticky":false,"template":"","format":"standard","meta":{"footnotes":"","_share_on_mastodon":"0"},"categories":[13],"tags":[25,30,31,34,35,24,2742,32,33,37,39,36,38,40,1774,16589,65,23,22,28,29,26,27],"class_list":["post-165442","post","type-post","status-publish","format-standard","has-post-thumbnail","category-lietuva","tag-antrastes","tag-breaking-news","tag-breakingnews","tag-featured-news","tag-featurednews","tag-headlines","tag-iki","tag-latest-news","tag-latestnews","tag-lietuva","tag-lietuviu","tag-lithuania","tag-lithuanian","tag-lt","tag-madeinvilnius","tag-mindaugo-gatve","tag-naujiena","tag-naujienos","tag-news","tag-populiariausios-naujienos","tag-populiariausiosnaujienos","tag-top-stories","tag-topstories"],"share_on_mastodon":{"url":"https:\/\/pubeurope.com\/@lt\/116488412250117761","error":""},"_links":{"self":[{"href":"https:\/\/www.europesays.com\/lt\/wp-json\/wp\/v2\/posts\/165442","targetHints":{"allow":["GET"]}}],"collection":[{"href":"https:\/\/www.europesays.com\/lt\/wp-json\/wp\/v2\/posts"}],"about":[{"href":"https:\/\/www.europesays.com\/lt\/wp-json\/wp\/v2\/types\/post"}],"author":[{"embeddable":true,"href":"https:\/\/www.europesays.com\/lt\/wp-json\/wp\/v2\/users\/2"}],"replies":[{"embeddable":true,"href":"https:\/\/www.europesays.com\/lt\/wp-json\/wp\/v2\/comments?post=165442"}],"version-history":[{"count":0,"href":"https:\/\/www.europesays.com\/lt\/wp-json\/wp\/v2\/posts\/165442\/revisions"}],"wp:featuredmedia":[{"embeddable":true,"href":"https:\/\/www.europesays.com\/lt\/wp-json\/wp\/v2\/media\/165443"}],"wp:attachment":[{"href":"https:\/\/www.europesays.com\/lt\/wp-json\/wp\/v2\/media?parent=165442"}],"wp:term":[{"taxonomy":"category","embeddable":true,"href":"https:\/\/www.europesays.com\/lt\/wp-json\/wp\/v2\/categories?post=165442"},{"taxonomy":"post_tag","embeddable":true,"href":"https:\/\/www.europesays.com\/lt\/wp-json\/wp\/v2\/tags?post=165442"}],"curies":[{"name":"wp","href":"https:\/\/api.w.org\/{rel}","templated":true}]}}