{"id":165450,"date":"2026-04-29T14:19:31","date_gmt":"2026-04-29T14:19:31","guid":{"rendered":"https:\/\/www.europesays.com\/lt\/165450\/"},"modified":"2026-04-29T14:19:31","modified_gmt":"2026-04-29T14:19:31","slug":"zemaitaitis-pasiaiskino-del-perkurto-plakato-su-falu","status":"publish","type":"post","link":"https:\/\/www.europesays.com\/lt\/165450\/","title":{"rendered":"\u017demaitaitis pasiai\u0161kino d\u0117l perkurto plakato su falu"},"content":{"rendered":"<p>Tre\u010diadien\u012f \u201e\u017dini\u0173 radijo\u201c laidoje \u201ePozicija\u201c R. \u017demaitaitis buvo paklaustas apie savo \u012fra\u0161\u0105 feisbuke ir perkurt\u0105 plakat\u0105 \u201eRemyga bybys\u201c, kur\u012f neva ka\u017ekas atsine\u0161\u0117 \u012f protest\u0105 d\u0117l LRT \u012fstatymo pakeitim\u0173.<\/p>\n<p>Politikas apie visa tai kalb\u0117jo ne iki galo ai\u0161kiai: teig\u0117, kad ka\u017ekas kiti dalinosi plakat\u0173 i\u0161 protesto nuotraukomis ir kitais vaizdais feisbuke, o jis es\u0105 nusprend\u0117 visa tai perpublikuoti, apie kiekvien\u0105 nuotrauk\u0105 sukurti \u201epo lengv\u0105 apra\u0161ym\u0105\u201c.<\/p>\n<p>Taip politikas es\u0105 siek\u0117 sukelti diskusij\u0105 apie ribas ir paty\u010dias.<\/p>\n<p>Jis neig\u0117, kad pats perk\u016br\u0117 protesto plakat\u0105, tikino, kad j\u012f perkurt\u0105 rado pas ka\u017ek\u0105 feisbuko paskyrose.<\/p>\n<p>    <img decoding=\"async\" src=\"https:\/\/www.europesays.com\/lt\/wp-content\/uploads\/2026\/04\/1777472371_920_5d8eae48-5e21-4e83-b093-99caa0d8c684.jpg\" loading=\"lazy\" alt=\"Remigijus \u017demaitaitis\"\/>      <\/p>\n<p>\u201e\u0160itas \u012fvykis dar kart\u0105 parodo, kad pas juos rib\u0173 neb\u0117ra\u201c<\/p>\n<p>\u201eKadangi po mitingo t\u0173 plakat\u0173 buvo prifotografuota ir buvo pasklid\u0119 labai daug po feisbuk\u0105, mes pasidalinome kelet\u0105 \u017einom\u0173 \u017emoni\u0173 profilyje tomis nuotraukomis, pralauk\u0117me specialiai&#8230;<\/p>\n<p>A\u0161 pirma jo net nesid\u0117jau. Mes pasidalinome \u017einomais influenceriais, kurie susid\u0117jo nuotrauk\u0173 palet\u0119 ir mes specialiai padalinom. Palauk\u0117m mes tris dienas, matom, kad viskas tylu, ramu, ir dabar sakau davai pradedam daryt apie kiekvien\u0105 nuotrauk\u0105 po lengv\u0105 apra\u0161ym\u0105: tiek tos R. Mili\u016bt\u0117s fako rodym\u0105 visam Seimui, kur buvo, pasiunt\u0117, bus rytoj publikacija, pradedam rodyti apie V. Putin\u0105, pradedam rodyti apie kitus dalykus. Ir tada pam\u0117ginkime i\u0161kelti visuomenei diskusij\u0173 lauk\u0105, t\u0105 klausim\u0105, o kur yra riba tada, ar paty\u010dios tai yra galimos.<\/p>\n<p>Ir \u0161iandien tie patys kult\u016bros vertybininkai, kurie atstovauja laisvam \u017eod\u017eiui, generuoja, perdirbin\u0117ja nuotraukas ir feisbuke jas platina. Ir dabar jie patys suprato, kad prisidirbo, visuomen\u0117je pasklido \u0161itas dalykas, ir dabar jie ai\u0161kinasi, o tai kas suk\u016br\u0117 t\u0105 nuotrauk\u0105.<\/p>\n<p>Tai, sakau, j\u016bs pasi\u017ei\u016br\u0117kite \u0161e\u0161tadien\u012f penki\u0173 asmen\u0173 profilius, kuriuose ta nuotrauka buvo patalpinta. Ir j\u016bs u\u017eduokite klausim\u0105, gerbiamas influenceriau, kaip tavo nuotrauka atsirado tenais.<\/p>\n<p>Ir kai jie nurodys, kad suk\u016br\u0117 t\u0105 nuotrauk\u0105, tas \u017emogus, kuris pastoviai kovoja su manimi ir fotografuoja, tada jie supras, kad: bi\u010das, tu naudojiesi manimi ir t\u0105 reikia parodyti visuomenei.<\/p>\n<p>Ir jeigu mes visuomenei \u0161iandien\u0105 to neparodysim, tai visuomen\u0117 v\u0117l galvos, kad \u010dia ka\u017ekas ka\u017ek\u0105 daro, ka\u017ekas blogai, ka\u017ekas ten dar pana\u0161iai. Tai va. \u0160itas \u012fvykis dar kart\u0105 parodo, kad pas juos rib\u0173 neb\u0117ra, jie gali ty\u010diotis i\u0161 bet ko: i\u0161 prezidento, i\u0161 premjer\u0117s\u201c, \u2013 taip komentavo R. \u017demaitaitis.<\/p>\n<p>    <img decoding=\"async\" src=\"https:\/\/www.europesays.com\/lt\/wp-content\/uploads\/2026\/04\/97139dee-2b44-4d51-a372-fe002f507a98.jpg\" loading=\"lazy\" alt=\"Remigijus \u017demaitaitis\"\/>    <\/p>\n<p>Pa\u017eym\u0117jus, kad jis u\u017esipuol\u0117 \u017emog\u0173, kuris laik\u0117 plakat\u0105 jau su perdirbtu vaizdu, politikas reagavo, kad \u010dia \u2013 nebe jo reikalas. R. \u017demaitaitis ai\u0161kino, kad plakat\u0105 piliet\u0117s rankose perdirbo b\u016btent protesto \u0161alininkai.<\/p>\n<p>\u201eGerbiamasis, nebe mano reikalas. Ai\u0161kinkit\u0117s j\u016bs, gerbiamieji, kas suk\u016br\u0117 t\u0105 nuotrauk\u0105.<\/p>\n<p>Ir ta mergina, kuri laik\u0117 plakat\u0105 \u2013 vien\u0105 ar kit\u0105, \u2013 kai pamatys, kas jai suk\u016br\u0117 t\u0105 feikin\u0119 nuotrauk\u0105, jinai sakys: a\u0161 \u2013 viskas, nieko nebenoriu, gerbiamieji, nebenoriu jokio ry\u0161io tur\u0117ti su kult\u016brininkais. Nes j\u0173 bendruomen\u0117 t\u0105 padar\u0117. J\u016bs supraskit: ne Petras, ne Antanas, bet j\u0173 vidaus bendruomen\u0117 padar\u0117\u201c, \u2013 d\u0117st\u0117 Seimo narys.<\/p>\n<p>Feisbuke svarst\u0117, kiek \u201emergait\u0117s t\u0173 fal\u0173 atlaiko per par\u0105\u201c<\/p>\n<p>\u201eDelfi\u201c primena, kad po protesto d\u0117l LRT patais\u0173, pirmadien\u012f R. \u017demaitaitis savo feisbuko paskyroje pasidalino perkurto protesto plakato nuotrauka: neva plakate buvo para\u0161yta \u201eRemyga bybys\u201c.<\/p>\n<p>R. \u017demaitaitis apie tai ir apie vykus\u012f protest\u0105 taip pat i\u0161d\u0117st\u0117 savo mintis: jis teig\u0117, kad \u012f protest\u0105 atvyko fal\u0173 gyn\u0117jai, valstyb\u0117s perversmininkai, vertino, kad j\u0173 simbolis yra falas.<\/p>\n<p>Be kita ko, politikas, apeliuodamas \u012f piliet\u0119, kuri neva laik\u0117 plakat\u0105 \u201eRemyga bybys\u201c, pasidalino tokiu pasvarstymu: \u201eSmalsu darosi, kiek tos mergait\u0117s t\u0173 fal\u0173 atlaiko per par\u0105, kad joms tiek j\u0173 reikia.\u201c<\/p>\n<p>I\u0161 tikr\u0173j\u0173 originalus protesto plakatas atrod\u0117 visai kitaip. Jame pavaizduota, kaip R. \u017demaitaitis, atsis\u0117d\u0119s ant l\u0117ktuvo, kyla vir\u0161un, ant plakato para\u0161yti tokie \u017eod\u017eiai: \u201eAtsakomyb\u0117 vis dar pakeliui?\u201c<\/p>\n<p>Be to, plakato apa\u010dioje dar yra raudona juosta su \u017eod\u017eiais caution-fragile (atsargiai-trapu).<\/p>\n<p>Tikruoju plakato atvaizdu antradien\u012f feisbuke pasidalino \u017eurnalist\u0117 Rita Mili\u016bt\u0117.<\/p>\n<p>Davidonyt\u0117 i\u0161k\u0117l\u0117 klausimus socialdemokrat\u0173 lyderiams<\/p>\n<p>Antradien\u012f \u012f R. \u017demaitai\u010dio \u012fra\u0161\u0105 feisbuke sureagavo protest\u0105 organizavusios \u017durnalist\u0173 profesional\u0173 asociacijos pirminink\u0117 Birut\u0117 Davidonyt\u0117. Ji atkreip\u0117 d\u0117mes\u012f \u012f tai, kad politikas savo paskyroje \u201e\u0161lyk\u0161\u010diausiais \u017eod\u017eiais su seksualin\u0117m replikom apderg\u0117 konkre\u010di\u0105 mergin\u0105, Lietuvos piliet\u0119\u201c, ir komentaruose po \u012fra\u0161u feisbuke leido dergtis savo auditorijai.<\/p>\n<p>O mergina, B. Davidonyt\u0117s \u017einiomis, i\u0161sigando d\u0117l savo saugumo.<\/p>\n<p>    <img decoding=\"async\" src=\"https:\/\/www.europesays.com\/lt\/wp-content\/uploads\/2026\/04\/c73480bf-aaba-4159-93eb-9a2fe59f5431.jpg\" loading=\"lazy\" alt=\"Birut\u0117 Davidonyt\u0117\"\/>    <\/p>\n<p>Ji taip pat i\u0161k\u0117l\u0117 klausim\u0105 socialdemokrat\u0173 lyderiams.<\/p>\n<p>\u201eNor\u0117\u010diau paklausti Mindaugai Sinkevi\u010diau, Juozai Olekai ir ypa\u010d Inga Ruginiene, j\u016bs juk ai\u0161kinote, kad egzistuoja ka\u017ekokios ribos, ar jums ok, toks j\u016bs\u0173 partnerio jau net seksualinis priekabiavimas prie Lietuvos piliet\u0117s?\u201c \u2013 pasiteiravo B. Davidonyt\u0117.<\/p>\n<p>Pla\u010diau galite skaityti \u010dia:<\/p>\n","protected":false},"excerpt":{"rendered":"Tre\u010diadien\u012f \u201e\u017dini\u0173 radijo\u201c laidoje \u201ePozicija\u201c R. \u017demaitaitis buvo paklaustas apie savo \u012fra\u0161\u0105 feisbuke ir perkurt\u0105 plakat\u0105 \u201eRemyga bybys\u201c,&hellip;\n","protected":false},"author":2,"featured_media":165451,"comment_status":"","ping_status":"","sticky":false,"template":"","format":"standard","meta":{"footnotes":"","_share_on_mastodon":"0"},"categories":[13],"tags":[25,30,31,34,35,24,32,33,37,39,36,38,519,40,23,22,28,29,1719,68,26,27],"class_list":["post-165450","post","type-post","status-publish","format-standard","has-post-thumbnail","category-lietuva","tag-antrastes","tag-breaking-news","tag-breakingnews","tag-featured-news","tag-featurednews","tag-headlines","tag-latest-news","tag-latestnews","tag-lietuva","tag-lietuviu","tag-lithuania","tag-lithuanian","tag-lrt","tag-lt","tag-naujienos","tag-news","tag-populiariausios-naujienos","tag-populiariausiosnaujienos","tag-protestas","tag-remigijus-zemaitaitis","tag-top-stories","tag-topstories"],"share_on_mastodon":{"url":"https:\/\/pubeurope.com\/@lt\/116488435574413332","error":""},"_links":{"self":[{"href":"https:\/\/www.europesays.com\/lt\/wp-json\/wp\/v2\/posts\/165450","targetHints":{"allow":["GET"]}}],"collection":[{"href":"https:\/\/www.europesays.com\/lt\/wp-json\/wp\/v2\/posts"}],"about":[{"href":"https:\/\/www.europesays.com\/lt\/wp-json\/wp\/v2\/types\/post"}],"author":[{"embeddable":true,"href":"https:\/\/www.europesays.com\/lt\/wp-json\/wp\/v2\/users\/2"}],"replies":[{"embeddable":true,"href":"https:\/\/www.europesays.com\/lt\/wp-json\/wp\/v2\/comments?post=165450"}],"version-history":[{"count":0,"href":"https:\/\/www.europesays.com\/lt\/wp-json\/wp\/v2\/posts\/165450\/revisions"}],"wp:featuredmedia":[{"embeddable":true,"href":"https:\/\/www.europesays.com\/lt\/wp-json\/wp\/v2\/media\/165451"}],"wp:attachment":[{"href":"https:\/\/www.europesays.com\/lt\/wp-json\/wp\/v2\/media?parent=165450"}],"wp:term":[{"taxonomy":"category","embeddable":true,"href":"https:\/\/www.europesays.com\/lt\/wp-json\/wp\/v2\/categories?post=165450"},{"taxonomy":"post_tag","embeddable":true,"href":"https:\/\/www.europesays.com\/lt\/wp-json\/wp\/v2\/tags?post=165450"}],"curies":[{"name":"wp","href":"https:\/\/api.w.org\/{rel}","templated":true}]}}