{"id":165621,"date":"2026-04-29T18:18:09","date_gmt":"2026-04-29T18:18:09","guid":{"rendered":"https:\/\/www.europesays.com\/lt\/165621\/"},"modified":"2026-04-29T18:18:09","modified_gmt":"2026-04-29T18:18:09","slug":"europoje-prasideda-automobiliu-gamintoju-karas-kokie-automobiliai-atpigs","status":"publish","type":"post","link":"https:\/\/www.europesays.com\/lt\/165621\/","title":{"rendered":"Europoje prasideda automobili\u0173 gamintoj\u0173 karas: kokie automobiliai atpigs?"},"content":{"rendered":"<p>Teigiama, kad nuo 2026-\u0173j\u0173 \u201eKia\u201c suma\u017eino automobili\u0173 kain\u0173 skirtum\u0105 nuo Kinijos gamintoj\u0173 modeli\u0173 Europoje iki 15-20 proc. (anks\u010diau, priklausomai nuo rinkos, buvo 20-25 proc.).<\/p>\n<p>Automobili\u0173 kainos ma\u017e\u0117s?<\/p>\n<p> Anot \u012fmon\u0117s generalinio direktoriaus Ho Sung Song&#8217;o, tai rodo kain\u0173 kar\u0105, nes Kinijos automobili\u0173 gamintojai vis labiau ver\u017eiasi \u012f pagrindin\u0119 u\u017esienio rink\u0105 l\u0117t\u0117jant ekonomikos augimui savoje \u0161alyje.<\/p>\n<p>\u201eKinijos bendrov\u0117s prad\u0117jo agresyv\u0173 pigi\u0173 elektromobili\u0173 modeli\u0173 st\u016bmim\u0105, ir kai kuriose Europos \u0161alyse j\u0173 rinkos dalis did\u0117jo daug spar\u010diau, nei tik\u0117jom\u0117s\u201c, \u2013 \u201eKia\u201c akcinink\u0173 susitikime i\u0161sakytas mintis cituoja \u201eAsia One\u201c.<\/p>\n<p>Leidinys \u201eAutomotive World\u201c papildo, es\u0105 toks \u017eingsnis buvo atliktas kovo m\u0117n., kai Kinijos autopramon\u0117s gigant\u0117s BYD registruot\u0173 automobili\u0173 skai\u010dius Europoje i\u0161augo beveik 150 proc., palyginti su 11 proc. bendros rinkos pardavim\u0173 augimu bei 6 proc. \u201eKia\u201c ir \u201eHyundai\u201c pardavim\u0173 augimu kartu sud\u0117jus.<\/p>\n","protected":false},"excerpt":{"rendered":"Teigiama, kad nuo 2026-\u0173j\u0173 \u201eKia\u201c suma\u017eino automobili\u0173 kain\u0173 skirtum\u0105 nuo Kinijos gamintoj\u0173 modeli\u0173 Europoje iki 15-20 proc. (anks\u010diau,&hellip;\n","protected":false},"author":2,"featured_media":165622,"comment_status":"","ping_status":"","sticky":false,"template":"","format":"standard","meta":{"footnotes":"","_share_on_mastodon":"0"},"categories":[17],"tags":[903,81,3672,762,479,37,39,36,38,40,46],"class_list":["post-165621","post","type-post","status-publish","format-standard","has-post-thumbnail","category-verslas","tag-automobiliu-gamyba","tag-business","tag-kaina","tag-kia","tag-kinija","tag-lietuva","tag-lietuviu","tag-lithuania","tag-lithuanian","tag-lt","tag-verslas"],"share_on_mastodon":{"url":"https:\/\/pubeurope.com\/@lt\/116489375253585107","error":""},"_links":{"self":[{"href":"https:\/\/www.europesays.com\/lt\/wp-json\/wp\/v2\/posts\/165621","targetHints":{"allow":["GET"]}}],"collection":[{"href":"https:\/\/www.europesays.com\/lt\/wp-json\/wp\/v2\/posts"}],"about":[{"href":"https:\/\/www.europesays.com\/lt\/wp-json\/wp\/v2\/types\/post"}],"author":[{"embeddable":true,"href":"https:\/\/www.europesays.com\/lt\/wp-json\/wp\/v2\/users\/2"}],"replies":[{"embeddable":true,"href":"https:\/\/www.europesays.com\/lt\/wp-json\/wp\/v2\/comments?post=165621"}],"version-history":[{"count":0,"href":"https:\/\/www.europesays.com\/lt\/wp-json\/wp\/v2\/posts\/165621\/revisions"}],"wp:featuredmedia":[{"embeddable":true,"href":"https:\/\/www.europesays.com\/lt\/wp-json\/wp\/v2\/media\/165622"}],"wp:attachment":[{"href":"https:\/\/www.europesays.com\/lt\/wp-json\/wp\/v2\/media?parent=165621"}],"wp:term":[{"taxonomy":"category","embeddable":true,"href":"https:\/\/www.europesays.com\/lt\/wp-json\/wp\/v2\/categories?post=165621"},{"taxonomy":"post_tag","embeddable":true,"href":"https:\/\/www.europesays.com\/lt\/wp-json\/wp\/v2\/tags?post=165621"}],"curies":[{"name":"wp","href":"https:\/\/api.w.org\/{rel}","templated":true}]}}