{"id":165710,"date":"2026-04-29T20:12:30","date_gmt":"2026-04-29T20:12:30","guid":{"rendered":"https:\/\/www.europesays.com\/lt\/165710\/"},"modified":"2026-04-29T20:12:30","modified_gmt":"2026-04-29T20:12:30","slug":"vilnius-laukia-paaiskino-kodel-sostineje-radiatoriai-dar-neatves","status":"publish","type":"post","link":"https:\/\/www.europesays.com\/lt\/165710\/","title":{"rendered":"Vilnius laukia: paai\u0161kino, kod\u0117l sostin\u0117je radiatoriai dar neatv\u0117s"},"content":{"rendered":"<p>Kai kuriems didmies\u010diams jau skelbiant \u0161ildymo sezono pabaig\u0105, Vilnius apsispr\u0119sti ketina \u012fsitvirtinus \u0161iltesniems orams, o Kaunas sprendim\u0105 ketina priimti ketvirtadien\u012f.\u00a0<\/p>\n<p>Panev\u0117\u017eys ir <a style=\"font-weight:bold;\" href=\"https:\/\/madeinvilnius.lt\/tema\/klaipeda\/\" target=\"_blank\" rel=\"nofollow noopener\">Klaip\u0117da<\/a> prane\u0161\u0117 \u0161ildymo sezon\u0105 baigsiantys ketvirtadien\u012f, iki penktadienio \u0161ilumos tiekim\u0105, i\u0161skyrus \u0161vietimo ir socialines \u012fstaigas, nutrauks ir \u0160iauliai.\u00a0<\/p>\n<p>\u201eStebime tiek faktines or\u0173 s\u0105lygas, tiek or\u0173 prognozes ir sprendim\u0105 d\u0117l \u0161ildymo sezono pabaigos priimsime nusistov\u0117jus \u0161iltesniems orams. Artimiausi\u0173 keli\u0173 dien\u0173 prognoz\u0117 rodo, kad naktimis Vilniuje dar gali b\u016bti \u0161aln\u0173, o dienomis temperat\u016bra nevir\u0161ys 10 laipsni\u0173\u201c, \u2013 komentare BNS nurod\u0117 Vilniaus\u00a0savivaldyb\u0117s atstovas Gabrielius Grubinskas.<\/p>\n<p>\u201eSprendimas tur\u0117t\u0173 paai\u0161k\u0117ti rytoj, pirmoje dienos pus\u0117je\u201c, \u2013 komentare BNS tre\u010diadien\u012f teig\u0117 Kauno savivaldyb\u0117s atstov\u0117 Rasa Markauskait\u0117.<\/p>\n<p>\u0160ildymo sezonas Lietuvoje paprastai baigiamas, kai tris paras i\u0161 eil\u0117s vidutin\u0117 lauko oro temperat\u016bra vir\u0161ija 10 laipsni\u0173 \u0161ilumos.<\/p>\n<p>Daugiabu\u010di\u0173 gyventojai, norintys b\u016bst\u0105 \u0161ildytis ilgiau, gali t\u0119sti \u0161ildym\u0105 daugumos bendratur\u010di\u0173 sutarimu.<\/p>\n","protected":false},"excerpt":{"rendered":"Kai kuriems didmies\u010diams jau skelbiant \u0161ildymo sezono pabaig\u0105, Vilnius apsispr\u0119sti ketina \u012fsitvirtinus \u0161iltesniems orams, o Kaunas sprendim\u0105 ketina&hellip;\n","protected":false},"author":2,"featured_media":152637,"comment_status":"","ping_status":"","sticky":false,"template":"","format":"standard","meta":{"footnotes":"","_share_on_mastodon":"0"},"categories":[6],"tags":[25,30,31,34,35,24,32,33,37,39,36,38,40,65,23,22,28,29,1935,26,27],"class_list":["post-165710","post","type-post","status-publish","format-standard","has-post-thumbnail","category-antrastes","tag-antrastes","tag-breaking-news","tag-breakingnews","tag-featured-news","tag-featurednews","tag-headlines","tag-latest-news","tag-latestnews","tag-lietuva","tag-lietuviu","tag-lithuania","tag-lithuanian","tag-lt","tag-naujiena","tag-naujienos","tag-news","tag-populiariausios-naujienos","tag-populiariausiosnaujienos","tag-sildymas","tag-top-stories","tag-topstories"],"share_on_mastodon":{"url":"https:\/\/pubeurope.com\/@lt\/116489823394477797","error":""},"_links":{"self":[{"href":"https:\/\/www.europesays.com\/lt\/wp-json\/wp\/v2\/posts\/165710","targetHints":{"allow":["GET"]}}],"collection":[{"href":"https:\/\/www.europesays.com\/lt\/wp-json\/wp\/v2\/posts"}],"about":[{"href":"https:\/\/www.europesays.com\/lt\/wp-json\/wp\/v2\/types\/post"}],"author":[{"embeddable":true,"href":"https:\/\/www.europesays.com\/lt\/wp-json\/wp\/v2\/users\/2"}],"replies":[{"embeddable":true,"href":"https:\/\/www.europesays.com\/lt\/wp-json\/wp\/v2\/comments?post=165710"}],"version-history":[{"count":0,"href":"https:\/\/www.europesays.com\/lt\/wp-json\/wp\/v2\/posts\/165710\/revisions"}],"wp:featuredmedia":[{"embeddable":true,"href":"https:\/\/www.europesays.com\/lt\/wp-json\/wp\/v2\/media\/152637"}],"wp:attachment":[{"href":"https:\/\/www.europesays.com\/lt\/wp-json\/wp\/v2\/media?parent=165710"}],"wp:term":[{"taxonomy":"category","embeddable":true,"href":"https:\/\/www.europesays.com\/lt\/wp-json\/wp\/v2\/categories?post=165710"},{"taxonomy":"post_tag","embeddable":true,"href":"https:\/\/www.europesays.com\/lt\/wp-json\/wp\/v2\/tags?post=165710"}],"curies":[{"name":"wp","href":"https:\/\/api.w.org\/{rel}","templated":true}]}}