{"id":16572,"date":"2025-10-13T10:10:08","date_gmt":"2025-10-13T10:10:08","guid":{"rendered":"https:\/\/www.europesays.com\/lt\/16572\/"},"modified":"2025-10-13T10:10:08","modified_gmt":"2025-10-13T10:10:08","slug":"pirmadienio-ryta-neskelbtas-ruginienes-ir-zemaitaicio-susitikimas","status":"publish","type":"post","link":"https:\/\/www.europesays.com\/lt\/16572\/","title":{"rendered":"Pirmadienio ryt\u0105 \u2013 neskelbtas Ruginien\u0117s ir \u017demaitai\u010dio susitikimas"},"content":{"rendered":"<p>Apie tai, kad ministr\u0117 pirminink\u0117 susitiko su R. \u017demaitai\u010diu, Eltai patvirtino I. Ruginien\u0117s patar\u0117jas Ignas Algirdas Dobrovolskas.<\/p>\n<p>\u201ePremjer\u0117 susitiko su Remigijumi \u017demaitai\u010diu, aptar\u0117 darbinius klausimus. Buvo sutarta, kad laikinai toliau <a rel=\"noopener nofollow\" target=\"_blank\" href=\"https:\/\/www.delfi.lt\/temos\/kulturos-ministerija\" tag-id=\"59349707\">Kult\u016bros ministerijai<\/a> vadovaus Raminta Popovien\u0117, o nuolatinio ministro paie\u0161kas vykdys pati ministr\u0117\u00a0pirminink\u0117\u201c, \u2013 Eltai komentavo jis.<\/p>\n<p>ELTA primena, kad \u0161e\u0161tadien\u012f pos\u0117d\u017eiavusi Lietuvos socialdemokrat\u0173 partijos (LSDP) taryba nusprend\u0117 toliau dirbti valdan\u010diojoje koalicijoje su \u201eau\u0161rie\u010diais\u201c, ta\u010diau nutar\u0117 perimti savo atsakomyb\u0117n Kult\u016bros ministerij\u0105.<\/p>\n<p>Pagal koalicin\u0117s sutarties pried\u0105 Kult\u016bros ministerija atiteko socialdemokratams. Ta\u010diau \u201eNemuno au\u0161rai\u201c nerandant tinkamo kandidato \u012f energetikos ministrus, partijos sutar\u0117 d\u0117l main\u0173 \u2013 Energetikos ministerija atiteko socialdemokratams, o kult\u016bros ministro portfelis \u201eau\u0161rie\u010diams\u201c.<\/p>\n<p>Vertindamas socialdemokrat\u0173 sprendim\u0105 perimti ministerij\u0105, R. \u017demaitaitis anks\u010diau Eltai teig\u0117 manantis, kad tai \u2013 koalicin\u0117s sutarties pa\u017eeidimas.<\/p>\n<p>Kult\u016bros ir Energetikos ministerij\u0173 mainai suk\u0117l\u0117 pasipiktinim\u0105 kult\u016bros bendruomen\u0117je \u2013 surengtas protestas prie Prezident\u016bros, vyko \u012fsp\u0117jamasis streikas, platinama peticija. Kult\u016brininkai reikalauja, kad \u201eNemuno au\u0161ra\u201c b\u016bt\u0173 atitraukta nuo Kult\u016bros ministerijos.<\/p>\n","protected":false},"excerpt":{"rendered":"Apie tai, kad ministr\u0117 pirminink\u0117 susitiko su R. \u017demaitai\u010diu, Eltai patvirtino I. Ruginien\u0117s patar\u0117jas Ignas Algirdas Dobrovolskas. \u201ePremjer\u0117&hellip;\n","protected":false},"author":2,"featured_media":16573,"comment_status":"","ping_status":"","sticky":false,"template":"","format":"standard","meta":{"footnotes":""},"categories":[13],"tags":[25,30,31,34,35,24,71,696,32,33,37,39,36,38,40,23,22,28,29,68,26,27],"class_list":{"0":"post-16572","1":"post","2":"type-post","3":"status-publish","4":"format-standard","5":"has-post-thumbnail","7":"category-lietuva","8":"tag-antrastes","9":"tag-breaking-news","10":"tag-breakingnews","11":"tag-featured-news","12":"tag-featurednews","13":"tag-headlines","14":"tag-inga-ruginiene","15":"tag-kulturos-ministerija","16":"tag-latest-news","17":"tag-latestnews","18":"tag-lietuva","19":"tag-lietuviu","20":"tag-lithuania","21":"tag-lithuanian","22":"tag-lt","23":"tag-naujienos","24":"tag-news","25":"tag-populiariausios-naujienos","26":"tag-populiariausiosnaujienos","27":"tag-remigijus-zemaitaitis","28":"tag-top-stories","29":"tag-topstories"},"share_on_mastodon":{"url":"","error":""},"_links":{"self":[{"href":"https:\/\/www.europesays.com\/lt\/wp-json\/wp\/v2\/posts\/16572","targetHints":{"allow":["GET"]}}],"collection":[{"href":"https:\/\/www.europesays.com\/lt\/wp-json\/wp\/v2\/posts"}],"about":[{"href":"https:\/\/www.europesays.com\/lt\/wp-json\/wp\/v2\/types\/post"}],"author":[{"embeddable":true,"href":"https:\/\/www.europesays.com\/lt\/wp-json\/wp\/v2\/users\/2"}],"replies":[{"embeddable":true,"href":"https:\/\/www.europesays.com\/lt\/wp-json\/wp\/v2\/comments?post=16572"}],"version-history":[{"count":0,"href":"https:\/\/www.europesays.com\/lt\/wp-json\/wp\/v2\/posts\/16572\/revisions"}],"wp:featuredmedia":[{"embeddable":true,"href":"https:\/\/www.europesays.com\/lt\/wp-json\/wp\/v2\/media\/16573"}],"wp:attachment":[{"href":"https:\/\/www.europesays.com\/lt\/wp-json\/wp\/v2\/media?parent=16572"}],"wp:term":[{"taxonomy":"category","embeddable":true,"href":"https:\/\/www.europesays.com\/lt\/wp-json\/wp\/v2\/categories?post=16572"},{"taxonomy":"post_tag","embeddable":true,"href":"https:\/\/www.europesays.com\/lt\/wp-json\/wp\/v2\/tags?post=16572"}],"curies":[{"name":"wp","href":"https:\/\/api.w.org\/{rel}","templated":true}]}}