{"id":16590,"date":"2025-10-13T10:33:08","date_gmt":"2025-10-13T10:33:08","guid":{"rendered":"https:\/\/www.europesays.com\/lt\/16590\/"},"modified":"2025-10-13T10:33:08","modified_gmt":"2025-10-13T10:33:08","slug":"es-pazeisdama-oro-erdve-rusija-zaidzia-kara","status":"publish","type":"post","link":"https:\/\/www.europesays.com\/lt\/16590\/","title":{"rendered":"ES: pa\u017eeisdama oro erdv\u0119 Rusija \u017eaid\u017eia kar\u0105"},"content":{"rendered":"<p>NATO stiprina gynyb\u0105 palei rytines sienas, apkaltinusi Maskv\u0105 i\u0161m\u0117ginant Aljanso oro gynybos sistemas, kai jos dronai \u012fsiver\u017e\u0117 \u012f kelias nares ir Estijos oro erdv\u0119 pa\u017eeid\u0117 karo l\u0117ktuvai. <\/p>\n<p>\u201eKiekvien\u0105 kart\u0105, kai Rusijos dronas ar l\u0117ktuvas pa\u017eeid\u017eia m\u016bs\u0173 oro erdv\u0119, kyla eskalacijos rizika, nety\u010din\u0117 ar ty\u010din\u0117. Rusija \u017eaid\u017eia kar\u0105\u201c, \u2013 per vizit\u0105 Kyjive sak\u0117 K. Kallas. <\/p>\n<p>\u201eKad neleistume karo, turime Europos ekonomin\u0119 gali\u0105 paversti kariniu atgrasymu\u201c, \u2013 prid\u016br\u0117 ji.<\/p>\n<p>K. Kallas atvyko \u012f Kyjiv\u0105 aptarti karin\u0117s ir finansin\u0117s paramos Ukrainai, ypa\u010d jos energetikos infrastrukt\u016brai, Rusijai prie\u0161 \u017eiem\u0105 atnaujinus atakas prie\u0161 elektrines. D\u0117l \u0161i\u0173 atak\u0173, kurias Kyjivas pavadino \u201ecini\u0161komis\u201c, Ukraina pirmadien\u012f buvo priversta nutraukti elektros tiekim\u0105 septyniuose centriniuose ir rytiniuose regionuose. <\/p>\n<p>\u201ePrie\u0161as nori paveikti m\u016bs\u0173 gyventoj\u0173 dvasi\u0105 ir nuotaik\u0105\u201c, \u2013 per bendr\u0105 su K. Kallas spaudos konferencij\u0105 sak\u0117 Ukrainos u\u017esienio reikal\u0173 ministras Andrijus Sybiha. <\/p>\n<p>\u201eTai ypa\u010d cini\u0161ka art\u0117jant \u017eiemai\u201c, \u2013 prid\u016br\u0117 jis. <\/p>\n<p>Ukrainos atsakas \u2013 sm\u016bgiai \u012f Rusijos naftos perdirbimo gamyklas, siekiant pakirsti Maskvos karo ma\u0161inos finansavim\u0105. Nuo rugpj\u016b\u010dio prad\u017eios Ukraina sudav\u0117 daugiau nei 30 sm\u016bgi\u0173 \u012f Rusijos energetikos objektus, d\u0117l to Rusijoje pakilo benzino kainos.<\/p>\n<p>K. Kallas taip pat sak\u0117, kad Briuselis remia JAV ilgojo nuotolio raket\u0173 \u201eTomahawk\u201c tiekim\u0105 Ukrainai. <\/p>\n<p>\u201eMes sveikiname visas priemones, kurios stiprina Ukrain\u0105 ir silpnina Rusij\u0105\u201c, \u2013 sak\u0117 ji. <\/p>\n<p>JAV prezidentas Donaldas Trumpas sekmadien\u012f sak\u0117 gal\u012fs pasi\u0173sti \u017eini\u0105 Rusijos prezidentui Vladimirui Putinui, jog Ukraina gali gauti sparnuot\u0173j\u0173 raket\u0173, jei Maskva nenutrauks invazijos. Maskva persp\u0117jo netiekti Ukrainai raket\u0173 \u201eTomahawk\u201c, teig\u0117, jog tai b\u016bt\u0173 reik\u0161mingas eskalavimas.<\/p>\n","protected":false},"excerpt":{"rendered":"NATO stiprina gynyb\u0105 palei rytines sienas, apkaltinusi Maskv\u0105 i\u0161m\u0117ginant Aljanso oro gynybos sistemas, kai jos dronai \u012fsiver\u017e\u0117 \u012f&hellip;\n","protected":false},"author":2,"featured_media":16591,"comment_status":"","ping_status":"","sticky":false,"template":"","format":"standard","meta":{"footnotes":""},"categories":[15],"tags":[25,30,31,1068,5660,34,35,24,32,33,37,39,36,38,40,23,22,44,28,29,119,26,27,74,75,76],"class_list":{"0":"post-16590","1":"post","2":"type-post","3":"status-publish","4":"format-standard","5":"has-post-thumbnail","7":"category-pasaulis","8":"tag-antrastes","9":"tag-breaking-news","10":"tag-breakingnews","11":"tag-europos-sajunga","12":"tag-europos-sajungos","13":"tag-featured-news","14":"tag-featurednews","15":"tag-headlines","16":"tag-latest-news","17":"tag-latestnews","18":"tag-lietuva","19":"tag-lietuviu","20":"tag-lithuania","21":"tag-lithuanian","22":"tag-lt","23":"tag-naujienos","24":"tag-news","25":"tag-pasaulis","26":"tag-populiariausios-naujienos","27":"tag-populiariausiosnaujienos","28":"tag-rusija","29":"tag-top-stories","30":"tag-topstories","31":"tag-world","32":"tag-world-news","33":"tag-worldnews"},"share_on_mastodon":{"url":"","error":""},"_links":{"self":[{"href":"https:\/\/www.europesays.com\/lt\/wp-json\/wp\/v2\/posts\/16590","targetHints":{"allow":["GET"]}}],"collection":[{"href":"https:\/\/www.europesays.com\/lt\/wp-json\/wp\/v2\/posts"}],"about":[{"href":"https:\/\/www.europesays.com\/lt\/wp-json\/wp\/v2\/types\/post"}],"author":[{"embeddable":true,"href":"https:\/\/www.europesays.com\/lt\/wp-json\/wp\/v2\/users\/2"}],"replies":[{"embeddable":true,"href":"https:\/\/www.europesays.com\/lt\/wp-json\/wp\/v2\/comments?post=16590"}],"version-history":[{"count":0,"href":"https:\/\/www.europesays.com\/lt\/wp-json\/wp\/v2\/posts\/16590\/revisions"}],"wp:featuredmedia":[{"embeddable":true,"href":"https:\/\/www.europesays.com\/lt\/wp-json\/wp\/v2\/media\/16591"}],"wp:attachment":[{"href":"https:\/\/www.europesays.com\/lt\/wp-json\/wp\/v2\/media?parent=16590"}],"wp:term":[{"taxonomy":"category","embeddable":true,"href":"https:\/\/www.europesays.com\/lt\/wp-json\/wp\/v2\/categories?post=16590"},{"taxonomy":"post_tag","embeddable":true,"href":"https:\/\/www.europesays.com\/lt\/wp-json\/wp\/v2\/tags?post=16590"}],"curies":[{"name":"wp","href":"https:\/\/api.w.org\/{rel}","templated":true}]}}