{"id":166033,"date":"2026-04-30T08:30:40","date_gmt":"2026-04-30T08:30:40","guid":{"rendered":"https:\/\/www.europesays.com\/lt\/166033\/"},"modified":"2026-04-30T08:30:40","modified_gmt":"2026-04-30T08:30:40","slug":"vokietijos-kariuomenes-vadas-metas-viesai-pakalbeti-ka-darome","status":"publish","type":"post","link":"https:\/\/www.europesays.com\/lt\/166033\/","title":{"rendered":"Vokietijos kariuomen\u0117s vadas: metas vie\u0161ai pakalb\u0117ti k\u0105 darome"},"content":{"rendered":"<p>Neseniai l\u0117ktuvu skrid\u0119s \u012f Diuseldorf\u0105, generolas Carstenas Breueris, Vokietijos ginkluot\u0173j\u0173 paj\u0117g\u0173 vadas, susipa\u017eino su keleiviu, kuris nor\u0117jo pad\u0117koti jam ir jo kariams u\u017e tarnyb\u0105. Tai \u012fvykis, kur\u012f jis \u012fsivaizdavo kaip galint\u012f nutikti nebent JAV, nauja vokie\u010di\u0173 pagarba Bundesverui d\u017eiaug\u0117si generolas.<\/p>\n<p>Visgi \u0161i istorija byloja ir \u0161\u012f t\u0105 daugiau. Ankstesni\u0173 generalini\u0173 inspektori\u0173, kaip Vokietijoje oficialiai vadinami auk\u0161\u010diausio rango karininkai, tikriausiai niekas neb\u016bt\u0173 atpa\u017ein\u0119s. Ta\u010diau C. Breueris fig\u016bruoja tiek televizijoje, tiek spaudoje, tod\u0117l tapo neblogai \u017einomu visuomenei. Vokietija prad\u0117jo \u012fsp\u016bdingo masto persiginklavimo kampanij\u0105, o generolas stengiasi \u012ftikinti gyventojus, kad reikia atkurti \u0161alies kariuomen\u0119. \u201eDabar pats tinkamiausiais metas vie\u0161ai kalb\u0117ti apie tai, k\u0105 darome\u201c, \u2013 teigia jis.<\/p>\n","protected":false},"excerpt":{"rendered":"Neseniai l\u0117ktuvu skrid\u0119s \u012f Diuseldorf\u0105, generolas Carstenas Breueris, Vokietijos ginkluot\u0173j\u0173 paj\u0117g\u0173 vadas, susipa\u017eino su keleiviu, kuris nor\u0117jo pad\u0117koti&hellip;\n","protected":false},"author":2,"featured_media":166034,"comment_status":"","ping_status":"","sticky":false,"template":"","format":"standard","meta":{"footnotes":"","_share_on_mastodon":"0"},"categories":[15],"tags":[25,30,31,7656,34,35,24,32,33,37,39,36,38,40,23,22,44,28,29,18737,26,27,320,74,75,76],"class_list":["post-166033","post","type-post","status-publish","format-standard","has-post-thumbnail","category-pasaulis","tag-antrastes","tag-breaking-news","tag-breakingnews","tag-bundesveras","tag-featured-news","tag-featurednews","tag-headlines","tag-latest-news","tag-latestnews","tag-lietuva","tag-lietuviu","tag-lithuania","tag-lithuanian","tag-lt","tag-naujienos","tag-news","tag-pasaulis","tag-populiariausios-naujienos","tag-populiariausiosnaujienos","tag-the-economist","tag-top-stories","tag-topstories","tag-vokietija","tag-world","tag-world-news","tag-worldnews"],"share_on_mastodon":{"url":"https:\/\/pubeurope.com\/@lt\/116492725324476081","error":""},"_links":{"self":[{"href":"https:\/\/www.europesays.com\/lt\/wp-json\/wp\/v2\/posts\/166033","targetHints":{"allow":["GET"]}}],"collection":[{"href":"https:\/\/www.europesays.com\/lt\/wp-json\/wp\/v2\/posts"}],"about":[{"href":"https:\/\/www.europesays.com\/lt\/wp-json\/wp\/v2\/types\/post"}],"author":[{"embeddable":true,"href":"https:\/\/www.europesays.com\/lt\/wp-json\/wp\/v2\/users\/2"}],"replies":[{"embeddable":true,"href":"https:\/\/www.europesays.com\/lt\/wp-json\/wp\/v2\/comments?post=166033"}],"version-history":[{"count":0,"href":"https:\/\/www.europesays.com\/lt\/wp-json\/wp\/v2\/posts\/166033\/revisions"}],"wp:featuredmedia":[{"embeddable":true,"href":"https:\/\/www.europesays.com\/lt\/wp-json\/wp\/v2\/media\/166034"}],"wp:attachment":[{"href":"https:\/\/www.europesays.com\/lt\/wp-json\/wp\/v2\/media?parent=166033"}],"wp:term":[{"taxonomy":"category","embeddable":true,"href":"https:\/\/www.europesays.com\/lt\/wp-json\/wp\/v2\/categories?post=166033"},{"taxonomy":"post_tag","embeddable":true,"href":"https:\/\/www.europesays.com\/lt\/wp-json\/wp\/v2\/tags?post=166033"}],"curies":[{"name":"wp","href":"https:\/\/api.w.org\/{rel}","templated":true}]}}