{"id":166105,"date":"2026-04-30T09:47:10","date_gmt":"2026-04-30T09:47:10","guid":{"rendered":"https:\/\/www.europesays.com\/lt\/166105\/"},"modified":"2026-04-30T09:47:10","modified_gmt":"2026-04-30T09:47:10","slug":"populiarioje-laidoje-labas-vakaras-lietuva-pokyciai","status":"publish","type":"post","link":"https:\/\/www.europesays.com\/lt\/166105\/","title":{"rendered":"Populiarioje laidoje \u201eLabas vakaras, Lietuva\u201c \u2013 poky\u010diai"},"content":{"rendered":"<p class=\"MsoNormal\">\u201eVasar\u0105 kei\u010diasi \u017ei\u016brovo ritmas, tod\u0117l kei\u010diam\u0117s ir mes. Laida taps trumpesn\u0117, dinami\u0161kesn\u0117, bet i\u0161laikys tai, kas svarbiausia \u2013 aktualum\u0105, gyv\u0105 pokalb\u012f ir artum\u0105 \u017ei\u016brovui\u201c, \u2013 sako <a rel=\"noopener nofollow\" target=\"_blank\" href=\"https:\/\/www.delfi.lt\/temos\/lnk\" tag-id=\"58422134\">LNK<\/a> \u017dini\u0173 tarnybos vadovas Rolandas Agintas.<\/p>\n<p class=\"MsoNormal\">Atnaujinta laida bus valandos trukm\u0117s ir daugiau d\u0117mesio skirs vasari\u0161kam gyvenimo b\u016bdui \u2013 nuo poilsio plan\u0173 iki spontani\u0161k\u0173 atradim\u0173. \u017di\u016brovai i\u0161vys reporta\u017eus apie tai, kaip Lietuva ilsisi: nuo paj\u016brio iki sodyb\u0173, nuo miest\u0173 festivali\u0173 iki ma\u017eiau atrast\u0173 viet\u0173.<\/p>\n<p class=\"MsoNormal\">\u0160i\u0105 vasar\u0105 ypatingas d\u0117mesys bus skiriamas paj\u016briui \u2013 \u010dia dirbs \u017eurnalist\u0117s Sandra Kindiuk ir Egl\u0117 \u0160antarait\u0117, dirbti \u012f LNK atvykusios i\u0161 Klaip\u0117dos. B\u016bdamos vietin\u0117s, puikiai pa\u017e\u012fstan\u010dios paj\u016brio gyvenim\u0105, jos pasakos ne tik apie tai, k\u0105 mato poilsiautojai, bet ir atskleis tikr\u0105j\u0105 kurort\u0173 kasdienyb\u0119 \u2013 vietini\u0173 \u017emoni\u0173 istorijas, gyvenimo ritm\u0105 ir detales, kurios atsiveria tik pa\u017evelgus giliau.<\/p>\n<p class=\"MsoNormal\">Laidoje netr\u016bks ir pramog\u0173 \u2013 \u017ei\u016brov\u0173 laukia konkursai, prizai ir kvietimai \u012f \u012fvairius vasaros renginius. K\u016brybin\u0117 komanda \u017eada, kad kiekviena laida taps lengvu, bet turiningu vakaro palydovu, ra\u0161oma spaudos prane\u0161ime.<\/p>\n<p>    <img decoding=\"async\" src=\"https:\/\/www.europesays.com\/lt\/wp-content\/uploads\/2026\/04\/c36f58fe-d7ae-417a-963e-de0aea70f344.jpg\" loading=\"lazy\" alt=\"Populiari laida \u201eLabas vakaras, Lietuva\u201c ir jos ved\u0117jai\"\/>      <\/p>\n<p class=\"MsoNormal\">\u201eNorime, kad \u0161i laida b\u016bt\u0173 tarsi gera kompanija vasaros vakarui \u2013 su \u0161ypsena, \u012fdomiomis istorijomis ir jausmu, kad esi ten, kur vyksta gyvenimas\u201c, \u2013 sako R. Agintas.<\/p>\n<p class=\"MsoNormal\">\u201eLabas vakaras, Lietuva. Vasaros ritmu\u201c \u2013 ne viena LNK vasaros naujiena, eter\u012f pasieks ir trys premjeros, kurios papildys vasaros turin\u012f skirtingomis nuotaikomis.<\/p>\n<p class=\"MsoNormal\">\u012e ekranus sugr\u012f\u017eta \u017ei\u016brov\u0173 pam\u0117gtos Palangos mo\u010diut\u0117s, kurios po Zanzibaro \u0161\u012fkart leid\u017eiasi \u012f dar vien\u0105 nuotyk\u012f \u2013 Bal\u012f. Projekte \u201eMo\u010diu\u010di\u0173 Bali(u)s\u201c egzoti\u0161ka aplinka susidurs su \u017eemaiti\u0161ku charakteriu ir netik\u0117tais nuotykiais.<\/p>\n<p class=\"MsoNormal\">Tuo metu naujas realyb\u0117s \u0161ou \u201eMeil\u0117 ant rat\u0173\u201c kvies \u012f kelion\u0119 po Baltijos \u0161alis, kur trys herojai kemperiu ie\u0161kos ne tik \u012fsp\u016bd\u017ei\u0173, bet ir tikro ry\u0161io \u2013 be dirbtini\u0173 scenarij\u0173, su autenti\u0161komis emocijomis.<\/p>\n<p class=\"MsoNormal\">Dar viena premjera \u2013 \u201eNustebink mane!\u201c, kurioje pagrindiniu akcentu taps tikros \u017emoni\u0173 istorijos ir i\u0161sipildan\u010dios svajon\u0117s, o \u017ei\u016brovai patys prisid\u0117s si\u016blydami herojus, vertus ypating\u0173 staigmen\u0173.<\/p>\n<p class=\"MsoNormal\">\u201eLabas vakaras, Lietuva. Vasaros ritmu\u201c \u2013 jau nuo gegu\u017e\u0117s 25-osios.<\/p>\n","protected":false},"excerpt":{"rendered":"\u201eVasar\u0105 kei\u010diasi \u017ei\u016brovo ritmas, tod\u0117l kei\u010diam\u0117s ir mes. Laida taps trumpesn\u0117, dinami\u0161kesn\u0117, bet i\u0161laikys tai, kas svarbiausia \u2013&hellip;\n","protected":false},"author":2,"featured_media":166106,"comment_status":"","ping_status":"","sticky":false,"template":"","format":"standard","meta":{"footnotes":"","_share_on_mastodon":"0"},"categories":[21],"tags":[113,37,39,36,38,2574,40,114],"class_list":["post-166105","post","type-post","status-publish","format-standard","has-post-thumbnail","category-pramogos","tag-entertainment","tag-lietuva","tag-lietuviu","tag-lithuania","tag-lithuanian","tag-lnk","tag-lt","tag-pramogos"],"share_on_mastodon":{"url":"https:\/\/pubeurope.com\/@lt\/116493028317649324","error":""},"_links":{"self":[{"href":"https:\/\/www.europesays.com\/lt\/wp-json\/wp\/v2\/posts\/166105","targetHints":{"allow":["GET"]}}],"collection":[{"href":"https:\/\/www.europesays.com\/lt\/wp-json\/wp\/v2\/posts"}],"about":[{"href":"https:\/\/www.europesays.com\/lt\/wp-json\/wp\/v2\/types\/post"}],"author":[{"embeddable":true,"href":"https:\/\/www.europesays.com\/lt\/wp-json\/wp\/v2\/users\/2"}],"replies":[{"embeddable":true,"href":"https:\/\/www.europesays.com\/lt\/wp-json\/wp\/v2\/comments?post=166105"}],"version-history":[{"count":0,"href":"https:\/\/www.europesays.com\/lt\/wp-json\/wp\/v2\/posts\/166105\/revisions"}],"wp:featuredmedia":[{"embeddable":true,"href":"https:\/\/www.europesays.com\/lt\/wp-json\/wp\/v2\/media\/166106"}],"wp:attachment":[{"href":"https:\/\/www.europesays.com\/lt\/wp-json\/wp\/v2\/media?parent=166105"}],"wp:term":[{"taxonomy":"category","embeddable":true,"href":"https:\/\/www.europesays.com\/lt\/wp-json\/wp\/v2\/categories?post=166105"},{"taxonomy":"post_tag","embeddable":true,"href":"https:\/\/www.europesays.com\/lt\/wp-json\/wp\/v2\/tags?post=166105"}],"curies":[{"name":"wp","href":"https:\/\/api.w.org\/{rel}","templated":true}]}}