{"id":166182,"date":"2026-04-30T11:17:52","date_gmt":"2026-04-30T11:17:52","guid":{"rendered":"https:\/\/www.europesays.com\/lt\/166182\/"},"modified":"2026-04-30T11:17:52","modified_gmt":"2026-04-30T11:17:52","slug":"ukrainieciams-ministerijos-pinigai-valstybes-studijoms-kurios-lietuviams-mokamos-respublika-lt","status":"publish","type":"post","link":"https:\/\/www.europesays.com\/lt\/166182\/","title":{"rendered":"Ukrainie\u010diams &#8211; ministerijos pinigai valstyb\u0117s studijoms, kurios lietuviams mokamos &#8211; Respublika.lt"},"content":{"rendered":"<p><img loading=\"lazy\" decoding=\"async\" src=\"https:\/\/www.respublika.lt\/lt\/naujienos\/lietuva\/kitos-lietuvos-zinios\/ukrainieciams---ministerijos-pinigai-valstybes-studijoms-kurios-lietuviams-mokamos\/images\/ico_camera_white.gif\" class=\"camera\" width=\"22\" height=\"15\" alt=\"nuotr.\" style=\"position:relative; top:-2px; right:2px;\"\/> 1 nuotr.<\/p>\n<p>Asociatyvi pexels.com nuotr.<\/p>\n<p>\u0160vietimo, mokslo ir sporto ministerija si\u016blo Ukrainos pilie\u010diams skirti pinig\u0173 studijoms, kurios Lietuvos pilie\u010diams yra mokamos.<\/p>\n<p style=\"text-align: justify;\" class=\"desktop_banner\">\u00a0<\/p>\n<p>Ministerija siun\u010dia derinti \u0161vietimo, mokslo ir sporto ministro \u012fsakymo \u201eD\u0117l l\u0117\u0161\u0173, kurios 2026 metais gali b\u016bti skirtos valstybin\u0117ms auk\u0161tosioms mokykloms Ukrainos pilie\u010di\u0173, 2022 metais priimt\u0173 \u012f pirmosios pakopos ir vientis\u0173j\u0173 studij\u0173 valstyb\u0117s nefinansuojamas studij\u0173 vietas, studij\u0173 kainai i\u0161 dalies padengti, limito patvirtinimo&#8221; projekt\u0105.<\/p>\n<p>Projekt\u0173 tikslas &#8211; nustatyti l\u0117\u0161\u0173, kurios 2026 metais gali b\u016bti skirtos valstybin\u0117ms auk\u0161tosioms mokykloms Ukrainos pilie\u010di\u0173, 2022 ir 2023 metais priimt\u0173 \u012f pirmosios pakopos ir vientis\u0173j\u0173 studij\u0173 valstyb\u0117s nefinansuojamas studij\u0173 vietas, studij\u0173 kainai i\u0161 dalies padengti, limitus.<\/p>\n<p>Numatyta l\u0117\u0161\u0173 skirti Kauno technologijos universitetui, Klaip\u0117dos universitetui, Lietuvos in\u017einerijos kolegijai, Lietuvos muzikos ir teatro akademijai, Lietuvos sporto universitetui, Lietuvos sveikatos moksl\u0173 universitetui, Mykolo Romerio universitetui, Vilniaus dail\u0117s akademijai, Vilniaus Gedimino technikos universitetui, Vilniaus kolegijai, Vilniaus universitetui, Vytauto Did\u017eiojo universitetui. Bendra suma &#8211; 381 920 eur\u0173.<\/p>\n<p>\u00a0<\/p>\n<p>Naujausios \u017einios<\/p>\n<p><\/p>\n<p>        <a href=\"https:\/\/www.respublika.lt\/lt\/naujienos\/lietuva\/kitos-lietuvos-zinios\/viceministras-2027-uju-valstybes-biudzete-yra-mazai-erdves-kelti-npd-ir-mazinti-pajamas\/\" rel=\"nofollow noopener\" target=\"_blank\"><img decoding=\"async\" oncontextmenu=\"return false\" class=\"block_item_newest_photo\" src=\"https:\/\/www.respublika.lt\/lt\/naujienos\/lietuva\/kitos-lietuvos-zinios\/ukrainieciams---ministerijos-pinigai-valstybes-studijoms-kurios-lietuviams-mokamos\/uploads\/img\/catalog\/1\/photo_for_homepage_1_10132654.jpg\" alt=\"\" width=\"240\" height=\"154.45\"\/><\/a><\/p>\n<p>        <a href=\"https:\/\/www.respublika.lt\/lt\/naujienos\/sportas\/kitos_sporto_sakos\/kauno-maratone---gelbejimo-operacija-begikas-rezultata-paaukojo-del-zmogaus-gyvybes\/\" rel=\"nofollow noopener\" target=\"_blank\"><img decoding=\"async\" oncontextmenu=\"return false\" class=\"block_item_newest_photo\" src=\"https:\/\/www.respublika.lt\/lt\/naujienos\/lietuva\/kitos-lietuvos-zinios\/ukrainieciams---ministerijos-pinigai-valstybes-studijoms-kurios-lietuviams-mokamos\/uploads\/img\/catalog\/1\/photo_for_homepage_1_87836494.jpg\" alt=\"\" width=\"240\" height=\"154.45\"\/><\/a><\/p>\n<p>Patiko straipsnis? Leisk mums apie tai su\u017einoti. Nepamir\u0161k pasidalinti Facebook! <\/p>\n<p><img loading=\"lazy\" decoding=\"async\" class=\"p2_social_circle_icon\" src=\"https:\/\/www.respublika.lt\/images\/thumbs_up.svg\" width=\"21\" height=\"22\" alt=\"L\"\/><\/p>\n<p><img loading=\"lazy\" decoding=\"async\" class=\"p2_social_circle_icon\" src=\"https:\/\/www.respublika.lt\/images\/facebook.svg\" alt=\"F\" width=\"22\" height=\"22\" style=\"filter: invert(37%) sepia(55%) saturate(2351%) hue-rotate(187deg) brightness(102%) contrast(106%);\"\/><\/p>\n<p>&#13;<br \/>\n\tNesutinkate &#8211; diskutuokime!<br \/>&#13;<br \/>\n\tNepykite komentatoriai, bet komentarai su keiksma\u017eod\u017eiais bus \u0161alinami automati\u0161kai, be atsipra\u0161ymo.\n    <\/p>\n<p>&#13;<br \/>\n              Respublika.lt pasilieka teis\u0119 pa\u0161alinti nekult\u016bringus, keiksma\u017eod\u017eiais pagardintus, su tema nesusijusius, kito asmens vardu pasira\u0161ytus, \u012fstatymus pa\u017eeid\u017eian\u010dius, \u0161lam\u0161t\u0105 reklamuojan\u010dius ar nusikalsti kurstan\u010dius komentarus. Jei kurstysite smurt\u0105, rasin\u0119, tautin\u0119, religin\u0119 ar kitokio pob\u016bd\u017eio neapykant\u0105, \u017evirbliu i\u0161skrid\u0119 j\u016bs\u0173 \u017eod\u017eiai gr\u012f\u017edami gali virsti ton\u0105 sverian\u010diu jau\u010diu &#8211; specialiosioms Lietuvos tarnyboms pareikalavus suteiksime j\u016bs\u0173 duomenis.\n            <\/p>\n","protected":false},"excerpt":{"rendered":"1 nuotr. Asociatyvi pexels.com nuotr. \u0160vietimo, mokslo ir sporto ministerija si\u016blo Ukrainos pilie\u010diams skirti pinig\u0173 studijoms, kurios Lietuvos&hellip;\n","protected":false},"author":2,"featured_media":166183,"comment_status":"","ping_status":"","sticky":false,"template":"","format":"standard","meta":{"footnotes":"","_share_on_mastodon":"0"},"categories":[13],"tags":[25,30,31,34,35,24,32,33,37,39,36,38,40,1228,23,22,1666,28,29,3026,26,27,2098],"class_list":["post-166182","post","type-post","status-publish","format-standard","has-post-thumbnail","category-lietuva","tag-antrastes","tag-breaking-news","tag-breakingnews","tag-featured-news","tag-featurednews","tag-headlines","tag-latest-news","tag-latestnews","tag-lietuva","tag-lietuviu","tag-lithuania","tag-lithuanian","tag-lt","tag-ministerija","tag-naujienos","tag-news","tag-pinigai","tag-populiariausios-naujienos","tag-populiariausiosnaujienos","tag-studijos","tag-top-stories","tag-topstories","tag-ukrainieciai"],"share_on_mastodon":{"url":"https:\/\/pubeurope.com\/@lt\/116493386169243223","error":""},"_links":{"self":[{"href":"https:\/\/www.europesays.com\/lt\/wp-json\/wp\/v2\/posts\/166182","targetHints":{"allow":["GET"]}}],"collection":[{"href":"https:\/\/www.europesays.com\/lt\/wp-json\/wp\/v2\/posts"}],"about":[{"href":"https:\/\/www.europesays.com\/lt\/wp-json\/wp\/v2\/types\/post"}],"author":[{"embeddable":true,"href":"https:\/\/www.europesays.com\/lt\/wp-json\/wp\/v2\/users\/2"}],"replies":[{"embeddable":true,"href":"https:\/\/www.europesays.com\/lt\/wp-json\/wp\/v2\/comments?post=166182"}],"version-history":[{"count":0,"href":"https:\/\/www.europesays.com\/lt\/wp-json\/wp\/v2\/posts\/166182\/revisions"}],"wp:featuredmedia":[{"embeddable":true,"href":"https:\/\/www.europesays.com\/lt\/wp-json\/wp\/v2\/media\/166183"}],"wp:attachment":[{"href":"https:\/\/www.europesays.com\/lt\/wp-json\/wp\/v2\/media?parent=166182"}],"wp:term":[{"taxonomy":"category","embeddable":true,"href":"https:\/\/www.europesays.com\/lt\/wp-json\/wp\/v2\/categories?post=166182"},{"taxonomy":"post_tag","embeddable":true,"href":"https:\/\/www.europesays.com\/lt\/wp-json\/wp\/v2\/tags?post=166182"}],"curies":[{"name":"wp","href":"https:\/\/api.w.org\/{rel}","templated":true}]}}