{"id":1662,"date":"2025-09-22T21:57:12","date_gmt":"2025-09-22T21:57:12","guid":{"rendered":"https:\/\/www.europesays.com\/lt\/1662\/"},"modified":"2025-09-22T21:57:12","modified_gmt":"2025-09-22T21:57:12","slug":"kasdienybes-herojai-pasikeites-audriaus-bruzo-santykiu-statusas-ir-kodel-ne-visi-krepsininkai-patenkinti-vido-maciulio-filmais","status":"publish","type":"post","link":"https:\/\/www.europesays.com\/lt\/1662\/","title":{"rendered":"Kasdienyb\u0117s herojai. Pasikeit\u0119s Audriaus Bru\u017eo santyki\u0173 statusas ir kod\u0117l ne visi krep\u0161ininkai patenkinti Vido Ma\u010diulio filmais"},"content":{"rendered":"<p>\u201eTai n\u0117ra jokios mylimosios\u201c, \u2013 apie gyvenimo permainas papasakos pa\u0161nekovas.<\/p>\n<p>Aktorius dr\u0105siai \u2013 apie s\u0117kming\u0105 karjer\u0105 ir savo silpnybes: \u201eTaip, gra\u017eios moterys yra labai gra\u017eu\u201c.<\/p>\n<p>Kita tema: legendinis krep\u0161inio metra\u0161tininkas, televizijos laid\u0173 ved\u0117jas <a rel=\"noopener nofollow\" target=\"_blank\" href=\"https:\/\/www.delfi.lt\/temos\/vidas-maciulis\" tag-id=\"49720314\">Vidas Ma\u010diulis<\/a> \u2013 apie 60 met\u0173 trunkan\u010di\u0105 \u017eurnalisto karjer\u0105 ir kod\u0117l ne visi krep\u0161ininkai d\u0117koja u\u017e jo filmus?<\/p>\n<p>\u201eFilmas nuimamas. Kod\u0117l? Paskambino \u0160ar\u016bnas Mar\u010diulionis\u201c, \u2013 apie savo patirtis papasakos kaunietis.<\/p>\n<p>Laid\u0105 \u201e<a rel=\"noopener nofollow\" target=\"_blank\" href=\"https:\/\/www.delfi.lt\/temos\/kasdienybes-herojai\" tag-id=\"80325903\">Kasdienyb\u0117s herojai<\/a>\u201c \u017ei\u016br\u0117kite pirmadieniais 21 val. per Delfi TV ir visada portale Delfi.<\/p>\n","protected":false},"excerpt":{"rendered":"\u201eTai n\u0117ra jokios mylimosios\u201c, \u2013 apie gyvenimo permainas papasakos pa\u0161nekovas. Aktorius dr\u0105siai \u2013 apie s\u0117kming\u0105 karjer\u0105 ir savo&hellip;\n","protected":false},"author":2,"featured_media":1663,"comment_status":"","ping_status":"","sticky":false,"template":"","format":"standard","meta":{"footnotes":""},"categories":[21],"tags":[890,888,113,887,891,37,39,36,38,40,114,886,889],"class_list":{"0":"post-1662","1":"post","2":"type-post","3":"status-publish","4":"format-standard","5":"has-post-thumbnail","7":"category-pramogos","8":"tag-krepsinio-pasaulyje","9":"tag-audrius-bruzas","10":"tag-entertainment","11":"tag-filmai","12":"tag-kasdienybes-herojai","13":"tag-lietuva","14":"tag-lietuviu","15":"tag-lithuania","16":"tag-lithuanian","17":"tag-lt","18":"tag-pramogos","19":"tag-teatras","20":"tag-vidas-maciulis"},"share_on_mastodon":{"url":"","error":""},"_links":{"self":[{"href":"https:\/\/www.europesays.com\/lt\/wp-json\/wp\/v2\/posts\/1662","targetHints":{"allow":["GET"]}}],"collection":[{"href":"https:\/\/www.europesays.com\/lt\/wp-json\/wp\/v2\/posts"}],"about":[{"href":"https:\/\/www.europesays.com\/lt\/wp-json\/wp\/v2\/types\/post"}],"author":[{"embeddable":true,"href":"https:\/\/www.europesays.com\/lt\/wp-json\/wp\/v2\/users\/2"}],"replies":[{"embeddable":true,"href":"https:\/\/www.europesays.com\/lt\/wp-json\/wp\/v2\/comments?post=1662"}],"version-history":[{"count":0,"href":"https:\/\/www.europesays.com\/lt\/wp-json\/wp\/v2\/posts\/1662\/revisions"}],"wp:featuredmedia":[{"embeddable":true,"href":"https:\/\/www.europesays.com\/lt\/wp-json\/wp\/v2\/media\/1663"}],"wp:attachment":[{"href":"https:\/\/www.europesays.com\/lt\/wp-json\/wp\/v2\/media?parent=1662"}],"wp:term":[{"taxonomy":"category","embeddable":true,"href":"https:\/\/www.europesays.com\/lt\/wp-json\/wp\/v2\/categories?post=1662"},{"taxonomy":"post_tag","embeddable":true,"href":"https:\/\/www.europesays.com\/lt\/wp-json\/wp\/v2\/tags?post=1662"}],"curies":[{"name":"wp","href":"https:\/\/api.w.org\/{rel}","templated":true}]}}