{"id":166496,"date":"2026-04-30T16:35:52","date_gmt":"2026-04-30T16:35:52","guid":{"rendered":"https:\/\/www.europesays.com\/lt\/166496\/"},"modified":"2026-04-30T16:35:52","modified_gmt":"2026-04-30T16:35:52","slug":"vilnius-skelbia-sildymo-sezono-pabaigos-data","status":"publish","type":"post","link":"https:\/\/www.europesays.com\/lt\/166496\/","title":{"rendered":"Vilnius skelbia \u0161ildymo sezono pabaigos dat\u0105"},"content":{"rendered":"<p><a style=\"font-weight:bold;\" href=\"https:\/\/madeinvilnius.lt\/tema\/vilniaus-miesto-savivaldybe\/\" target=\"_blank\" rel=\"nofollow noopener\">Vilniaus miesto savivaldyb\u0117<\/a> skelbia ketinanti baigti dar rugs\u0117jo 30 d. startavus\u012f \u0161ildymo sezon\u0105. \u0160ilumos tiekim\u0105 sostin\u0117s gyvenamuosiuose daugiabu\u010diuose namuose ir administraciniuose pastatuose nam\u0173 administratoriai arba bendrijos i\u0161jungs nuo gegu\u017e\u0117s 4 d., t. y. pirmadienio. Gyventojai, kuri\u0173 daugiabu\u010diuose namuose yra modernizuotas \u0161ilumos punktas, tur\u0117jo galimyb\u0119 nutraukti \u0161ildym\u0105 anks\u010diau arba gal\u0117s j\u012f t\u0119sti ilgiau.<\/p>\n<p>Sprendimas i\u0161jungti \u0161ildym\u0105 priimtas atsi\u017evelgiant \u012f sinoptik\u0173 prognozes. Po \u0161alt\u0173 ir v\u0117juot\u0173 or\u0173 periodo jau \u0161\u012f savaitgal\u012f lepins vasari\u0161ka \u0161iluma, kuri nesitrauks ir ateinan\u010di\u0105 savait\u0119.<\/p>\n<p>\u201ePo ilgesnio v\u0117sesni\u0173 or\u0173 laikotarpio pagaliau sulaukiame tikro pavasario, tod\u0117l \u0161ildymo sezon\u0105 galime u\u017ebaigti. Vis d\u0117lto kiekvienas <a style=\"font-weight:bold;\" href=\"https:\/\/madeinvilnius.lt\/tema\/daugiabuciai-vilniule\/\" target=\"_blank\" rel=\"nofollow noopener\">daugiabutis<\/a> i\u0161lieka lankstus \u2013 gyventojai gali nuspr\u0119sti \u0161ildytis ilgiau, jei to reikia\u201c, \u2013 sako Vilniaus miesto meras <a style=\"font-weight:bold;\" href=\"https:\/\/madeinvilnius.lt\/tema\/valdas-benkunskas\/\" target=\"_blank\" rel=\"nofollow noopener\">Valdas Benkunskas<\/a>.<\/p>\n<p>\u0160ildymo sezono prad\u017eios ir pabaigos dat\u0105 lemia lauko oro temperat\u016bra. Nors sezono starto ir fini\u0161o datos varijuoja, \u012fprastai \u0161ildymas daugiabu\u010diuose \u012fjungiamas spalio m\u0117nes\u012f, o i\u0161jungiamas baland\u012f. Vis d\u0117lto \u0161is sezonas sostin\u0117je i\u0161siskyr\u0117 ir savo ankstyva prad\u017eia, ir v\u0117lyva pabaiga. Pra\u0117j\u0119s sezonas prad\u0117tas spalio 15 d., o baigtas baland\u017eio 14 d. V\u0117liausiai \u0161ildymas sostin\u0117je i\u0161jungtas gegu\u017e\u0117s 5 d., taip buvo 2021-aisiais.<\/p>\n<p>Gyventojai, norintys \u0161ildytis ilgiau, gal\u0117s t\u0119sti \u0161ildymo sezon\u0105 daugumos bendratur\u010di\u0173 sutarimu \u2013 jei daugiau nei pus\u0117 (50 proc. + 1) daugiabu\u010dio namo bendratur\u010di\u0173 sutinka su sprendimu t\u0119sti \u0161ildym\u0105, bendrijos arba namo administratorius apie priimt\u0105 sprendim\u0105 teturi informuoti \u201eGijas\u201c. Svarbu, kad temperat\u016bra butuose nevir\u0161yt\u0173 nustatyt\u0173 higienos norm\u0173.<\/p>\n<p>Lentel\u0117je pateikiamos Vilniaus \u0161ildymo sezon\u0173 prad\u017eios ir pabaigos datos 2015\u20132026 metais:<\/p>\n<tr>\n<td class=\"has-text-align-left\" data-align=\"left\">Sezonas<\/td>\n<td class=\"has-text-align-left\" data-align=\"left\">Prad\u017eia<\/td>\n<td class=\"has-text-align-left\" data-align=\"left\">Pabaiga<\/td>\n<\/tr>\n<tr>\n<td class=\"has-text-align-left\" data-align=\"left\">2015-2016 m. \u00a0<\/td>\n<td class=\"has-text-align-left\" data-align=\"left\">Spalio\u00a012 d. \u00a0<\/td>\n<td class=\"has-text-align-left\" data-align=\"left\">Baland\u017eio\u00a07 d.,\u00a0baland\u017eio\u00a015 d. prat\u0119stas, baigta gegu\u017e\u0117s 2 d. \u00a0<\/td>\n<\/tr>\n<tr>\n<td class=\"has-text-align-left\" data-align=\"left\">2016-2017 m. \u00a0<\/td>\n<td class=\"has-text-align-left\" data-align=\"left\">Spalio\u00a06 d. \u00a0<\/td>\n<td class=\"has-text-align-left\" data-align=\"left\">Gegu\u017e\u0117s\u00a04 d. \u00a0<\/td>\n<\/tr>\n<tr>\n<td class=\"has-text-align-left\" data-align=\"left\">2017-2018 m. \u00a0<\/td>\n<td class=\"has-text-align-left\" data-align=\"left\">Spalio 5 d. \u00a0<\/td>\n<td class=\"has-text-align-left\" data-align=\"left\">Baland\u017eio 9 d. \u00a0<\/td>\n<\/tr>\n<tr>\n<td class=\"has-text-align-left\" data-align=\"left\">2018-2019 m. \u00a0<\/td>\n<td class=\"has-text-align-left\" data-align=\"left\">Spalio 4 d. \u00a0<\/td>\n<td class=\"has-text-align-left\" data-align=\"left\">Baland\u017eio\u00a019 d. \u00a0<\/td>\n<\/tr>\n<tr>\n<td class=\"has-text-align-left\" data-align=\"left\">2019-2020 m. \u00a0<\/td>\n<td class=\"has-text-align-left\" data-align=\"left\">Spalio\u00a01 d. \u00a0<\/td>\n<td class=\"has-text-align-left\" data-align=\"left\">Baland\u017eio\u00a024 d. \u00a0<\/td>\n<\/tr>\n<tr>\n<td class=\"has-text-align-left\" data-align=\"left\">2020-2021 m.\u00a0\u00a0<\/td>\n<td class=\"has-text-align-left\" data-align=\"left\">Spalio 15 d. \u00a0\u00a0<\/td>\n<td class=\"has-text-align-left\" data-align=\"left\">Gegu\u017e\u0117s 5 d. \u00a0\u00a0<\/td>\n<\/tr>\n<tr>\n<td class=\"has-text-align-left\" data-align=\"left\">2021-2022 m. \u00a0\u00a0<\/td>\n<td class=\"has-text-align-left\" data-align=\"left\">Spalio 7 d. \u00a0\u00a0<\/td>\n<td class=\"has-text-align-left\" data-align=\"left\">Baland\u017eio 25 d. \u00a0\u00a0<\/td>\n<\/tr>\n<tr>\n<td class=\"has-text-align-left\" data-align=\"left\">2022-2023 m.\u00a0\u00a0<\/td>\n<td class=\"has-text-align-left\" data-align=\"left\">Spalio 17 d.\u00a0\u00a0<\/td>\n<td class=\"has-text-align-left\" data-align=\"left\">Baland\u017eio 11 d. \u00a0\u00a0<\/td>\n<\/tr>\n<tr>\n<td class=\"has-text-align-left\" data-align=\"left\">2023-2024 m.\u00a0\u00a0<\/td>\n<td class=\"has-text-align-left\" data-align=\"left\">Spalio 16 d. \u00a0\u00a0<\/td>\n<td class=\"has-text-align-left\" data-align=\"left\">Baland\u017eio 9 d., baland\u017eio 22 d., atnaujinta, baigta baland\u017eio 30 d. \u00a0\u00a0<\/td>\n<\/tr>\n<tr>\n<td class=\"has-text-align-left\" data-align=\"left\">2024-2025 m.\u00a0\u00a0<\/td>\n<td class=\"has-text-align-left\" data-align=\"left\">Spalio 14 d. \u00a0\u00a0<\/td>\n<td class=\"has-text-align-left\" data-align=\"left\">Baland\u017eio 16 d. \u00a0\u00a0<\/td>\n<\/tr>\n<tr>\n<td class=\"has-text-align-left\" data-align=\"left\">2025-2026 m. \u00a0<\/td>\n<td class=\"has-text-align-left\" data-align=\"left\">Rugs\u0117jo\u00a030 d. \u00a0<\/td>\n<td class=\"has-text-align-left\" data-align=\"left\">Gegu\u017e\u0117s 4 d. \u00a0<\/td>\n<\/tr>\n","protected":false},"excerpt":{"rendered":"Vilniaus miesto savivaldyb\u0117 skelbia ketinanti baigti dar rugs\u0117jo 30 d. startavus\u012f \u0161ildymo sezon\u0105. \u0160ilumos tiekim\u0105 sostin\u0117s gyvenamuosiuose daugiabu\u010diuose&hellip;\n","protected":false},"author":2,"featured_media":166497,"comment_status":"","ping_status":"","sticky":false,"template":"","format":"standard","meta":{"footnotes":"","_share_on_mastodon":"0"},"categories":[6],"tags":[25,30,31,34,35,24,32,33,37,39,36,38,40,65,23,22,28,29,1935,26,27],"class_list":["post-166496","post","type-post","status-publish","format-standard","has-post-thumbnail","category-antrastes","tag-antrastes","tag-breaking-news","tag-breakingnews","tag-featured-news","tag-featurednews","tag-headlines","tag-latest-news","tag-latestnews","tag-lietuva","tag-lietuviu","tag-lithuania","tag-lithuanian","tag-lt","tag-naujiena","tag-naujienos","tag-news","tag-populiariausios-naujienos","tag-populiariausiosnaujienos","tag-sildymas","tag-top-stories","tag-topstories"],"share_on_mastodon":{"url":"https:\/\/pubeurope.com\/@lt\/116494636333869909","error":""},"_links":{"self":[{"href":"https:\/\/www.europesays.com\/lt\/wp-json\/wp\/v2\/posts\/166496","targetHints":{"allow":["GET"]}}],"collection":[{"href":"https:\/\/www.europesays.com\/lt\/wp-json\/wp\/v2\/posts"}],"about":[{"href":"https:\/\/www.europesays.com\/lt\/wp-json\/wp\/v2\/types\/post"}],"author":[{"embeddable":true,"href":"https:\/\/www.europesays.com\/lt\/wp-json\/wp\/v2\/users\/2"}],"replies":[{"embeddable":true,"href":"https:\/\/www.europesays.com\/lt\/wp-json\/wp\/v2\/comments?post=166496"}],"version-history":[{"count":0,"href":"https:\/\/www.europesays.com\/lt\/wp-json\/wp\/v2\/posts\/166496\/revisions"}],"wp:featuredmedia":[{"embeddable":true,"href":"https:\/\/www.europesays.com\/lt\/wp-json\/wp\/v2\/media\/166497"}],"wp:attachment":[{"href":"https:\/\/www.europesays.com\/lt\/wp-json\/wp\/v2\/media?parent=166496"}],"wp:term":[{"taxonomy":"category","embeddable":true,"href":"https:\/\/www.europesays.com\/lt\/wp-json\/wp\/v2\/categories?post=166496"},{"taxonomy":"post_tag","embeddable":true,"href":"https:\/\/www.europesays.com\/lt\/wp-json\/wp\/v2\/tags?post=166496"}],"curies":[{"name":"wp","href":"https:\/\/api.w.org\/{rel}","templated":true}]}}