{"id":16881,"date":"2025-10-13T17:26:09","date_gmt":"2025-10-13T17:26:09","guid":{"rendered":"https:\/\/www.europesays.com\/lt\/16881\/"},"modified":"2025-10-13T17:26:09","modified_gmt":"2025-10-13T17:26:09","slug":"internautus-paverge-uzfiksuota-svajinga-danges-ir-mino-akimirka-prisimineme-jaunyste","status":"publish","type":"post","link":"https:\/\/www.europesays.com\/lt\/16881\/","title":{"rendered":"Internautus paverg\u0117 u\u017efiksuota svajinga Dang\u0117s ir Mino akimirka: prisimin\u0117me jaunyst\u0119"},"content":{"rendered":"\n<p>Vaizdo \u012fra\u0161u, kur\u012f pavie\u0161ino savo Facebook profilyje, muzikos ir tekst\u0173 autor\u0117 Danguol\u0117 Miniauskait\u0117-Dang\u0117 sutiko pasidalinti ir su \u201eDelfi\u201c. <\/p>\n<p>\u0160alia jo \u017einoma moteris linskmai ra\u0161\u0117: \u201ePrisimin\u0117me jaunyst\u0119! Kaip prie\u0161 20 met\u0173 kartu \u201eKelias \u012f \u017evaig\u017edes\u201c dainavome \u0161i\u0105 dain\u0105, o \u0161iandien \u2013 sentimentus laikome rankose ir \u012fam\u017einame irgi!!\u201c. <\/p>\n<p>Vaizdo \u012fra\u0161\u0105 pamatykite <a rel=\"noopener nofollow\" target=\"_blank\" href=\"https:\/\/www.facebook.com\/reel\/1335250664619137\" data-rel-date-range=\"[]\">\u010cIA<\/a>.<\/p>\n<p>I\u0161vyd\u0119 \u0161\u012f vaizdel\u012f, komentatoriai \u201eKelias \u012f \u017evaig\u017edes\u201c projekto \u017evaig\u017ed\u0117ms negail\u0117jo \u0161ilt\u0173 \u017eod\u017ei\u0173. \u017dmon\u0117s ra\u0161\u0117: <\/p>\n<ul>\n<li>\n<p>\u201eKokie judu nuostab\u016bs! Did\u017eiul\u0117s jums s\u0117km\u0117s\u201c. <\/p>\n<\/li>\n<li>\n<p>\u201eKokia gra\u017ei daina, labai abu faini\u201c. <\/p>\n<\/li>\n<li>\n<p>\u201eBuvote nuostab\u016bs, jaunimas, ir dabar, po 20 met\u0173, esate nepakartojami. Did\u017eiuojam\u0117s jumis\u201c. <\/p>\n<\/li>\n<\/ul>\n<p>\u012e gra\u017eius komentarus netrukus sureagavo ir pati Dang\u0117. Gerb\u0117jams ji skyr\u0117 savo pad\u0117k\u0105. <\/p>\n<p>\u201eLabai d\u0117kojame visiems u\u017e tiek gra\u017ei\u0173 atsiliepim\u0173!!! Siun\u010diame link\u0117jimus ir susitiksime koncertuose\u201c, \u2013 \u017ead\u0117jo moteris. <\/p>\n<p>    <img decoding=\"async\" src=\"https:\/\/www.europesays.com\/lt\/wp-content\/uploads\/2025\/10\/9a959e23-5a09-4875-8bf4-744fda0a0005.jpg\" loading=\"lazy\" alt=\"\u201eKelias \u012f \u017evaig\u017edes. Po dvide\u0161imties met\u0173\u201c koncertas\"\/>    <\/p>\n<p>Primename, kad muzikinis \u0161ou \u201eKelias \u012f \u017evaig\u017edes\u201c \u0161iemet \u0161ven\u010dia jubiliej\u0173, tad \u0161ia proga \u017ei\u016brovai dar yra kvie\u010diami \u012f i\u0161skirtinius projekto \u017evaig\u017ed\u017ei\u0173 pasirodymus Klaip\u0117doje, \u0160iauliuose ir Kaune.<\/p>\n<p>Pirmasis pasirodymas vasar\u0105 jau \u012fvyko Palangoje. Koncerte skamb\u0117jo dainos, kurios tiesiogine prasme sudrebino vis\u0105 pramog\u0173 pasaul\u012f ir tapo iki \u0161iol skamban\u010diais bei daugelio mintinai dainuojamais hitais. J\u0173 atlik\u0117jai \u2013 kadaise nedr\u0105siai \u017eeng\u0119 pirmuosius \u017eingsnius scenoje, o po realyb\u0117s \u0161ou \u201eKelias \u012f \u017evaig\u017edes\u201c su\u017eib\u0119 ry\u0161kiai it galaktikos. Tarp j\u0173 \u2013 ir garsusis Rad\u017ei Aleksandrovi\u010dius, ir Agn\u0117 Petravi\u010dien\u0117, D\u016bmas, Baggy B, Dang\u0117, Mino bei kiti.<\/p>\n<p>I\u0161skirtin\u0117s akimirkos i\u0161 koncerto u\u017ekulisi\u0173:<\/p>\n","protected":false},"excerpt":{"rendered":"Vaizdo \u012fra\u0161u, kur\u012f pavie\u0161ino savo Facebook profilyje, muzikos ir tekst\u0173 autor\u0117 Danguol\u0117 Miniauskait\u0117-Dang\u0117 sutiko pasidalinti ir su \u201eDelfi\u201c.&hellip;\n","protected":false},"author":2,"featured_media":16882,"comment_status":"","ping_status":"","sticky":false,"template":"","format":"standard","meta":{"footnotes":""},"categories":[21],"tags":[5739,113,5740,37,39,36,38,40,5741,114],"class_list":{"0":"post-16881","1":"post","2":"type-post","3":"status-publish","4":"format-standard","5":"has-post-thumbnail","7":"category-pramogos","8":"tag-dange","9":"tag-entertainment","10":"tag-kelias-i-zvaigzdes","11":"tag-lietuva","12":"tag-lietuviu","13":"tag-lithuania","14":"tag-lithuanian","15":"tag-lt","16":"tag-mindaugas-mickevicius-mino","17":"tag-pramogos"},"share_on_mastodon":{"url":"","error":""},"_links":{"self":[{"href":"https:\/\/www.europesays.com\/lt\/wp-json\/wp\/v2\/posts\/16881","targetHints":{"allow":["GET"]}}],"collection":[{"href":"https:\/\/www.europesays.com\/lt\/wp-json\/wp\/v2\/posts"}],"about":[{"href":"https:\/\/www.europesays.com\/lt\/wp-json\/wp\/v2\/types\/post"}],"author":[{"embeddable":true,"href":"https:\/\/www.europesays.com\/lt\/wp-json\/wp\/v2\/users\/2"}],"replies":[{"embeddable":true,"href":"https:\/\/www.europesays.com\/lt\/wp-json\/wp\/v2\/comments?post=16881"}],"version-history":[{"count":0,"href":"https:\/\/www.europesays.com\/lt\/wp-json\/wp\/v2\/posts\/16881\/revisions"}],"wp:featuredmedia":[{"embeddable":true,"href":"https:\/\/www.europesays.com\/lt\/wp-json\/wp\/v2\/media\/16882"}],"wp:attachment":[{"href":"https:\/\/www.europesays.com\/lt\/wp-json\/wp\/v2\/media?parent=16881"}],"wp:term":[{"taxonomy":"category","embeddable":true,"href":"https:\/\/www.europesays.com\/lt\/wp-json\/wp\/v2\/categories?post=16881"},{"taxonomy":"post_tag","embeddable":true,"href":"https:\/\/www.europesays.com\/lt\/wp-json\/wp\/v2\/tags?post=16881"}],"curies":[{"name":"wp","href":"https:\/\/api.w.org\/{rel}","templated":true}]}}