{"id":16930,"date":"2025-10-13T18:23:22","date_gmt":"2025-10-13T18:23:22","guid":{"rendered":"https:\/\/www.europesays.com\/lt\/16930\/"},"modified":"2025-10-13T18:23:22","modified_gmt":"2025-10-13T18:23:22","slug":"prekybos-centre-poznaneje-kilo-didziulis-gaisras-respublika-lt","status":"publish","type":"post","link":"https:\/\/www.europesays.com\/lt\/16930\/","title":{"rendered":"Prekybos centre Poznan\u0117je kilo did\u017eiulis gaisras &#8211; Respublika.lt"},"content":{"rendered":"<p><img loading=\"lazy\" decoding=\"async\" src=\"https:\/\/www.respublika.lt\/lt\/naujienos\/pasaulis\/nusikaltimai_ir_nelaimes\/prekybos-centre-poznaneje-kilo-didziulis-gaisras\/images\/ico_camera_white.gif\" class=\"camera\" width=\"22\" height=\"15\" alt=\"nuotr.\" style=\"position:relative; top:-2px; right:2px;\"\/> 1 nuotr.<\/p>\n<p>Agencja Wyborcza.pl nuotr.<\/p>\n<p style=\"text-align: left;\">Vakar\u0173 Lenkijoje esan\u010diame prekybos centre sekmadien\u012f kilo did\u017eiulis gaisras. \u012e \u012fvykio viet\u0105 atvyk\u0119 daugiau nei 100 ugniagesi\u0173 su de\u0161imtimis automobilini\u0173 cistern\u0173 gaisr\u0105 pirmadienio ryt\u0105 tebegesino, prane\u0161\u0117 \u201eTVP World\u201c.<\/p>\n<p style=\"text-align: justify;\" class=\"desktop_banner\">\u00a0<\/p>\n<p style=\"text-align: left;\">\u00a0<\/p>\n<p style=\"text-align: left;\">\u0160iauriniame Poznan\u0117s rajone esan\u010dio prekybos centro \u201eGaleria Podolany\u201c stogas u\u017esideg\u0117 sekmadienio vakar\u0105 nuo liepsn\u0173, ap\u0117musi\u0173 greta esan\u010di\u0105 parduotuv\u0119.\u00a0<\/p>\n<p style=\"text-align: left;\">\u012e \u012fvykio viet\u0105 21 val. i\u0161kviesta ugniagesi\u0173 komanda pirmadienio ryt\u0105 gesino gaisr\u0105 vis dar gesino.<\/p>\n<p style=\"text-align: left;\">Vietoje tebebuvo 14 gaisrini\u0173 automobili\u0173.\u00a0<\/p>\n<p style=\"text-align: left;\">Prie\u0161gaisrin\u0117s tarnybos atstovo spaudai teigimu, pana\u0161u, kad gaisras prekybos centre \u201eGaleria Podolany\u201c ap\u0117m\u0117 tik stog\u0105, tad did\u017ei\u0105j\u0105 pastato dal\u012f apsaugoti pavyko.\u00a0<\/p>\n<p style=\"text-align: left;\">\u201eTa\u010diau gaisras i\u0161plito \u012f t\u0105 pastato dal\u012f, kuri yra prie pat parduotuv\u0117s\u201c, \u2013 valstybinei naujien\u0173 agent\u016brai PAP sak\u0117 jis informavo jis.<\/p>\n<p style=\"text-align: left;\">Pasak atstovo, nukent\u0117jusi\u0173 n\u0117ra, bet vienu metu ugniagesiams saugumo sumetimais teko atsitraukti.<\/p>\n<p>Naujausios \u017einios<\/p>\n<p><\/p>\n<p>        <a href=\"https:\/\/www.respublika.lt\/lt\/naujienos\/pasaulis\/nusikaltimai_ir_nelaimes\/meksikoje-per-potvynius-zuvo-maziausiai-64-zmones-dar-65-dingo\/\" rel=\"nofollow noopener\" target=\"_blank\"><img decoding=\"async\" oncontextmenu=\"return false\" class=\"block_item_newest_photo\" src=\"https:\/\/www.respublika.lt\/lt\/naujienos\/pasaulis\/nusikaltimai_ir_nelaimes\/prekybos-centre-poznaneje-kilo-didziulis-gaisras\/uploads\/img\/catalog\/1\/photo_for_homepage_1_30906387.jpg\" alt=\"\" width=\"240\" height=\"154.45\"\/><\/a><\/p>\n<p>        <a href=\"https:\/\/www.respublika.lt\/lt\/naujienos\/pasaulis\/pasaulio_politika\/jav-egiptas-kataras-ir-turkija-pasirase-gazos-deklaracija\/\" rel=\"nofollow noopener\" target=\"_blank\"><img decoding=\"async\" oncontextmenu=\"return false\" class=\"block_item_newest_photo\" src=\"https:\/\/www.respublika.lt\/lt\/naujienos\/pasaulis\/nusikaltimai_ir_nelaimes\/prekybos-centre-poznaneje-kilo-didziulis-gaisras\/uploads\/img\/catalog\/1\/photo_for_homepage_1_39021022.jpg\" alt=\"\" width=\"240\" height=\"154.45\"\/><\/a><\/p>\n<p>Patiko straipsnis? Leisk mums apie tai su\u017einoti. Nepamir\u0161k pasidalinti Facebook! <\/p>\n<p><img loading=\"lazy\" decoding=\"async\" class=\"p2_social_circle_icon\" src=\"https:\/\/www.respublika.lt\/images\/thumbs_up.svg\" width=\"21\" height=\"22\" alt=\"L\"\/><\/p>\n<p><img loading=\"lazy\" decoding=\"async\" class=\"p2_social_circle_icon\" src=\"https:\/\/www.respublika.lt\/images\/facebook.svg\" alt=\"F\" width=\"22\" height=\"22\" style=\"filter: invert(37%) sepia(55%) saturate(2351%) hue-rotate(187deg) brightness(102%) contrast(106%);\"\/><\/p>\n<p>&#13;<br \/>\n\tNesutinkate &#8211; diskutuokime!<br \/>&#13;<br \/>\n\tNepykite komentatoriai, bet komentarai su keiksma\u017eod\u017eiais bus \u0161alinami automati\u0161kai, be atsipra\u0161ymo.\n    <\/p>\n<p>&#13;<br \/>\n              Respublika.lt pasilieka teis\u0119 pa\u0161alinti nekult\u016bringus, keiksma\u017eod\u017eiais pagardintus, su tema nesusijusius, kito asmens vardu pasira\u0161ytus, \u012fstatymus pa\u017eeid\u017eian\u010dius, \u0161lam\u0161t\u0105 reklamuojan\u010dius ar nusikalsti kurstan\u010dius komentarus. Jei kurstysite smurt\u0105, rasin\u0119, tautin\u0119, religin\u0119 ar kitokio pob\u016bd\u017eio neapykant\u0105, \u017evirbliu i\u0161skrid\u0119 j\u016bs\u0173 \u017eod\u017eiai gr\u012f\u017edami gali virsti ton\u0105 sverian\u010diu jau\u010diu &#8211; specialiosioms Lietuvos tarnyboms pareikalavus suteiksime j\u016bs\u0173 duomenis.\n            <\/p>\n","protected":false},"excerpt":{"rendered":"1 nuotr. Agencja Wyborcza.pl nuotr. Vakar\u0173 Lenkijoje esan\u010diame prekybos centre sekmadien\u012f kilo did\u017eiulis gaisras. \u012e \u012fvykio viet\u0105 atvyk\u0119&hellip;\n","protected":false},"author":2,"featured_media":16931,"comment_status":"","ping_status":"","sticky":false,"template":"","format":"standard","meta":{"footnotes":""},"categories":[15],"tags":[25,30,31,4066,34,35,144,24,32,33,140,37,39,36,38,40,23,22,44,28,29,5756,5757,26,27,74,75,76],"class_list":{"0":"post-16930","1":"post","2":"type-post","3":"status-publish","4":"format-standard","5":"has-post-thumbnail","7":"category-pasaulis","8":"tag-antrastes","9":"tag-breaking-news","10":"tag-breakingnews","11":"tag-centras","12":"tag-featured-news","13":"tag-featurednews","14":"tag-gaisras","15":"tag-headlines","16":"tag-latest-news","17":"tag-latestnews","18":"tag-lenkija","19":"tag-lietuva","20":"tag-lietuviu","21":"tag-lithuania","22":"tag-lithuanian","23":"tag-lt","24":"tag-naujienos","25":"tag-news","26":"tag-pasaulis","27":"tag-populiariausios-naujienos","28":"tag-populiariausiosnaujienos","29":"tag-poznane","30":"tag-prekybos","31":"tag-top-stories","32":"tag-topstories","33":"tag-world","34":"tag-world-news","35":"tag-worldnews"},"share_on_mastodon":{"url":"","error":""},"_links":{"self":[{"href":"https:\/\/www.europesays.com\/lt\/wp-json\/wp\/v2\/posts\/16930","targetHints":{"allow":["GET"]}}],"collection":[{"href":"https:\/\/www.europesays.com\/lt\/wp-json\/wp\/v2\/posts"}],"about":[{"href":"https:\/\/www.europesays.com\/lt\/wp-json\/wp\/v2\/types\/post"}],"author":[{"embeddable":true,"href":"https:\/\/www.europesays.com\/lt\/wp-json\/wp\/v2\/users\/2"}],"replies":[{"embeddable":true,"href":"https:\/\/www.europesays.com\/lt\/wp-json\/wp\/v2\/comments?post=16930"}],"version-history":[{"count":0,"href":"https:\/\/www.europesays.com\/lt\/wp-json\/wp\/v2\/posts\/16930\/revisions"}],"wp:featuredmedia":[{"embeddable":true,"href":"https:\/\/www.europesays.com\/lt\/wp-json\/wp\/v2\/media\/16931"}],"wp:attachment":[{"href":"https:\/\/www.europesays.com\/lt\/wp-json\/wp\/v2\/media?parent=16930"}],"wp:term":[{"taxonomy":"category","embeddable":true,"href":"https:\/\/www.europesays.com\/lt\/wp-json\/wp\/v2\/categories?post=16930"},{"taxonomy":"post_tag","embeddable":true,"href":"https:\/\/www.europesays.com\/lt\/wp-json\/wp\/v2\/tags?post=16930"}],"curies":[{"name":"wp","href":"https:\/\/api.w.org\/{rel}","templated":true}]}}