{"id":16959,"date":"2025-10-13T19:12:08","date_gmt":"2025-10-13T19:12:08","guid":{"rendered":"https:\/\/www.europesays.com\/lt\/16959\/"},"modified":"2025-10-13T19:12:08","modified_gmt":"2025-10-13T19:12:08","slug":"kandidatas-i-ministrus-stasys-jakeliunas-apie-pensiju-pseudoreforma-konflikta-su-nauseda-ir-tyrima-kurio-bijo-landsbergiai-respublika-lt","status":"publish","type":"post","link":"https:\/\/www.europesays.com\/lt\/16959\/","title":{"rendered":"\u201eKandidatas\u201c \u012f ministrus Stasys Jakeli\u016bnas: Apie pensij\u0173 pseudoreform\u0105, konflikt\u0105 su Naus\u0117da ir tyrim\u0105, kurio bijo Landsbergiai &#8211; Respublika.lt"},"content":{"rendered":"<p><img loading=\"lazy\" decoding=\"async\" src=\"https:\/\/www.respublika.lt\/lt\/naujienos\/lietuva\/ziniasklaida\/kandidatas-i-ministrus-stasys-jakeliunas-apie-pensiju-pseudoreforma-konflikta-su-gitanu-nauseda-ir-tyrima-kurio-bijo-landsbergiai\/images\/ico_camera_white.gif\" class=\"camera\" width=\"22\" height=\"15\" alt=\"nuotr.\" style=\"position:relative; top:-2px; right:2px;\"\/> 1 nuotr.<\/p>\n<p>Redakcijos archyvo nuotr.<\/p>\n<p>\u201eDabar visi puola R.\u017demaitait\u012f, vos jam ka\u017ek\u0105 leptel\u0117jus. Pa\u017ei\u016br\u0117kite, k\u0105 Vytautas Landsbergis para\u0161\u0117 prie\u0161 kelias dienas apie \u201eNemuno Au\u0161r\u0105&#8221;. Visa j\u0173 partija buvo i\u0161vadinti fa\u0161istais. Kur prokurat\u016bra, kur policija, kur politikai? An\u016bkas, t\u0117vas ir senelis u\u017esiima propaganda. Senelis yra nacionalinis propagandos patriarchas, mano manymu. Brutaliai \u0161mei\u017eia politin\u0119 organizacij\u0105 ir jau daug de\u0161imtme\u010di\u0173 skaldo bei kir\u0161ina visuomen\u0119. Kur reakcija?&#8221; &#8211; klausia kandidatu \u012f socialin\u0117s apsaugos ir darbo ministrus pasiskelb\u0119s buv\u0119s Europos Parlamento narys Stasys Jakeli\u016bnas.<\/p>\n","protected":false},"excerpt":{"rendered":"1 nuotr. Redakcijos archyvo nuotr. \u201eDabar visi puola R.\u017demaitait\u012f, vos jam ka\u017ek\u0105 leptel\u0117jus. Pa\u017ei\u016br\u0117kite, k\u0105 Vytautas Landsbergis para\u0161\u0117&hellip;\n","protected":false},"author":2,"featured_media":16960,"comment_status":"","ping_status":"","sticky":false,"template":"","format":"standard","meta":{"footnotes":"","_share_on_mastodon":"0"},"categories":[13],"tags":[25,5287,30,31,1767,34,35,497,24,5748,836,32,33,37,39,36,38,40,4630,23,417,22,2946,495,28,29,420,26,27],"class_list":["post-16959","post","type-post","status-publish","format-standard","has-post-thumbnail","category-lietuva","tag-antrastes","tag-blinkeviciute","tag-breaking-news","tag-breakingnews","tag-butkevicius","tag-featured-news","tag-featurednews","tag-fondai","tag-headlines","tag-jakeliunas","tag-lansbergis","tag-latest-news","tag-latestnews","tag-lietuva","tag-lietuviu","tag-lithuania","tag-lithuanian","tag-lt","tag-na","tag-naujienos","tag-nauseda","tag-news","tag-pakopa","tag-pensijos","tag-populiariausios-naujienos","tag-populiariausiosnaujienos","tag-sodra","tag-top-stories","tag-topstories"],"share_on_mastodon":{"url":"","error":""},"_links":{"self":[{"href":"https:\/\/www.europesays.com\/lt\/wp-json\/wp\/v2\/posts\/16959","targetHints":{"allow":["GET"]}}],"collection":[{"href":"https:\/\/www.europesays.com\/lt\/wp-json\/wp\/v2\/posts"}],"about":[{"href":"https:\/\/www.europesays.com\/lt\/wp-json\/wp\/v2\/types\/post"}],"author":[{"embeddable":true,"href":"https:\/\/www.europesays.com\/lt\/wp-json\/wp\/v2\/users\/2"}],"replies":[{"embeddable":true,"href":"https:\/\/www.europesays.com\/lt\/wp-json\/wp\/v2\/comments?post=16959"}],"version-history":[{"count":0,"href":"https:\/\/www.europesays.com\/lt\/wp-json\/wp\/v2\/posts\/16959\/revisions"}],"wp:featuredmedia":[{"embeddable":true,"href":"https:\/\/www.europesays.com\/lt\/wp-json\/wp\/v2\/media\/16960"}],"wp:attachment":[{"href":"https:\/\/www.europesays.com\/lt\/wp-json\/wp\/v2\/media?parent=16959"}],"wp:term":[{"taxonomy":"category","embeddable":true,"href":"https:\/\/www.europesays.com\/lt\/wp-json\/wp\/v2\/categories?post=16959"},{"taxonomy":"post_tag","embeddable":true,"href":"https:\/\/www.europesays.com\/lt\/wp-json\/wp\/v2\/tags?post=16959"}],"curies":[{"name":"wp","href":"https:\/\/api.w.org\/{rel}","templated":true}]}}