{"id":16961,"date":"2025-10-13T19:18:14","date_gmt":"2025-10-13T19:18:14","guid":{"rendered":"https:\/\/www.europesays.com\/lt\/16961\/"},"modified":"2025-10-13T19:18:14","modified_gmt":"2025-10-13T19:18:14","slug":"pries-vienalyte-partneryste-pasisakanti-teisingumo-viceministre-mano-pozicija-nekinta-respublika-lt","status":"publish","type":"post","link":"https:\/\/www.europesays.com\/lt\/16961\/","title":{"rendered":"Prie\u0161 vienalyt\u0119 partneryst\u0119 pasisakanti teisingumo viceministr\u0117: mano pozicija nekinta &#8211; Respublika.lt"},"content":{"rendered":"<p><img loading=\"lazy\" decoding=\"async\" src=\"https:\/\/www.respublika.lt\/lt\/naujienos\/lietuva\/lietuvos_politika\/pries-vienalyte-partneryste-pasisakanti-teisingumo-viceministre-mano-pozicija-nekinta\/images\/ico_camera_white.gif\" class=\"camera\" width=\"22\" height=\"15\" alt=\"nuotr.\" style=\"position:relative; top:-2px; right:2px;\"\/> 1 nuotr.<\/p>\n<p>Kristina Zamaryt\u0117 Sakavi\u010dien\u0117. Eltos nuotr.<\/p>\n<p style=\"text-align: justify;\" class=\"desktop_banner\">\u00a0<\/p>\n<p style=\"text-align: left;\">\u00a0<\/p>\n<p style=\"text-align: left;\">\u017durnalist\u0173 kalbinta K. Zamaryt\u0117-Sakavi\u010dien\u0117 pabr\u0117\u017e\u0117 esanti politinio pasitik\u0117jimo valstyb\u0117s tarnautoja, tad es\u0105 jos po\u017ei\u016bris \u012f tos pa\u010dios lyties asmen\u0173 partneryst\u0119, rengiant \u012fstatymo projekt\u0105, nebus lemiantis.\u00a0<\/p>\n<p style=\"text-align: left;\">\u201eA\u0161 esu politinio asmeninio pasitik\u0117jimo valstyb\u0117s tarnautoja, viceministr\u0117, kuri\u0105 \u012fpareigoja Vyriausyb\u0117s programa ir kuri vykdo ministr\u0117s politik\u0105. A\u0161 savo politikos ar savo ka\u017ekoki\u0173 politini\u0173 prioritet\u0173 neturiu ir nevykdau. Tai, kaip ministr\u0117 matys reikalinga, taip mes ir rengsime ir \u0161iuos, ir kitus teis\u0117s aktus\u201c, \u2013 d\u0117st\u0117 teisingumo viceministr\u0117.\u00a0<\/p>\n<p style=\"text-align: left;\">\u201eNe, mano pozicija (d\u0117l tos pa\u010dios lyties asmen\u0173 partneryst\u0117s \u2013 ELTA) nekinta, bet ji visi\u0161kai n\u0117ra lemiama, nes lemia b\u016btent ministr\u0117s pozicija\u201c, \u2013 prid\u016br\u0117 K. Zamaryt\u0117-Sakavi\u010dien\u0117.<\/p>\n<p style=\"text-align: left;\">Ji teig\u0117, kad \u0161iuo metu Teisingumo ministerija dar nerengia \u012fstatymo projekto, kuriuo b\u016bt\u0173 \u012fgyvendintas KT nutarimas d\u0117l partneryst\u0117s.<\/p>\n<p style=\"text-align: left;\">\u201eKol kas mes prie \u0161ito klausimo per daug nedirbam. Mes dabar ministerijoje ruo\u0161iame Vyriausyb\u0117s programos nuostat\u0173 \u012fgyvendinimo plan\u0105\u201c, \u2013 sak\u0117 ji.<\/p>\n<p style=\"text-align: left;\">Anks\u010diau ne kart\u0105 si\u016blymus \u012fteisinti tos pa\u010dios lyties asmen\u0173 partneryst\u0119 kritikavusi K. Zamaryt\u0117-Sakavi\u010dien\u0117 nesl\u0117p\u0117, kad jos pozicijos min\u0117t\u0173 klausimu nepasikeit\u0117. Ji savo ruo\u017etu tvirtino esanti nustebusi d\u0117l vie\u0161ojoje erdv\u0117je kilusi\u0173 svarstym\u0173, ar ji yra tinkama viceministr\u0117s pareigoms.\u00a0<\/p>\n<p style=\"text-align: left;\">\u201eTa mano pozicija (d\u0117l tos pa\u010dios lyties asmen\u0173 partneryst\u0117s \u2013 ELTA) yra vie\u0161a. (&#8230;) Tik noriu pasteb\u0117ti, kad tiek valstyb\u0117s tarnyboje, tiek bet kokioje kitoje srityje pagal Konstitucij\u0105 \u017emon\u0117s visi\u0161kai negali b\u016bti diskriminuojami d\u0117l savo pa\u017ei\u016br\u0173. Tai yra imperatyvi norma ir keista, kad Lietuvoje \u017emon\u0117s to ne\u017eino ir kelia tokius klausimus \u2013 d\u0117l \u012fsitikinim\u0173 yra svarstomas \u017emogaus tinkamumas eiti tam tikras pareigas. Taip netur\u0117t\u0173 b\u016bti demokratin\u0117je teisin\u0117je valstyb\u0117je\u201c, \u2013 komentavo K. Zamaryt\u0117-Sakavi\u010dien\u0117.<\/p>\n<p style=\"text-align: left;\">Teisingumo ministr\u0117 R. Tama\u0161unien\u0117 anks\u010diau svarst\u0117, kad vargu, ar tos pa\u010dios lyties partneryst\u0117s \u012fstatymo projektas Seime sulaukt\u0173 palaikymo. Ministr\u0117 buvo u\u017esiminusi apie galimyb\u0119 toliau parlamente svarstyti Artimo ry\u0161io \u012fstatymo projekt\u0105.<\/p>\n<p style=\"text-align: left;\">Abejoja, ar viceministr\u0117 tinkama pareigoms<\/p>\n<p style=\"text-align: left;\">Savo ruo\u017etu Seimo Teis\u0117s ir teis\u0117tvarkos komiteto (TTK) pirmininkas Julius Sabatauskas abejoja, ar pasisakymais prie\u0161 vienalytes partnerystes pagars\u0117jusi K. Zamaryt\u0117-Sakavi\u010dien\u0117 yra tinkama eiti teisingumo viceministr\u0117s pareigas.\u00a0<\/p>\n<p style=\"text-align: left;\">Pasak parlamentaro, kyla did\u017eiul\u0117 abejon\u0117, ar Teisingumo ministerija, kurioje dirba partneryst\u0117s prie\u0161inink\u0117, parengs \u012fstatymo projekt\u0105, kuriuo b\u016bt\u0173 \u012fgyvendintas KT nutarimas d\u0117l por\u0173 gyvenimo ne santuokoje.\u00a0<\/p>\n<p style=\"text-align: left;\">\u201e\u010cia kyla interes\u0173 konfliktas, jeigu yra asmenys, kurie vie\u0161ai rei\u0161kia, kad to nedarys arba niekada tam (tos pa\u010dios lyties partnerystei \u2013 ELTA) nepritars. Tada reikia tai \u012fvertinti. Jeigu tu eini tas pareigas, turi atsakomyb\u0119, turi pareig\u0105 ir tai yra konstitucin\u0117 pareiga, ne \u0161iaip sau. Tod\u0117l labai rimtai reikia pasvarstyti, d\u0117l t\u0173 \u017emoni\u0173. Jeigu jie nevykdys tos pareigos, atsakomyb\u0117s ir atitikimo toms pareigoms, ar jie gali toliau eiti tas pareigas?\u201c \u2013 Eltai kalb\u0117jo J. Sabatauskas.<\/p>\n<p style=\"text-align: left;\">TTK pirmininkas pabr\u0117\u017e\u0117, kad premjerei Ingai Ruginienei teks reikalauti i\u0161 Teisingumo ministerijos, jog \u0161i parengt\u0173 partneryst\u0117s \u012fstatymo projekt\u0105.\u00a0<\/p>\n<p style=\"text-align: left;\">Pra\u0117jusi\u0105 savait\u0119 premjer\u0117 I. Ruginien\u0117 parei\u0161k\u0117 \u2013 jeigu Teisingumo ministerija nepateiks partneryst\u0119 reglamentuojan\u010dio \u012fstatymo projekto, jis gal\u0117t\u0173 b\u016bti pateiktas Seimui kitu b\u016bdu.<\/p>\n<p style=\"text-align: left;\">\u201eA\u0161 jau ne vien\u0105 kart\u0105 sakiau, kad Konstitucinio Teismo sprendimas mus \u012fpareigoja spr\u0119sti \u0161it\u0105 klausim\u0105 ir tikrai labai nor\u0117\u010diau, kad be joki\u0173 didesni\u0173 batalij\u0173 t\u0105 klausim\u0105 mes spr\u0119stume\u201c, \u2013 \u017eurnalistams teig\u0117 I. Ruginien\u0117.\u00a0<\/p>\n<p style=\"text-align: left;\">Primename, kad baland\u012f KT nusprend\u0117, jog tai, kad Lietuvoje n\u0117ra \u012fteisinta tos pa\u010dios lyties asmen\u0173 partneryst\u0117, prie\u0161tarauja pagrindiniam valstyb\u0117s \u012fstatymui. KT taip pat prie\u0161taraujan\u010diu Konstitucijai paskelb\u0117 Civilinio kodekso straipsn\u012f, pagal kur\u012f partneryst\u0119 galima sudaryti tik tarp vyro ir moters.<\/p>\n<p style=\"text-align: left;\">\u0160iuo metu Civiliniame kodekse \u012ftvirtintas bendro gyvenimo nesudarius santuokos \u2013 partneryst\u0117s \u2013 institutas, ta\u010diau kartu numatyta, kad partneryst\u0117 tur\u0117t\u0173 b\u016bti reglamentuota atskiru \u012fstatymu. Pastarasis Lietuvoje n\u0117ra priimtas daugiau nei 20 met\u0173. Toki\u0105 situacij\u0105 KT \u012fvertino kaip netoleruotin\u0105 ir diskriminacin\u0119.<\/p>\n","protected":false},"excerpt":{"rendered":"1 nuotr. Kristina Zamaryt\u0117 Sakavi\u010dien\u0117. Eltos nuotr. \u00a0 \u00a0 \u017durnalist\u0173 kalbinta K. Zamaryt\u0117-Sakavi\u010dien\u0117 pabr\u0117\u017e\u0117 esanti politinio pasitik\u0117jimo valstyb\u0117s&hellip;\n","protected":false},"author":2,"featured_media":16962,"comment_status":"","ping_status":"","sticky":false,"template":"","format":"standard","meta":{"footnotes":""},"categories":[13],"tags":[25,30,31,34,35,24,2213,32,33,37,39,36,38,40,5763,23,22,5015,28,29,4427,26,27,5762],"class_list":{"0":"post-16961","1":"post","2":"type-post","3":"status-publish","4":"format-standard","5":"has-post-thumbnail","7":"category-lietuva","8":"tag-antrastes","9":"tag-breaking-news","10":"tag-breakingnews","11":"tag-featured-news","12":"tag-featurednews","13":"tag-headlines","14":"tag-kt","15":"tag-latest-news","16":"tag-latestnews","17":"tag-lietuva","18":"tag-lietuviu","19":"tag-lithuania","20":"tag-lithuanian","21":"tag-lt","22":"tag-lytis","23":"tag-naujienos","24":"tag-news","25":"tag-partneryste","26":"tag-populiariausios-naujienos","27":"tag-populiariausiosnaujienos","28":"tag-projektas","29":"tag-top-stories","30":"tag-topstories","31":"tag-zamaryte-sakaviciene"},"share_on_mastodon":{"url":"","error":""},"_links":{"self":[{"href":"https:\/\/www.europesays.com\/lt\/wp-json\/wp\/v2\/posts\/16961","targetHints":{"allow":["GET"]}}],"collection":[{"href":"https:\/\/www.europesays.com\/lt\/wp-json\/wp\/v2\/posts"}],"about":[{"href":"https:\/\/www.europesays.com\/lt\/wp-json\/wp\/v2\/types\/post"}],"author":[{"embeddable":true,"href":"https:\/\/www.europesays.com\/lt\/wp-json\/wp\/v2\/users\/2"}],"replies":[{"embeddable":true,"href":"https:\/\/www.europesays.com\/lt\/wp-json\/wp\/v2\/comments?post=16961"}],"version-history":[{"count":0,"href":"https:\/\/www.europesays.com\/lt\/wp-json\/wp\/v2\/posts\/16961\/revisions"}],"wp:featuredmedia":[{"embeddable":true,"href":"https:\/\/www.europesays.com\/lt\/wp-json\/wp\/v2\/media\/16962"}],"wp:attachment":[{"href":"https:\/\/www.europesays.com\/lt\/wp-json\/wp\/v2\/media?parent=16961"}],"wp:term":[{"taxonomy":"category","embeddable":true,"href":"https:\/\/www.europesays.com\/lt\/wp-json\/wp\/v2\/categories?post=16961"},{"taxonomy":"post_tag","embeddable":true,"href":"https:\/\/www.europesays.com\/lt\/wp-json\/wp\/v2\/tags?post=16961"}],"curies":[{"name":"wp","href":"https:\/\/api.w.org\/{rel}","templated":true}]}}