{"id":169938,"date":"2026-05-05T08:20:21","date_gmt":"2026-05-05T08:20:21","guid":{"rendered":"https:\/\/www.europesays.com\/lt\/169938\/"},"modified":"2026-05-05T08:20:21","modified_gmt":"2026-05-05T08:20:21","slug":"apklausa-ar-jusu-nuomone-vilniuje-vel-strigs-stadiono-statybos","status":"publish","type":"post","link":"https:\/\/www.europesays.com\/lt\/169938\/","title":{"rendered":"APKLAUSA: Ar, j\u016bs\u0173 nuomone, Vilniuje v\u0117l strigs stadiono statybos?"},"content":{"rendered":"<p><a style=\"font-weight:bold;\" href=\"https:\/\/madeinvilnius.lt\/tema\/nacionalinis-stadionas\/\" target=\"_blank\" rel=\"nofollow noopener\">Nacionalinio stadiono<\/a> projektas ir v\u0117l atsid\u016br\u0117 d\u0117mesio centre \u2013 pasirod\u017eius \u017einioms apie galimus nesutarimus, finansinius i\u0161\u0161\u016bkius ir politines \u012ftampas. Nors projektas laikomas vienu svarbiausi\u0173 sostin\u0117je, jo \u012fgyvendinimas jau ne kart\u0105 buvo sustoj\u0119s.<\/p>\n<p>Dalis vilnie\u010di\u0173 skepti\u0161kai vertina situacij\u0105 ir mano, kad istorija gali pasikartoti. Kiti tikisi, kad \u0161\u012f kart\u0105 projektas pagaliau pajud\u0117s \u012f priek\u012f ir bus s\u0117kmingai u\u017ebaigtas.<\/p>\n<p>Kvie\u010diame balsuoti ir pasidalinti savo nuomone.<\/p>\n","protected":false},"excerpt":{"rendered":"Nacionalinio stadiono projektas ir v\u0117l atsid\u016br\u0117 d\u0117mesio centre \u2013 pasirod\u017eius \u017einioms apie galimus nesutarimus, finansinius i\u0161\u0161\u016bkius ir politines&hellip;\n","protected":false},"author":2,"featured_media":169939,"comment_status":"","ping_status":"","sticky":false,"template":"","format":"standard","meta":{"footnotes":"","_share_on_mastodon":"0"},"categories":[19],"tags":[359,37,39,36,38,40,8620,65,47,104],"class_list":["post-169938","post","type-post","status-publish","format-standard","has-post-thumbnail","category-sportas","tag-apklausa","tag-lietuva","tag-lietuviu","tag-lithuania","tag-lithuanian","tag-lt","tag-nacionalinis-stadionas","tag-naujiena","tag-sportas","tag-sports"],"share_on_mastodon":{"url":"https:\/\/pubeurope.com\/@lt\/116520997825985950","error":""},"_links":{"self":[{"href":"https:\/\/www.europesays.com\/lt\/wp-json\/wp\/v2\/posts\/169938","targetHints":{"allow":["GET"]}}],"collection":[{"href":"https:\/\/www.europesays.com\/lt\/wp-json\/wp\/v2\/posts"}],"about":[{"href":"https:\/\/www.europesays.com\/lt\/wp-json\/wp\/v2\/types\/post"}],"author":[{"embeddable":true,"href":"https:\/\/www.europesays.com\/lt\/wp-json\/wp\/v2\/users\/2"}],"replies":[{"embeddable":true,"href":"https:\/\/www.europesays.com\/lt\/wp-json\/wp\/v2\/comments?post=169938"}],"version-history":[{"count":0,"href":"https:\/\/www.europesays.com\/lt\/wp-json\/wp\/v2\/posts\/169938\/revisions"}],"wp:featuredmedia":[{"embeddable":true,"href":"https:\/\/www.europesays.com\/lt\/wp-json\/wp\/v2\/media\/169939"}],"wp:attachment":[{"href":"https:\/\/www.europesays.com\/lt\/wp-json\/wp\/v2\/media?parent=169938"}],"wp:term":[{"taxonomy":"category","embeddable":true,"href":"https:\/\/www.europesays.com\/lt\/wp-json\/wp\/v2\/categories?post=169938"},{"taxonomy":"post_tag","embeddable":true,"href":"https:\/\/www.europesays.com\/lt\/wp-json\/wp\/v2\/tags?post=169938"}],"curies":[{"name":"wp","href":"https:\/\/api.w.org\/{rel}","templated":true}]}}