{"id":170011,"date":"2026-05-05T09:43:18","date_gmt":"2026-05-05T09:43:18","guid":{"rendered":"https:\/\/www.europesays.com\/lt\/170011\/"},"modified":"2026-05-05T09:43:18","modified_gmt":"2026-05-05T09:43:18","slug":"elektromobiliai-baltijos-regionui-i-ka-atkreipti-demesi","status":"publish","type":"post","link":"https:\/\/www.europesays.com\/lt\/170011\/","title":{"rendered":"Elektromobiliai Baltijos regionui: \u012f k\u0105 atkreipti d\u0117mes\u012f?"},"content":{"rendered":"<p>D\u0117mesys baterij\u0173 sud\u0117\u010diai<\/p>\n<p>Renkantis kasdien\u012f elektrin\u012f automobil\u012f, specialistai pataria ne tik skaityti reklaminius bukletus, bet ir pasidom\u0117ti giliau. Pavyzd\u017eiui, verta pasiai\u0161kinti, kokios konkre\u010dios technologijos slepiasi po k\u0117bulu.<\/p>\n<p>Geras pavyzdys, atspindintis in\u017einerin\u0119 adaptacij\u0105 prie m\u016bs\u0173 regiono s\u0105lyg\u0173, yra taktika, kurios \u0117m\u0117si rimtai \u012f Europos rink\u0105 susitelkusi Piet\u0173 Kor\u0117jos gamintoja \u201e<a rel=\"noopener nofollow\" target=\"_blank\" href=\"https:\/\/www.delfi.lt\/temos\/kia-0\" tag-id=\"55531033\">Kia<\/a>\u201c. \u0160i bendrov\u0117 ne tik perk\u0117l\u0117 dalies elektromobili\u0173 gamyb\u0105 \u012f Slovakij\u0105, o tokius modelius kaip EV4 bei EV5 nuo pat pamat\u0173 k\u016br\u0117 Europoje ir testavo \u017eemyno keliuose. Kor\u0117jie\u010diai taip pat pritaik\u0117 konkre\u010di\u0173 modeli\u0173 versijas atitinkamiems regionams, parinkdami jiems savo chemine sud\u0117timi tinkamesnius akumuliatorius.<\/p>\n<p>       <img decoding=\"async\" src=\"https:\/\/www.europesays.com\/lt\/wp-content\/uploads\/2026\/05\/8cdd1bef-a030-4c91-bdae-077f5d0fe394.jpg\" loading=\"lazy\" alt=\"Kia elektromobilis\"\/>      <\/p>\n<p>Baterijos chemin\u0117 sud\u0117tis yra vienas svarbiausi\u0173 veiksni\u0173, lemian\u010di\u0173 elektromobilio na\u0161um\u0105 ir patikimum\u0105 esant \u0161altam ar kar\u0161tam orui. Pastaraisiais metais rinkoje, ypa\u010d tarp naujai \u012f\u017eengusi\u0173 Kinijos gamintoj\u0173, toki\u0173 kaip BYD, masi\u0161kai i\u0161populiar\u0117jo li\u010dio gele\u017eies fosfato (LFP) baterijos.<\/p>\n<p>Nors \u0161ios baterijos vilioja ma\u017eesne gamybos kaina ir priimtinu ilgaam\u017ei\u0161kumu, pagrindin\u0117 j\u0173 silpnoji vieta yra itin didelis jautrumas \u017eemai temperat\u016brai. Termometrui nukritus \u017eemiau nulio, LFP baterij\u0173 talpa, energijos atidavimo efektyvumas ir nuva\u017eiuojamas atstumas gerokai suma\u017e\u0117ja, o \u012fkrovimo greitis spar\u010diojo \u012fkrovimo stotel\u0117se pastebimai sul\u0117t\u0117ja.<\/p>\n<p>Automobili\u0173 ap\u017evalgininkas, laidos \u201eAutopilotas\u201c \u017eurnalistas Egidijus Babelis pabr\u0117\u017eia, kad Baltijos \u0161ali\u0173 vairuotojams baterijos tipas tur\u0117t\u0173 b\u016bti vienas i\u0161 esmini\u0173 atrankos kriterij\u0173, neretai nustumiantis \u012f antr\u0105 plan\u0105 net ir automobilio dizain\u0105 ar pramog\u0173 sistemas.<\/p>\n<p>       <img decoding=\"async\" src=\"https:\/\/www.europesays.com\/lt\/wp-content\/uploads\/2026\/05\/8514bd98-73ab-4920-a950-84c8972f2c71.jpg\" loading=\"lazy\" alt=\"Egidijus Babelis\"\/>      <\/p>\n<p>\u201eVairuotojai da\u017enai u\u017ekimba u\u017e dideli\u0173, popieriuje gra\u017eiai atrodan\u010di\u0173 nuva\u017eiuojamo atstumo skai\u010di\u0173, ta\u010diau realiomis Lietuvos ar Latvijos \u017eiemos s\u0105lygomis i\u0161ry\u0161k\u0117ja, kad reik\u0117jo atkreipti d\u0117mes\u012f \u012f kit\u0105 detal\u0119 \u2013 baterijos chemin\u0119 sud\u0117t\u012f. Pigesniuose automobiliuose masi\u0161kai naudojamos LFP baterijos yra neblogos vasar\u0105, bet \u017eiem\u0105, ypa\u010d va\u017eiuojant magistrale, j\u0173 nuva\u017eiuojamas atstumas tirpsta grei\u010diau.<\/p>\n<p> Nikelio, mangano ir kobalto (NMC) baterijos yra gerokai atsparesn\u0117s \u0161al\u010dio poveikiui ir stabiliau priima \u012fkrov\u0105. Jeigu toki\u0105 baterij\u0105 turin\u010diame elektromobilyje yra ir \u0161ilumos siurblys, gauname transporto priemon\u0119, kuria dr\u0105siai galima keliauti i\u0161tisus metus\u201c, \u2013 ai\u0161kina \u017einovas.<\/p>\n<p>LFP baterijos pastaruoju metu i\u0161populiar\u0117jo tarp daugyb\u0117s gamintoj\u0173, tad jas galima aptikti ir tokiuose modeliuose kaip antai \u201eTesla Model 3\u201c, kai kuriose \u201eVolvo EX30\u201c versijose, \u201eCitro\u00ebn \u00eb-C3\u201c, \u201eFord Mustang Mach-e\u201c ir t. t. Tuo tarpu Europos vairuotojams si\u016blomas \u201eKia EV5\u201c krosoveris apr\u016bpintas 81,4 kWh talpos NMC baterija. \u0160i technologija pasi\u017eymi \u017eymiai didesniu energijos tankiu ir kur kas geriau i\u0161laiko savo optimalias savybes spaud\u017eiant \u0161altukui.<\/p>\n<p>       <img decoding=\"async\" src=\"https:\/\/www.europesays.com\/lt\/wp-content\/uploads\/2026\/05\/fa54f092-6959-4148-9878-a0f19409c9b9.jpg\" loading=\"lazy\" alt=\"Volvo EX30\"\/>      <\/p>\n<p>Svarbi detal\u0117 \u2013 \u0161ilumos siurblys<\/p>\n<p>Kokia NMC baterij\u0173 nauda, nesunku suprasti ir pama\u010dius, kad jos taip pat montuojamos \u012f \u201eTesla\u201c elektromobili\u0173 \u201eLong Range\u201c bei \u201ePerformance\u201c versijas, taip pat \u012f \u201eBMW i4\u201c, \u201eAudi Q4e-tron\u201c ar \u201eMercedes-Benz EQE\u201c modelius. Tai leid\u017eia gamintojams padidinti \u0161i\u0173 elektromobili\u0173 \u012fveikiam\u0105 nuotol\u012f. O \u017eiem\u0105 j\u012f i\u0161saugoti itin padeda \u0161ilumos siurbliai.<\/p>\n<p>Modern\u016bs \u0161ilumos siurbliai elektromobiliuose veikia i\u0161maniai: jie surenka perteklin\u0119 \u0161ilum\u0105, kuri\u0105 nat\u016braliai i\u0161skiria \u012fvair\u016bs automobilio elektronikos komponentai, ir efektyviai panaudoja j\u0105 salonui \u0161ildyti. \u0160is \u012frenginys \u0161altuoju metu leid\u017eia maksimaliai sutaupyti baterijos energijos, kuri tenka ne ratams sukti, ir, skirting\u0173 tyrim\u0173 duomenimis, i\u0161saugo iki 15 proc. nuva\u017eiuojamo atstumo, kuris kitaip b\u016bt\u0173 prarastas.<\/p>\n<p>Pavyzd\u017eiui, min\u0117tas \u201eKia EV5\u201c modelis su NMC baterija viena \u012fkrova gali \u012fveikti iki 530 kilometr\u0173 atstum\u0105 pagal WLTP cikl\u0105, o kor\u0117jie\u010diai \u0161ilumos siurblius montuoja \u012f visus m\u016bs\u0173 regione parduodamus elektromobilius jau kaip standartin\u0119 \u012frang\u0105.<\/p>\n<p>    <img decoding=\"async\" src=\"https:\/\/www.europesays.com\/lt\/wp-content\/uploads\/2026\/05\/42b9b585-f3d0-45a0-bdd7-f95f44f8b6d3.jpg\" loading=\"lazy\" alt=\"Kia elektromobilis\"\/>      <\/p>\n<p>\u201eD\u0117l spartaus technologij\u0173 vystymosi modern\u016bs vidutinio dyd\u017eio elektromobiliai dabar jau ir \u017eiemi\u0161komis s\u0105lygomis nuva\u017eiuoja per 300 kilometr\u0173 siekian\u010dius atstumus. Tai rei\u0161kia, kad kelion\u0117s be papildom\u0173 sustojim\u0173 mar\u0161rutais Vilnius\u2013Klaip\u0117da ar Talinas\u2013Ryga tampa visi\u0161kai patikima tikrove. O vie\u0161ojo \u012fkrovimo tinklo tankis m\u016bs\u0173 regione jau gali i\u0161spr\u0119sti visus likusius klausimus, kai reikia va\u017eiuoti dar toliau\u201c, \u2013 teigia E. Babelis.<\/p>\n<p>I\u0161vyk\u0173 \u012f gamt\u0105 technologija<\/p>\n<p>Vis d\u0117lto \u0161iuolaikinis <a rel=\"noopener nofollow\" target=\"_blank\" href=\"https:\/\/www.delfi.lt\/temos\/elektromobilis\" tag-id=\"39358895\">elektromobilis<\/a> jau tampa gerokai daugiau nei vien tik transporto priemone, padedan\u010dia \u012fveikti atstum\u0105 i\u0161 ta\u0161ko A \u012f ta\u0161k\u0105 B. Baltijos \u0161alys i\u0161siskiria gausybe atokesni\u0173 sodyb\u0173, \u012f kurias vairuotojai m\u0117gsta leistis vos tik prasid\u0117jus kalendoriniam pavasariui.<\/p>\n<p>\u0160iose i\u0161vykose elektromobili\u0173 vairuotojams itin praver\u010dia V2L (angl. Vehicle-to-Load) technologija. Ji leid\u017eia automobilio baterijoje sukaupt\u0105 elektros energij\u0105 naudoti i\u0161oriniams prietaisams maitinti, atiduodant net iki 3,6 kW gali\u0105. Tiesa, \u0161i funkcija kol kas aptinkama dar ne visuose elektromobiliuose.<\/p>\n<p>Pavyzd\u017eiui, ji nuo pat gamybos prad\u017eios si\u016bloma \u201eKia EV5\u201c visureigyje, kaip ir daugyb\u0117je kit\u0173 kor\u0117jie\u010di\u0173 modeli\u0173, o nuo 2026-\u0173j\u0173 j\u0105 taip pat gal\u0117s u\u017esisakyti \u201e\u0160koda Enyaq\u201c, \u201eRenault Megane E-Tech\u201c ar \u201eBMW iX3\u201c pirk\u0117jai. Ta\u010diau 2026 met\u0173 prad\u017eioje jos vis dar nebuvo \u201eVolkswagen\u201c ar \u201eAudi\u201c elektromobiliuose.<\/p>\n<p>       <img decoding=\"async\" src=\"https:\/\/www.europesays.com\/lt\/wp-content\/uploads\/2026\/05\/78967bab-9a8e-4c05-a94d-68b727c894d8.jpg\" loading=\"lazy\" alt=\"Kia elektromobilis\"\/>      <\/p>\n<p>\u201eJ\u016bs galite nuva\u017eiuoti \u012f mi\u0161k\u0105, e\u017eero pakrant\u0119 ar sodyb\u0105, kurioje dar n\u0117ra \u012fvesta elektra, ir be joki\u0173 r\u016bpes\u010di\u0173 prijungti elektrin\u012f gril\u012f, pakankamai galing\u0105 ap\u0161vietim\u0105, \u0161ildytuvus stovyklavietei ar krauti kelis ne\u0161iojamuosius kompiuterius, jei nusprend\u0117te dirbti nuotoliniu b\u016bdu i\u0161 gamtos. V2L technologija suteikia nepaprast\u0105 autonomijos jausm\u0105 ir laisv\u0119 planuoti savo laik\u0105\u201c, \u2013 pastebi E. Babelis.<\/p>\n","protected":false},"excerpt":{"rendered":"D\u0117mesys baterij\u0173 sud\u0117\u010diai Renkantis kasdien\u012f elektrin\u012f automobil\u012f, specialistai pataria ne tik skaityti reklaminius bukletus, bet ir pasidom\u0117ti giliau.&hellip;\n","protected":false},"author":2,"featured_media":170012,"comment_status":"","ping_status":"","sticky":false,"template":"","format":"standard","meta":{"footnotes":"","_share_on_mastodon":"0"},"categories":[17],"tags":[2057,81,4123,762,37,39,36,38,40,46],"class_list":["post-170011","post","type-post","status-publish","format-standard","has-post-thumbnail","category-verslas","tag-automobilio-pirkimas","tag-business","tag-elektromobilis","tag-kia","tag-lietuva","tag-lietuviu","tag-lithuania","tag-lithuanian","tag-lt","tag-verslas"],"share_on_mastodon":{"url":"https:\/\/pubeurope.com\/@lt\/116521324122085149","error":""},"_links":{"self":[{"href":"https:\/\/www.europesays.com\/lt\/wp-json\/wp\/v2\/posts\/170011","targetHints":{"allow":["GET"]}}],"collection":[{"href":"https:\/\/www.europesays.com\/lt\/wp-json\/wp\/v2\/posts"}],"about":[{"href":"https:\/\/www.europesays.com\/lt\/wp-json\/wp\/v2\/types\/post"}],"author":[{"embeddable":true,"href":"https:\/\/www.europesays.com\/lt\/wp-json\/wp\/v2\/users\/2"}],"replies":[{"embeddable":true,"href":"https:\/\/www.europesays.com\/lt\/wp-json\/wp\/v2\/comments?post=170011"}],"version-history":[{"count":0,"href":"https:\/\/www.europesays.com\/lt\/wp-json\/wp\/v2\/posts\/170011\/revisions"}],"wp:featuredmedia":[{"embeddable":true,"href":"https:\/\/www.europesays.com\/lt\/wp-json\/wp\/v2\/media\/170012"}],"wp:attachment":[{"href":"https:\/\/www.europesays.com\/lt\/wp-json\/wp\/v2\/media?parent=170011"}],"wp:term":[{"taxonomy":"category","embeddable":true,"href":"https:\/\/www.europesays.com\/lt\/wp-json\/wp\/v2\/categories?post=170011"},{"taxonomy":"post_tag","embeddable":true,"href":"https:\/\/www.europesays.com\/lt\/wp-json\/wp\/v2\/tags?post=170011"}],"curies":[{"name":"wp","href":"https:\/\/api.w.org\/{rel}","templated":true}]}}