{"id":170095,"date":"2026-05-05T11:17:14","date_gmt":"2026-05-05T11:17:14","guid":{"rendered":"https:\/\/www.europesays.com\/lt\/170095\/"},"modified":"2026-05-05T11:17:14","modified_gmt":"2026-05-05T11:17:14","slug":"europarlamentaras-gzegozas-braunas-laikas-atsisveikinti-su-eurokolhozu-respublika-lt","status":"publish","type":"post","link":"https:\/\/www.europesays.com\/lt\/170095\/","title":{"rendered":"Europarlamentaras G\u017eego\u017eas Braunas: laikas atsisveikinti su \u201eeurokolhozu\u201c &#8211; Respublika.lt"},"content":{"rendered":"<p style=\"text-align: justify;\" class=\"desktop_banner\">\u00a0<\/p>\n<p>Politikas pasid\u017eiaug\u0117, kad kelion\u0117 \u012f Vilni\u0173 suaktyvino m\u0105stymo procesus, bet i\u0161 karto u\u017edav\u0117 retorin\u012f klausim\u0105 &#8211; kuria linkme \u0161ie procesai pasisuks? G.Brauno teigimu, tiek Lenkijai, tiek Lietuvai v\u0117l kyla egzistencin\u0117 problema &#8211; b\u016bti ar neb\u016bti. I\u0161likti civilizuotais \u017emon\u0117mis ar tapti barbarais. Jis patikslino, jog su tokiais i\u0161\u0161\u016bkiais m\u016bs\u0173 tautos susiduria ne pirm\u0105 kart\u0105 ir pra\u0161\u0117 Dievo pagalbos saugant \u0161ali\u0173 suverenitet\u0105 bei nepriklausomyb\u0119.<\/p>\n<p>Po\u017eymiai, signalizuojantis apie prarandam\u0105 nepriklausomyb\u0119, G.Brauno nuomone, akivaizd\u017eiai matomi vald\u017ei\u0173 vykdomoje tiek vidaus, tiek u\u017esienio politikoje.<\/p>\n<p>Nors atsisakyti nepriklausomyb\u0117s yra kvaila bei amoralu, Var\u0161uva ir Vilnius, kaip jau yra buv\u0119 istorijoje, v\u0117l pakl\u016bsta svetim\u0173j\u0173 valiai ir, nepriklausomai nuo \u0161ali\u0173 dyd\u017eio ar gyventoj\u0173 skai\u010diaus, sutinka tapti p\u0117stininkais svetimame did\u017ei\u0173j\u0173 pasaulini\u0173 gali\u0173 \u017eaidime.<\/p>\n<p>Prisimindamas istorij\u0105, G.Braunas pabr\u0117\u017e\u0117, kad Stalino ar Hitlerio laikais \u017emoni\u0173 kolaboravim\u0105 l\u0117m\u0117 baim\u0117 d\u0117l savo ar artim\u0173j\u0173 gyvyb\u0117s. \u0160iandien niekas nelaiko prid\u0117j\u0119s pistoleto prie smilkinio, ta\u010diau tai nerei\u0161kia, kad lietuviai bei lenkai tur\u0117t\u0173 tapti kolaborantais ar oportunistais.<\/p>\n<p>Politiko teigimu, m\u016bs\u0173 dienomis niekam negresia Sibiras, tod\u0117l kyla klausimas &#8211; kaip po mirties \u017ei\u016br\u0117sime tremt\u012f ir konclagerius i\u0161gyvenusiems savo prot\u0117viams \u012f akis, jeigu \u0161iandien laisva valia ar siekdami asmenin\u0117s naudos, tapsime svetim\u0173j\u0173 \u012frankiais bei atstovausime ne savo \u0161ali\u0173, o j\u0173 interesams?<\/p>\n<p>Tokiais veiksmais m\u016bs\u0173 tautos prisideda prie lotyni\u0161kos-krik\u0161\u010dioni\u0161kos civilizacijos Europoje naikinimo, \u201eatveriant vartus&#8221; barbarams.<\/p>\n<p>Kadangi\u00a0\u201eeurokolhozo&#8221;\u00a0(taip politikas vadina Europos S\u0105jung\u0105) vad\u0173 tikslas &#8211; sunaikinti tautas ir priva\u010di\u0105 nuosavyb\u0119, ko nenori nei dauguma lenk\u0173, nei dauguma lietuvi\u0173, pagrindinis jo ir partijos \u201eKonfederacja Korony Polskiej&#8221; siekis &#8211; tapti nepriklausoma nuo ES \u0161alimi.<\/p>\n<p>Siekti to, pasak politiko, m\u016bs\u0173 tautos tur\u0117t\u0173 kartu, nes, k\u0105 rodo bendra istorija, i\u0161skyrus kelis nesutarim\u0173 de\u0161imtme\u010dius, tiek LDK ir Lenkijos karalyst\u0117s, tiek bendros Respublikos laikais geriausius rezultatus duodavo lietuvi\u0173 bei lenk\u0173 bendradarbiavimas.<\/p>\n<p>\u017dmon\u0117s, jo nuomone, tur\u0117t\u0173 vienytis nepaisant beveid\u017ei\u0173 politik\u0173 ar jiems tarnaujan\u010dios \u017einiasklaidos diktato, nes jie negali laisviems \u017emon\u0117ms nurodin\u0117ti, kur \u0161ie gali vykti, su kuo bendrauti ir t.t.<\/p>\n<p>Atkreip\u0117 jis d\u0117mes\u012f ir \u012f tai, jog daugeliui Lietuvos pilie\u010di\u0173 nepatinka valdan\u010di\u0173j\u0173 bandymai perra\u0161in\u0117ti istorij\u0105 ir trinti i\u0161 jos i\u0161kilias asmenybes. G.Brauno teigimu, tokie veiksmai ne tik kenkia \u0161alies valstybingumui, bet ir yra ai\u0161k\u016bs pras\u010dioki\u0161kumo bei barbarizmo po\u017eymiai.<\/p>\n<p>Politinis dialogas tarp kaimyn\u0173 turi vykti be istorijos i\u0161kraipymo, nes valstyb\u0117s i\u0161lieka ir stipr\u0117ja tik tuomet, kai r\u016bpinasi savo \u017emon\u0117mis ir saugo savo istorij\u0105. Jis ragino semtis tvirtyb\u0117s i\u0161 garsi\u0173 abiej\u0173 \u0161ali\u0173 prot\u0117vi\u0173 bei j\u0173 darb\u0173, ta\u010diau persp\u0117jo nepersistengti idant patriotizmas neperaugt\u0173 \u012f \u0161ovinizm\u0105.<\/p>\n<p>Veikti, G.Brauno teigimu, reikia nedelsiant, nes \u0161iandien m\u016bs\u0173 tautos nyksta be joki\u0173 tr\u0117mim\u0173 ar koncentracij\u0173 stovykl\u0173. Abejose \u0161alyse daugiau \u017emoni\u0173 mir\u0161ta negu gimsta. Tiek lenkai, tiek lietuviai emigruoja ie\u0161kodami geresnio gyvenimo, o j\u0173 viet\u0105 u\u017eima ukrainie\u010diai bei atvyk\u0117liai i\u0161 tre\u010di\u0173j\u0173 \u0161ali\u0173, kas kei\u010dia etnin\u0119 gyventoj\u0173 sud\u0117t\u012f.<\/p>\n<p>\u017dydai trina ne tik Palestinos, bet ir Lenkijos istorij\u0105 o vald\u017eioje esantys u\u017esienio valstybi\u0173 agentai, politiko nuomone, tuo d\u017eiaugiasi ir skatina tokius procesus. Visus, kurie tam nepritaria, Vilnius bei Var\u0161uva siekia eliminuoti i\u0161 politikos ir vie\u0161osios erdv\u0117s, kaltindami tolerancijos stoka, antisemitizmu arba parsidavimu rusams.<\/p>\n<p>Jis atkreip\u0117 d\u0117mes\u012f \u012f tai, jog po\u017ei\u016br\u012f \u012f rusus netrukus gali tekti keisti, nes Vakarai ir Rytai baigia susitarti, ta\u010diau suabejojo, ar did\u017ei\u0173j\u0173 pasaulio imperij\u0173 sandoriai atitinka lietuvi\u0173 bei lenk\u0173 interesus.<\/p>\n<p>G.Braunas pabr\u0117\u017e\u0117, kad jo partija ir \u0161alininkai nori skaidrumo, o ne u\u017ekulisini\u0173 \u017eaidim\u0173, nori taikos, o ne karo, tod\u0117l neigiamai vertina visus tuos, kurie Lietuv\u0105 ir Lenkij\u0105 stumia \u012f konflikt\u0105, \u0161altoji ar kar\u0161toji tai b\u016bt\u0173 faz\u0117.<\/p>\n<p>Kaip pavyzd\u012f jis pamin\u0117jo Lietuvos vald\u017eios atidaryt\u0105 Taivano atstovyb\u0119, kas baig\u0117si rimtu, milijardinius nuostolius ekonomikai pridariusiu ir dar tebesit\u0119sian\u010diu konfliktu su Kinija.<\/p>\n<p>Buvo prisimintas ir Minskas &#8211; Va\u0161ingtonui gerinant santykius su Aliaksandru Luka\u0161enka ir naikinant Baltarusijai sankcijas, Var\u0161uva ir Vilnius, es\u0105 vykdydami Vakar\u0173 kuratori\u0173 nurodymus, toliau remia j\u0173 pa\u010di\u0173 \u201ei\u0161rinkt\u0105 prezident\u0119&#8221; Sviatlan\u0105 Cihanouskaj\u0105.<\/p>\n<p>Pasak G.Brauno, tai yra ne kas kita, kaip politin\u0117 provokacija. Jis ragino Lietuv\u0105 nebeb\u016bti Vakar\u0173 manipuliacijos bei provokacijoms naudojama platforma. Politikas nesl\u0117p\u0117 norintis, kad Lenkija bei Lietuva gyvent\u0173 ilgai ir laimingai, norintis matyti \u0161ali\u0173 ir j\u0173 \u017emoni\u0173 vienyb\u0119, ta\u010diau to tikrai nebus, jeigu \u017emon\u0117s pasiduos \u017ealiomis, vaivoryk\u0161tin\u0117mis ar \u017eydromis v\u0117liavomis mojuojantiems anticivilizacijos apologetams.<\/p>\n<p>Kod\u0117l \u017eydai, anglosaksai ar rusai turi mums ai\u0161kinti, kaip turime gyventi bei tvarkytis savo \u0161alyse, kaip turime ra\u0161yti savo istorij\u0105, v\u0117l retori\u0161kai teiravosi jis.<\/p>\n<p>Jis sutiko su susirinkusi\u0173j\u0173 i\u0161sakyta nuomone, kad Var\u0161uvos \u012f Vilni\u0173 skiriami ambasadoriai visai nesir\u016bpina Lietuvos lenk\u0173 reikalais ir neatstovauja j\u0173 interes\u0173. Pasak G.Brauno, jie taikstosi prie\u00a0\u201eeurokolhozo&#8221;\u00a0pozicijos, taip vald\u017eiai palengvindami bendravim\u0105 su Briuseliu.<\/p>\n<p>Politikas pasijuok\u0117 i\u0161 teigini\u0173 apie jo es\u0105 keliam\u0105 pavoj\u0173 Lietuvai. Kokia tada \u0161i valstyb\u0117, jeigu tokia delegacija kaip m\u016bs\u0173 gal\u0117t\u0173 kelti jai pavoj\u0173, garsiai svarst\u0117 G.Braunas bei palink\u0117jo Vilniui daugiau d\u0117mesio skirti vidaus problemoms, o ne \u201esirgti svetimomis ligomis&#8221;.<\/p>\n<p>Diskutuodamas apie Rusij\u0105, jis pabr\u0117\u017e\u0117, kad \u0161ios \u0161alies keliamas pavojus yra realus ir situacija bet kuriuo metu gali tapti nekontroliuojama. G.Brauno teigimu, nei Lietuva, nei Lenkija negali u\u017etikrinti taikos regione, ta\u010diau gali nepridaryti problem\u0173 nei sau, nei aplinkiniams ir ma\u017eiau kalb\u0117ti apie \u201ediktatorius&#8221; ir \u201e\u0161ali\u0173 i\u0161trynim\u0105 i\u0161 \u017eem\u0117lapio&#8221;.<\/p>\n<p>Vald\u017eios netur\u0117t\u0173 niekam link\u0117ti mirties ar \u017elugimo bei baigti su provokacijomis, ta\u010diau tai bus galima tik tuomet, kai \u0161alys tvarkysis savaranki\u0161kai, o ne vykdys i\u0161 Vakar\u0173 gaunamas komandas. Tiesa, norint atgauti nepriklausomyb\u0119, pirma reikia suvokti ir pripa\u017einti, kad j\u012f yra prarasta.<\/p>\n<p>Visgi, nepaisant nuolat pabr\u0117\u017eiamo bendradarbiavimo b\u016btinyb\u0117s, G.Braunas patikino, kad jeigu karas visgi kilt\u0173, ko niekas nelinki, jis b\u016bt\u0173 prie\u0161 tai, jog lenk\u0173 kariai pad\u0117t\u0173 Lietuvos kariuomenei.<\/p>\n<p>Pasak politiko, Lietuvos niekas nepuola, ta\u010diau Vilnius pats provokuoja kaimynines \u0161alis ir siekia sukelti kar\u0105, o jis yra u\u017e taik\u0105 ir gerus santykius su visais. Tiesa, priekai\u0161t\u0173 jis negail\u0117jo ir Var\u0161uvai, nes pastaroji es\u0105 irgi siekia eskalacijos.<\/p>\n<p>Trumpai apie G.Brauno pasisakymus<\/p>\n<p>Politikas apib\u016bdinamas kaip kra\u0161tutini\u0173 de\u0161ini\u0173j\u0173 pa\u017ei\u016br\u0173 nacionalistas. Jo kadencija Lenkijos parlamente pasi\u017eym\u0117jo daugybe antisemitini\u0173 incident\u0173. 2023 m. jis \u012fsiver\u017e\u0117 \u012f paskait\u0105 apie Holokaust\u0105 ir laid\u0117 \u012f\u017eeid\u017eian\u010dius komentarus apie \u017eydus. V\u0117liau tais pa\u010diais metais Seime gesintuvu u\u017egesino Chanukos menor\u0105.<\/p>\n<p>2025 m. gegu\u017e\u0119 Europos Parlamentas panaikino jo imunitet\u0105, o liep\u0105 jam buvo pateikti kaltinimai d\u0117l septyni\u0173 nusikalstam\u0173 veik\u0173, susijusi\u0173 su daugybe incident\u0173, \u012fvykusi\u0173 2022-2023 m. Taip pat G.Braunas vie\u0161ai neig\u0117, kad naciai Antrojo pasaulinio karo metu Au\u0161vico koncentracijos stovykloje naudojo duj\u0173 kameras.<\/p>\n<p><img loading=\"lazy\" decoding=\"async\" src=\"https:\/\/www.europesays.com\/lt\/wp-content\/uploads\/2026\/05\/b1.jpg\" alt=\"\" width=\"580\" height=\"387\"\/><\/p>\n<p>G\u017eego\u017eas Braunas parlamente gesintuvu u\u017egesino menor\u0105. EPA-Eltos nuotr.<\/p>\n","protected":false},"excerpt":{"rendered":"\u00a0 Politikas pasid\u017eiaug\u0117, kad kelion\u0117 \u012f Vilni\u0173 suaktyvino m\u0105stymo procesus, bet i\u0161 karto u\u017edav\u0117 retorin\u012f klausim\u0105 &#8211; kuria&hellip;\n","protected":false},"author":2,"featured_media":170096,"comment_status":"","ping_status":"","sticky":false,"template":"","format":"standard","meta":{"footnotes":"","_share_on_mastodon":"0"},"categories":[13],"tags":[25,1496,27622,30,31,27624,27623,34,35,24,32,33,140,37,39,36,38,40,23,22,28,29,119,1295,26,27,626,4089,1453],"class_list":["post-170095","post","type-post","status-publish","format-standard","has-post-thumbnail","category-lietuva","tag-antrastes","tag-baltarusija","tag-braunas","tag-breaking-news","tag-breakingnews","tag-eurokolhozas","tag-europarlamentas","tag-featured-news","tag-featurednews","tag-headlines","tag-latest-news","tag-latestnews","tag-lenkija","tag-lietuva","tag-lietuviu","tag-lithuania","tag-lithuanian","tag-lt","tag-naujienos","tag-news","tag-populiariausios-naujienos","tag-populiariausiosnaujienos","tag-rusija","tag-taivanas","tag-top-stories","tag-topstories","tag-vilnius","tag-vizitas","tag-zydai"],"share_on_mastodon":{"url":"https:\/\/pubeurope.com\/@lt\/116521693657460715","error":""},"_links":{"self":[{"href":"https:\/\/www.europesays.com\/lt\/wp-json\/wp\/v2\/posts\/170095","targetHints":{"allow":["GET"]}}],"collection":[{"href":"https:\/\/www.europesays.com\/lt\/wp-json\/wp\/v2\/posts"}],"about":[{"href":"https:\/\/www.europesays.com\/lt\/wp-json\/wp\/v2\/types\/post"}],"author":[{"embeddable":true,"href":"https:\/\/www.europesays.com\/lt\/wp-json\/wp\/v2\/users\/2"}],"replies":[{"embeddable":true,"href":"https:\/\/www.europesays.com\/lt\/wp-json\/wp\/v2\/comments?post=170095"}],"version-history":[{"count":0,"href":"https:\/\/www.europesays.com\/lt\/wp-json\/wp\/v2\/posts\/170095\/revisions"}],"wp:featuredmedia":[{"embeddable":true,"href":"https:\/\/www.europesays.com\/lt\/wp-json\/wp\/v2\/media\/170096"}],"wp:attachment":[{"href":"https:\/\/www.europesays.com\/lt\/wp-json\/wp\/v2\/media?parent=170095"}],"wp:term":[{"taxonomy":"category","embeddable":true,"href":"https:\/\/www.europesays.com\/lt\/wp-json\/wp\/v2\/categories?post=170095"},{"taxonomy":"post_tag","embeddable":true,"href":"https:\/\/www.europesays.com\/lt\/wp-json\/wp\/v2\/tags?post=170095"}],"curies":[{"name":"wp","href":"https:\/\/api.w.org\/{rel}","templated":true}]}}