{"id":170847,"date":"2026-05-06T08:51:10","date_gmt":"2026-05-06T08:51:10","guid":{"rendered":"https:\/\/www.europesays.com\/lt\/170847\/"},"modified":"2026-05-06T08:51:10","modified_gmt":"2026-05-06T08:51:10","slug":"zilinos-gamykloje-pradedama-naujojo-kia-xceed-gamyba","status":"publish","type":"post","link":"https:\/\/www.europesays.com\/lt\/170847\/","title":{"rendered":"\u017dilinos gamykloje pradedama naujojo \u201eKia XCeed\u201c gamyba"},"content":{"rendered":"<p>Naujasis modelis buvo suprojektuotas laikantis \u201eKia\u201c dizaino filosofijos \u201eOpposites United\u201c (suvienytos prie\u0161yb\u0117s), kuria siekiama harmoningai derinti nat\u016bralias formas su moderniomis technologijomis. Tai leido sukurti transporto priemon\u0119, kuri i\u0161siskiria ne tik estetika, bet ir funkcionalumu, atitinkan\u010diu \u0161iuolaikini\u0173 vairuotoj\u0173 l\u016bkes\u010dius.<\/p>\n<p>Svarbus \u017eingsnis stiprinant pozicijas Europoje<\/p>\n<p>\u201eNaujojo XCeed gamybos prad\u017eia \u017eymi jaudinant\u012f \u201eKia\u201c veiklos Europoje etap\u0105. Mes remiam\u0117s t\u0119stine \u0161io gerai \u017einomo ir regione populiaraus modelio s\u0117kme, \u2013 sako \u201eKia Europe\u201c prezidentas ir generalinis direktorius Soohangas Changas. \u2013 M\u016bs\u0173 gamykloje Slovakijoje \u012fdiegtos modernizuotos gamybos linijos, pritaikytos ple\u010diamai elektrifikuot\u0173 modeli\u0173 gamai. \u0160is modelis sukurtas stiprinti m\u016bs\u0173 pozicijas itin konkurencingame C segmente. Jis praturtina m\u016bs\u0173 pasi\u016bl\u0105 klientams ir prisideda prie pla\u010dios bei lanks\u010dios pavaros sistem\u0173 gamos \u2013 nuo benzinini\u0173 ir \u0161velni\u0173j\u0173 hibrid\u0173 iki visi\u0161kai elektrini\u0173 transporto priemoni\u0173.\u201c<\/p>\n<p>       <img decoding=\"async\" src=\"https:\/\/www.europesays.com\/lt\/wp-content\/uploads\/2026\/05\/a17cb1a1-a77e-41da-90d1-226224e0fa57.jpg\" loading=\"lazy\" alt=\"\u017dilinos gamykloje pradedama naujojo \u201eKia XCeed\u201c gamyba\"\/>      <\/p>\n<p>Stiprus \u017eaid\u0117jas C segmente<\/p>\n<p>Atlikus visapusi\u0161k\u0105 modelio atnaujinim\u0105, naujasis \u201eXCeed\u201c tapo rimtu pretendentu \u012f lyderius did\u017eiausiame ir konkurencingiausiame Europos automobili\u0173 sektoriuje. Patobulinta technologin\u0117 \u012franga ir pavaros sistem\u0173 pasirinkimas, apimantis benzinines bei \u0161velniojo hibrido (angl. mild hybrid) parinktis, paver\u010dia \u0161\u012f model\u012f subalansuotu pasi\u016blymu vertinantiems na\u0161um\u0105 ir ekonomi\u0161kum\u0105.<\/p>\n<p>\u0160is krosoveris pasi\u017eymi universaliomis savyb\u0117mis, kurios aktualios kasdieniam naudojimui. Jis sujungia eleganti\u0161k\u0105 stili\u0173 su dinami\u0161ku charakteriu. Salone vairuotoj\u0173 laukia naujausios jungiamumo galimyb\u0117s, \u012fskaitant dvigub\u0105 12,3 colio informacijos ir pramog\u0173 ekran\u0105. Taip pat \u012fdiegtos tokios patogumo funkcijos kaip \u201eDigital Key 2.0\u201c (skaitmeninis raktas telefone) bei u\u017etikrintas dar didesnis va\u017eiavimo komfortas.<\/p>\n<p>       <img decoding=\"async\" src=\"https:\/\/www.europesays.com\/lt\/wp-content\/uploads\/2026\/05\/2c5e0c86-b469-4ebc-9408-672def57d8f6.jpg\" loading=\"lazy\" alt=\"\u017dilinos gamykloje pradedama naujojo \u201eKia XCeed\u201c gamyba\"\/>      <\/p>\n<p>Gamybos lyderyst\u0117 Slovakijoje<\/p>\n<p>\u201eKia\u201c gamykla \u017dilinoje yra kertinis bendrov\u0117s veiklos Europoje akmuo nuo pat jos atidarymo 2004 metais. Beveik dviej\u0173 kvadratini\u0173 kilometr\u0173 plot\u0105 u\u017eiman\u010dioje gamykloje veikia penki pagrindiniai padaliniai: presavimo, k\u0117bul\u0173 surinkimo, da\u017eymo, varikli\u0173 gamybos ir galutinio surinkimo skyriai. \u010cia dirba apie 3 700 darbuotoj\u0173, kuriems talkina daugiau nei 600 robot\u0173.<\/p>\n<p>\u0160i\u0173 met\u0173 gruod\u012f gamykla \u0161v\u0119s dviej\u0173 de\u0161imtme\u010di\u0173 veiklos Europoje jubiliej\u0173. Nuoseklios investicijos \u012f \u0161\u012f objekt\u0105 leid\u017eia \u201eKia\u201c bendrovei operatyviai reaguoti \u012f rinkos poky\u010dius ir u\u017etikrinti auk\u0161\u010diausi\u0105 gaminam\u0173 automobili\u0173 kokyb\u0119.<\/p>\n","protected":false},"excerpt":{"rendered":"Naujasis modelis buvo suprojektuotas laikantis \u201eKia\u201c dizaino filosofijos \u201eOpposites United\u201c (suvienytos prie\u0161yb\u0117s), kuria siekiama harmoningai derinti nat\u016bralias formas&hellip;\n","protected":false},"author":2,"featured_media":170848,"comment_status":"","ping_status":"","sticky":false,"template":"","format":"standard","meta":{"footnotes":"","_share_on_mastodon":"0"},"categories":[17],"tags":[903,81,762,37,39,36,38,40,3618,46],"class_list":["post-170847","post","type-post","status-publish","format-standard","has-post-thumbnail","category-verslas","tag-automobiliu-gamyba","tag-business","tag-kia","tag-lietuva","tag-lietuviu","tag-lithuania","tag-lithuanian","tag-lt","tag-naujas-automobilis","tag-verslas"],"share_on_mastodon":{"url":"https:\/\/pubeurope.com\/@lt\/116526781851541138","error":""},"_links":{"self":[{"href":"https:\/\/www.europesays.com\/lt\/wp-json\/wp\/v2\/posts\/170847","targetHints":{"allow":["GET"]}}],"collection":[{"href":"https:\/\/www.europesays.com\/lt\/wp-json\/wp\/v2\/posts"}],"about":[{"href":"https:\/\/www.europesays.com\/lt\/wp-json\/wp\/v2\/types\/post"}],"author":[{"embeddable":true,"href":"https:\/\/www.europesays.com\/lt\/wp-json\/wp\/v2\/users\/2"}],"replies":[{"embeddable":true,"href":"https:\/\/www.europesays.com\/lt\/wp-json\/wp\/v2\/comments?post=170847"}],"version-history":[{"count":0,"href":"https:\/\/www.europesays.com\/lt\/wp-json\/wp\/v2\/posts\/170847\/revisions"}],"wp:featuredmedia":[{"embeddable":true,"href":"https:\/\/www.europesays.com\/lt\/wp-json\/wp\/v2\/media\/170848"}],"wp:attachment":[{"href":"https:\/\/www.europesays.com\/lt\/wp-json\/wp\/v2\/media?parent=170847"}],"wp:term":[{"taxonomy":"category","embeddable":true,"href":"https:\/\/www.europesays.com\/lt\/wp-json\/wp\/v2\/categories?post=170847"},{"taxonomy":"post_tag","embeddable":true,"href":"https:\/\/www.europesays.com\/lt\/wp-json\/wp\/v2\/tags?post=170847"}],"curies":[{"name":"wp","href":"https:\/\/api.w.org\/{rel}","templated":true}]}}