{"id":17143,"date":"2025-10-14T06:21:04","date_gmt":"2025-10-14T06:21:04","guid":{"rendered":"https:\/\/www.europesays.com\/lt\/17143\/"},"modified":"2025-10-14T06:21:04","modified_gmt":"2025-10-14T06:21:04","slug":"klausimais-uzversta-kristina-meseguer-atsake-ar-turi-nauja-sirdies-drauga","status":"publish","type":"post","link":"https:\/\/www.europesays.com\/lt\/17143\/","title":{"rendered":"Klausimais u\u017eversta Kristina Meseguer atsak\u0117, ar turi nauj\u0105 \u0161irdies draug\u0105"},"content":{"rendered":"<p>Be \u012fvairi\u0173 nuotyki\u0173 ar patir\u010di\u0173 \u017einoma lietuv\u0117 savo sek\u0117jams dovanoja ir atvirumo akimirkas. Pavyzd\u017eiui, vienoje klausim\u0173-atsakym\u0173 sesijoje \u201eInstagram\u201c tinkle ji atsak\u0117 \u012f bene populiariausi\u0105 klausim\u0105 \u2013 ar jos \u0161irdis u\u017eimta.<\/p>\n<p>Klausimo \u201eJ\u016bs jau turite draug\u0105?\u201c sulaukusi Kristina nesutriko ir steng\u0117si b\u016bti atvira.<\/p>\n<p>\u201eLabai aktualus klausimas \u2013 ar a\u0161 turiu draug\u0105. Tai tikrai ne. Kol kas to draugo mano horizonte net ne\u0161vie\u010dia. Absoliu\u010diai n\u0117ra. N\u0117ra jokios simpatijos. Neturiu tam nei noro, nei laiko. <\/p>\n<p>Kol kas man prioritetai yra kiti \u2013 mano sveikata, kuri yra bloga ir blogesn\u0117, nei buvo, bet taip sakant, daugiau nesisk\u0173siu ir nepasakosiu, nes daug kas i\u0161 Lietuvos sak\u0117, jog skund\u017eiuosi. Dabar yra ir daugiau sveikatos problem\u0173 ir dabar apskritai ne\u017einau, k\u0105 daryti. Taip sakant, per nervus susigadini vis\u0105 sveikat\u0105. <\/p>\n<p>Tod\u0117l visa ta draugo tema man dabar yra \u0161one ir ji man n\u0117ra prioritetas. A\u0161 keturis m\u0117nesius esu viena ir galvoju, jog man labai gerai yra b\u016bti vienai. K\u0105 noriu, t\u0105 darau, kur noriu, ten a\u0161 keliauju\u201c, \u2013 teig\u0117 \u017einoma moteris.<\/p>\n<p>\u201eInstagram\u201c tinkle Kristin\u0105 seka apie 170 t\u016bkst. internaut\u0173.<\/p>\n","protected":false},"excerpt":{"rendered":"Be \u012fvairi\u0173 nuotyki\u0173 ar patir\u010di\u0173 \u017einoma lietuv\u0117 savo sek\u0117jams dovanoja ir atvirumo akimirkas. Pavyzd\u017eiui, vienoje klausim\u0173-atsakym\u0173 sesijoje \u201eInstagram\u201c&hellip;\n","protected":false},"author":2,"featured_media":17144,"comment_status":"","ping_status":"","sticky":false,"template":"","format":"standard","meta":{"footnotes":""},"categories":[21],"tags":[113,2349,37,39,36,38,40,114],"class_list":{"0":"post-17143","1":"post","2":"type-post","3":"status-publish","4":"format-standard","5":"has-post-thumbnail","7":"category-pramogos","8":"tag-entertainment","9":"tag-kristina-meseguer","10":"tag-lietuva","11":"tag-lietuviu","12":"tag-lithuania","13":"tag-lithuanian","14":"tag-lt","15":"tag-pramogos"},"share_on_mastodon":{"url":"","error":""},"_links":{"self":[{"href":"https:\/\/www.europesays.com\/lt\/wp-json\/wp\/v2\/posts\/17143","targetHints":{"allow":["GET"]}}],"collection":[{"href":"https:\/\/www.europesays.com\/lt\/wp-json\/wp\/v2\/posts"}],"about":[{"href":"https:\/\/www.europesays.com\/lt\/wp-json\/wp\/v2\/types\/post"}],"author":[{"embeddable":true,"href":"https:\/\/www.europesays.com\/lt\/wp-json\/wp\/v2\/users\/2"}],"replies":[{"embeddable":true,"href":"https:\/\/www.europesays.com\/lt\/wp-json\/wp\/v2\/comments?post=17143"}],"version-history":[{"count":0,"href":"https:\/\/www.europesays.com\/lt\/wp-json\/wp\/v2\/posts\/17143\/revisions"}],"wp:featuredmedia":[{"embeddable":true,"href":"https:\/\/www.europesays.com\/lt\/wp-json\/wp\/v2\/media\/17144"}],"wp:attachment":[{"href":"https:\/\/www.europesays.com\/lt\/wp-json\/wp\/v2\/media?parent=17143"}],"wp:term":[{"taxonomy":"category","embeddable":true,"href":"https:\/\/www.europesays.com\/lt\/wp-json\/wp\/v2\/categories?post=17143"},{"taxonomy":"post_tag","embeddable":true,"href":"https:\/\/www.europesays.com\/lt\/wp-json\/wp\/v2\/tags?post=17143"}],"curies":[{"name":"wp","href":"https:\/\/api.w.org\/{rel}","templated":true}]}}