{"id":171737,"date":"2026-05-07T09:36:40","date_gmt":"2026-05-07T09:36:40","guid":{"rendered":"https:\/\/www.europesays.com\/lt\/171737\/"},"modified":"2026-05-07T09:36:40","modified_gmt":"2026-05-07T09:36:40","slug":"alytaus-apskrityje-deklaruota-milijonine-gpm-permoka-dalis-gyventoju-dar-delsia","status":"publish","type":"post","link":"https:\/\/www.europesays.com\/lt\/171737\/","title":{"rendered":"Alytaus apskrityje deklaruota milijonin\u0117 GPM permoka: dalis gyventoj\u0173 dar delsia"},"content":{"rendered":"<p>Klausykite Jums patogiu metu \u2013 prenumeruokite podcast\u2019\u0105:<\/p>\n<p>Pasibaigus 2025 met\u0173 pajam\u0173 ir turto deklaravimo laikotarpiui, Alytaus apskrities gyventojai pateik\u0117 daugiau nei 74 t\u016bkst. gyventoj\u0173 pajam\u0173 mokes\u010dio (GPM) deklaracij\u0173. Taip pat pateikta per 4,5 t\u016bkst. turto deklaracij\u0173 ir beveik 23 t\u016bkst. pra\u0161ym\u0173 skirti dal\u012f GPM paramai.<\/p>\n<p>Kauno apskrities valstybin\u0117s mokes\u010di\u0173 inspekcijos duomenimis, apie 35 t\u016bkst. gyventoj\u0173 deklaravo 14,8 mln. eur\u0173 GPM permok\u0105, o dar 21 t\u016bkst. nurod\u0117 mok\u0117tin\u0105 13 mln. eur\u0173 sum\u0105.<\/p>\n<p>\u201eGyventojai, deklaracijas pateik\u0119 teisingai ir laiku, permokas atgaus ne v\u0117liau kaip iki liepos 31 dienos\u201c, \u2013 teigia Kauno AVMI vir\u0161inink\u0117 Judita Stankien\u0117. Did\u017eioji dalis savaranki\u0161kai dirban\u010di\u0173 gyventoj\u0173 savo prievoles jau \u012fvykd\u0117 \u2013 83 proc. deklaracijas pateik\u0117 laiku. Vis d\u0117lto apie 2,2 t\u016bkst. gyventoj\u0173 dar tur\u0117t\u0173 suskubti tai padaryti. VMI primena, kad deklaracij\u0105 b\u016btina pateikti net ir tuo atveju, jei pajam\u0173 nebuvo \u2013 tokiu atveju nurodoma nulin\u0117 suma.<\/p>\n<p>Nepateikus deklaracijos laiku, pirmiausia siun\u010diamas priminimas. Jei gyventojas turi mok\u0117tin\u0105 sum\u0105 ir susiduria su finansiniais sunkumais, jis gali kreiptis d\u0117l mok\u0117jimo i\u0161d\u0117stymo dalimis. Prie\u0161ingu atveju, nesumok\u0117ta suma gali b\u016bti nuskai\u010diuota nuo banko s\u0105skaitos.<\/p>\n<p>VMI ragina gyventojus neatid\u0117lioti ir laiku \u012fvykdyti savo mokestines prievoles.<\/p>\n","protected":false},"excerpt":{"rendered":"Klausykite Jums patogiu metu \u2013 prenumeruokite podcast\u2019\u0105: Pasibaigus 2025 met\u0173 pajam\u0173 ir turto deklaravimo laikotarpiui, Alytaus apskrities gyventojai&hellip;\n","protected":false},"author":2,"featured_media":171738,"comment_status":"","ping_status":"","sticky":false,"template":"","format":"standard","meta":{"footnotes":"","_share_on_mastodon":"0"},"categories":[6],"tags":[7005,25,30,31,34,35,7006,24,32,33,37,39,36,38,40,23,22,28,29,26,27,1572],"class_list":["post-171737","post","type-post","status-publish","format-standard","has-post-thumbnail","category-antrastes","tag-alytaus-radijas","tag-antrastes","tag-breaking-news","tag-breakingnews","tag-featured-news","tag-featurednews","tag-fm99","tag-headlines","tag-latest-news","tag-latestnews","tag-lietuva","tag-lietuviu","tag-lithuania","tag-lithuanian","tag-lt","tag-naujienos","tag-news","tag-populiariausios-naujienos","tag-populiariausiosnaujienos","tag-top-stories","tag-topstories","tag-vmi"],"share_on_mastodon":{"url":"https:\/\/pubeurope.com\/@lt\/116532621034344708","error":""},"_links":{"self":[{"href":"https:\/\/www.europesays.com\/lt\/wp-json\/wp\/v2\/posts\/171737","targetHints":{"allow":["GET"]}}],"collection":[{"href":"https:\/\/www.europesays.com\/lt\/wp-json\/wp\/v2\/posts"}],"about":[{"href":"https:\/\/www.europesays.com\/lt\/wp-json\/wp\/v2\/types\/post"}],"author":[{"embeddable":true,"href":"https:\/\/www.europesays.com\/lt\/wp-json\/wp\/v2\/users\/2"}],"replies":[{"embeddable":true,"href":"https:\/\/www.europesays.com\/lt\/wp-json\/wp\/v2\/comments?post=171737"}],"version-history":[{"count":0,"href":"https:\/\/www.europesays.com\/lt\/wp-json\/wp\/v2\/posts\/171737\/revisions"}],"wp:featuredmedia":[{"embeddable":true,"href":"https:\/\/www.europesays.com\/lt\/wp-json\/wp\/v2\/media\/171738"}],"wp:attachment":[{"href":"https:\/\/www.europesays.com\/lt\/wp-json\/wp\/v2\/media?parent=171737"}],"wp:term":[{"taxonomy":"category","embeddable":true,"href":"https:\/\/www.europesays.com\/lt\/wp-json\/wp\/v2\/categories?post=171737"},{"taxonomy":"post_tag","embeddable":true,"href":"https:\/\/www.europesays.com\/lt\/wp-json\/wp\/v2\/tags?post=171737"}],"curies":[{"name":"wp","href":"https:\/\/api.w.org\/{rel}","templated":true}]}}