{"id":171956,"date":"2026-05-07T15:07:11","date_gmt":"2026-05-07T15:07:11","guid":{"rendered":"https:\/\/www.europesays.com\/lt\/171956\/"},"modified":"2026-05-07T15:07:11","modified_gmt":"2026-05-07T15:07:11","slug":"makaronu-tiltai-2025-moksleiviai-varzosi-del-titulo","status":"publish","type":"post","link":"https:\/\/www.europesays.com\/lt\/171956\/","title":{"rendered":"\u201eMakaron\u0173 tiltai 2025\u201c: moksleiviai var\u017eosi d\u0117l titulo"},"content":{"rendered":"<p>  <img decoding=\"async\" src=\"https:\/\/www.europesays.com\/lt\/wp-content\/uploads\/2026\/05\/b56d5e6b-1fbb-43c0-9eb8-02a8ccd7d07d.jpg\" loading=\"lazy\" alt=\"\u010cempionato \u201eMakaron\u0173 tiltai\u201c finalas\"\/>      <\/p>\n<p>Renginio metu dalyviai pristat\u0117 i\u0161 makaron\u0173 ir klij\u0173 sukonstruotus tiltus, o v\u0117liau vyko demonstraciniai bandymai, kuri\u0173 metu buvo tikrinama, kuris tiltas atlaikys did\u017eiausi\u0105 apkrov\u0105. \u010cempionatas tradici\u0161kai tapo ne tik in\u017einerini\u0173 geb\u0117jim\u0173, bet ir k\u016brybi\u0161kumo bei komandinio darbo i\u0161bandymu.<\/p>\n<p>    <img decoding=\"async\" src=\"https:\/\/www.europesays.com\/lt\/wp-content\/uploads\/2026\/05\/3136a501-1bb8-4164-bc91-086399b41582.jpg\" loading=\"lazy\" alt=\"\u010cempionato \u201eMakaron\u0173 tiltai\u201c finalas\"\/>      <\/p>\n<p>\u0160i\u0173 metu finalas sulauk\u0117 didelio susidom\u0117jimo \u2013 \u017ei\u016brovai steb\u0117jo \u012ftempt\u0105 kov\u0105, o komandos siek\u0117 priart\u0117ti prie \u012fsp\u016bding\u0173 ankstesni\u0173 met\u0173 rezultat\u0173. Primename, kad pernai ma\u017eiau nei 1 kg sv\u0117r\u0119s nugal\u0117toj\u0173 tiltas i\u0161laik\u0117 net 326 kilogram\u0173 apkrov\u0105, o Lietuvos rekordas siekia 567,2 kg.<\/p>\n<p>\u201eMakaron\u0173 tiltai\u201c jau tapo tradicija, \u012fkvepian\u010dia jaunim\u0105 dom\u0117tis in\u017einerija, konstrukcijomis ir technologijomis.<\/p>\n<p>Renginys dar kart\u0105 parod\u0117, kad net i\u0161 paprast\u0173 med\u017eiag\u0173 galima sukurti \u012fsp\u016bdingus ir itin tvirtus statinius.<\/p>\n<p>I vieta \u2013 Vievio gimnazijos moksleivi\u0173 (klas\u0117 nenurodyta) komanda \u201eBliudukai\u201c, tilto svoris 978 gramai, atlaik\u0117 442,48 kg.<\/p>\n<p class=\"x_MsoNormal\">Pagerino pernyk\u0161t\u012f jiems ir priklausant\u012f rekord\u0105, kuris buvo 326 kg.<\/p>\n<p class=\"x_MsoNormal\">\u0160i gimnazija jau penkt\u0105j\u012f kart\u0105 i\u0161 eil\u0117s tampa \u010dempione \u2013 anks\u010diau 3 kartus laim\u0117jo kita \u0161ios gimnazijos komanda.  <\/p>\n<p class=\"x_MsoNormal\">II vieta \u2013 Kupi\u0161kio Lauryno Stuokos-Gucevi\u010diaus gimnazijos 10 klas\u0117s moksleivi\u0173 komanda \u201e4 varomi\u201c, tilto svoris 954  gramai, atlaik\u0117 76,52 kg. <\/p>\n<p class=\"x_MsoNormal\">III vieta \u2013 Vilniaus Tuskul\u0117n\u0173 gimnazijos 9 klas\u0117s moksleivi\u0173 (mergin\u0173) komanda \u201ePritr\u016bko plastilino\u201c, tilto svoris 746, atlaik\u0117 59,19 kg.<\/p>\n<p class=\"x_MsoNormal\">Pirma vieta i\u0161 universitetini\u0173 komand\u0173: Vilniaus universiteto komanda \u201eBe konkurencijos\u201c, tilto svoris 991 gramai, atlaik\u0117 126,47 kg.<\/p>\n","protected":false},"excerpt":{"rendered":"Renginio metu dalyviai pristat\u0117 i\u0161 makaron\u0173 ir klij\u0173 sukonstruotus tiltus, o v\u0117liau vyko demonstraciniai bandymai, kuri\u0173 metu buvo&hellip;\n","protected":false},"author":2,"featured_media":171957,"comment_status":"","ping_status":"","sticky":false,"template":"","format":"standard","meta":{"footnotes":"","_share_on_mastodon":"0"},"categories":[19],"tags":[27836,37,39,36,38,40,47,104,626,13505],"class_list":["post-171956","post","type-post","status-publish","format-standard","has-post-thumbnail","category-sportas","tag-inzinerija","tag-lietuva","tag-lietuviu","tag-lithuania","tag-lithuanian","tag-lt","tag-sportas","tag-sports","tag-vilnius","tag-vilnius-tech"],"share_on_mastodon":{"url":"https:\/\/pubeurope.com\/@lt\/116533922838111552","error":""},"_links":{"self":[{"href":"https:\/\/www.europesays.com\/lt\/wp-json\/wp\/v2\/posts\/171956","targetHints":{"allow":["GET"]}}],"collection":[{"href":"https:\/\/www.europesays.com\/lt\/wp-json\/wp\/v2\/posts"}],"about":[{"href":"https:\/\/www.europesays.com\/lt\/wp-json\/wp\/v2\/types\/post"}],"author":[{"embeddable":true,"href":"https:\/\/www.europesays.com\/lt\/wp-json\/wp\/v2\/users\/2"}],"replies":[{"embeddable":true,"href":"https:\/\/www.europesays.com\/lt\/wp-json\/wp\/v2\/comments?post=171956"}],"version-history":[{"count":0,"href":"https:\/\/www.europesays.com\/lt\/wp-json\/wp\/v2\/posts\/171956\/revisions"}],"wp:featuredmedia":[{"embeddable":true,"href":"https:\/\/www.europesays.com\/lt\/wp-json\/wp\/v2\/media\/171957"}],"wp:attachment":[{"href":"https:\/\/www.europesays.com\/lt\/wp-json\/wp\/v2\/media?parent=171956"}],"wp:term":[{"taxonomy":"category","embeddable":true,"href":"https:\/\/www.europesays.com\/lt\/wp-json\/wp\/v2\/categories?post=171956"},{"taxonomy":"post_tag","embeddable":true,"href":"https:\/\/www.europesays.com\/lt\/wp-json\/wp\/v2\/tags?post=171956"}],"curies":[{"name":"wp","href":"https:\/\/api.w.org\/{rel}","templated":true}]}}