{"id":173234,"date":"2026-05-09T07:49:19","date_gmt":"2026-05-09T07:49:19","guid":{"rendered":"https:\/\/www.europesays.com\/lt\/173234\/"},"modified":"2026-05-09T07:49:19","modified_gmt":"2026-05-09T07:49:19","slug":"lietuvos-pagyvenusiu-zmoniu-asociacijos-viesas-kreipimasis-i-vyriausybe-respublika-lt","status":"publish","type":"post","link":"https:\/\/www.europesays.com\/lt\/173234\/","title":{"rendered":"Lietuvos pagyvenusi\u0173 \u017emoni\u0173 asociacijos vie\u0161as kreipimasis \u012f Vyriausyb\u0119 &#8211; Respublika.lt"},"content":{"rendered":"<p style=\"text-align: justify;\" class=\"desktop_banner\">\u00a0<\/p>\n<p>Asociacija sako, kad dabartin\u0117 tvarka senjor\u0173 organizacijas ver\u010dia kredituoti ministerij\u0173 projektus.<\/p>\n<p>\u201ePagal Socialin\u0117s apsaugos ir darbo ministerijos konkurs\u0173 nuostatus projektai turi b\u016bti vykdomi nuo nustatytos datos, ta\u010diau realyb\u0117je finansavimas organizacijas pasiekia tik po keli\u0173 m\u0117nesi\u0173.<\/p>\n<p>Asociacija pateikia konkret\u0173 pavyzd\u012f: 2025 met\u0173 projekte, skirtame vyresnio am\u017eiaus \u017emoni\u0173 atsparumui dezinformacijai didinti, veiklos tur\u0117jo prasid\u0117ti nuo liepos 1 d., ta\u010diau finansavimas organizacijas pasiek\u0117 tik lapkri\u010dio 4 d. &#8211; pra\u0117jus daugiau nei keturiems m\u0117nesiams ir iki projekto pabaigos likus nepilniems 2 m\u0117nesiams.<\/p>\n<p>Analogi\u0161ka situacija kartojasi ir 2026 met\u0173 konkurse: nors projekt\u0173 \u012fgyvendinimo prad\u017eia numatyta nuo sausio 1 d., sutartys pasira\u0161omos tik Baland\u017eio paskutin\u0119 dien\u0105, kada atsiras pinigai dar ne\u017einome&#8221;, &#8211; ra\u0161oma kreipim\u0119si, kur\u012f pasira\u0161\u0117 asociacijos pirmininkas K\u0119stutis Makaravi\u010dius.<\/p>\n<p>Pasak asociacijos tai n\u0117ra pavieniai atvejai, o sistemin\u0117 problema: \u201eSusidariusi praktika fakti\u0161kai ver\u010dia nevyriausybines organizacijas kredituoti valstyb\u0117s projektus savo l\u0117\u0161omis. Tai yra nepriimtina ir sistemi\u0161kai ydinga&#8221;.<\/p>\n<p>Asociacijos pabr\u0117\u017eia, kad tokia praktika:<\/p>\n<p>\u2022 pa\u017eeid\u017eia teis\u0117t\u0173 l\u016bkes\u010di\u0173 princip\u0105,<\/p>\n<p>\u2022 trukdo kokybi\u0161kai vykdyti projektus,<\/p>\n<p>\u2022 silpnina nevyriausybin\u012f sektori\u0173,<\/p>\n<p>\u2022 riboja galimybes pad\u0117ti vyresnio am\u017eiaus \u017emon\u0117ms visoje Lietuvoje.<\/p>\n<p>Asociacija taip pat atkreipia d\u0117mes\u012f, kad projekt\u0173 finansavimo planavimas akivaizd\u017eiai n\u0117ra suderintas su realiu j\u0173 \u012fgyvendinimo laikotarpiu.<\/p>\n<p>\u201eValstyb\u0117 nustato projekt\u0173 prad\u017ei\u0105, ta\u010diau nesudaro s\u0105lyg\u0173 juos realiai prad\u0117ti laiku. Tai rodo ne pavienius trikd\u017eius, o sistemin\u012f finansavimo organizavimo nesuderinamum\u0105&#8221;, &#8211; pa\u017eymi asociacija.<\/p>\n<p>Kreipimesi asociacija ragina Vyriausyb\u0119 imtis neatid\u0117liotin\u0173 sprendim\u0173 ir u\u017etikrinti, kad:<\/p>\n<p>\u2022 projekt\u0173 sutartys b\u016bt\u0173 pasira\u0161omos iki j\u0173 prad\u017eios,<\/p>\n<p>\u2022 finansavimas organizacijas pasiekt\u0173 laiku,<\/p>\n<p>\u2022 nevyriausybinis sektorius neb\u016bt\u0173 ver\u010diamas prisiimti valstyb\u0117s finansini\u0173 \u012fsipareigojim\u0173.<\/p>\n<p>\u201eAsociacija tikisi, kad \u0161i situacija bus \u012fvertinta i\u0161 esm\u0117s, o ne formaliai&#8221;, &#8211; ra\u0161oma vie\u0161ame kreipimesi \u012f Vyriausyb\u0119.<\/p>\n","protected":false},"excerpt":{"rendered":"\u00a0 Asociacija sako, kad dabartin\u0117 tvarka senjor\u0173 organizacijas ver\u010dia kredituoti ministerij\u0173 projektus. \u201ePagal Socialin\u0117s apsaugos ir darbo ministerijos&hellip;\n","protected":false},"author":2,"featured_media":173235,"comment_status":"","ping_status":"","sticky":false,"template":"","format":"standard","meta":{"footnotes":"","_share_on_mastodon":"0"},"categories":[13],"tags":[25,30,31,34,35,24,3974,32,33,37,39,36,38,40,27962,23,22,24754,28,29,2253,26,27,557,1373],"class_list":["post-173234","post","type-post","status-publish","format-standard","has-post-thumbnail","category-lietuva","tag-antrastes","tag-breaking-news","tag-breakingnews","tag-featured-news","tag-featurednews","tag-headlines","tag-kreipimasis","tag-latest-news","tag-latestnews","tag-lietuva","tag-lietuviu","tag-lithuania","tag-lithuanian","tag-lt","tag-makarevicius","tag-naujienos","tag-news","tag-pagyvene","tag-populiariausios-naujienos","tag-populiariausiosnaujienos","tag-senjorai","tag-top-stories","tag-topstories","tag-vyriausybe","tag-zmones"],"share_on_mastodon":{"url":"https:\/\/pubeurope.com\/@lt\/116543524965755143","error":""},"_links":{"self":[{"href":"https:\/\/www.europesays.com\/lt\/wp-json\/wp\/v2\/posts\/173234","targetHints":{"allow":["GET"]}}],"collection":[{"href":"https:\/\/www.europesays.com\/lt\/wp-json\/wp\/v2\/posts"}],"about":[{"href":"https:\/\/www.europesays.com\/lt\/wp-json\/wp\/v2\/types\/post"}],"author":[{"embeddable":true,"href":"https:\/\/www.europesays.com\/lt\/wp-json\/wp\/v2\/users\/2"}],"replies":[{"embeddable":true,"href":"https:\/\/www.europesays.com\/lt\/wp-json\/wp\/v2\/comments?post=173234"}],"version-history":[{"count":0,"href":"https:\/\/www.europesays.com\/lt\/wp-json\/wp\/v2\/posts\/173234\/revisions"}],"wp:featuredmedia":[{"embeddable":true,"href":"https:\/\/www.europesays.com\/lt\/wp-json\/wp\/v2\/media\/173235"}],"wp:attachment":[{"href":"https:\/\/www.europesays.com\/lt\/wp-json\/wp\/v2\/media?parent=173234"}],"wp:term":[{"taxonomy":"category","embeddable":true,"href":"https:\/\/www.europesays.com\/lt\/wp-json\/wp\/v2\/categories?post=173234"},{"taxonomy":"post_tag","embeddable":true,"href":"https:\/\/www.europesays.com\/lt\/wp-json\/wp\/v2\/tags?post=173234"}],"curies":[{"name":"wp","href":"https:\/\/api.w.org\/{rel}","templated":true}]}}