{"id":175656,"date":"2026-05-12T09:58:49","date_gmt":"2026-05-12T09:58:49","guid":{"rendered":"https:\/\/www.europesays.com\/lt\/175656\/"},"modified":"2026-05-12T09:58:49","modified_gmt":"2026-05-12T09:58:49","slug":"vilniuje-vyks-europos-aviacijos-konferencija-routes-europe","status":"publish","type":"post","link":"https:\/\/www.europesays.com\/lt\/175656\/","title":{"rendered":"Vilniuje vyks Europos aviacijos konferencija \u201eRoutes Europe\u201c"},"content":{"rendered":"<p>\u201eLietuvos oro uostams pritraukti tok\u012f rengin\u012f buvo labai didel\u0117 svajon\u0117\u201c, \u2013 pirmadien\u012f spaudos konferencijos metu sak\u0117 Lietuvos oro uost\u0173 (LTOU) generalinis direktorius <a rel=\"noopener nofollow\" target=\"_blank\" href=\"https:\/\/www.delfi.lt\/temos\/simonas-bartkus\" tag-id=\"59381127\">Simonas Bartkus<\/a>.\u00a0<\/p>\n<p>\u201eTikrai turb\u016bt \u0161iandien yra labai d\u017eiugi diena (&#8230;), galime paskelbti, kad 2028-ais metais gegu\u017e\u0117s m\u0117nes\u012f (&#8230;) b\u016btent \u010dia, Vilniuje, susitiks daugiau negu t\u016bkstantis bene pa\u010di\u0173 svarbiausi\u0173 aviacijos sektoriaus (atstov\u0173 \u2013 ELTA), kurie \u010dia (&#8230;) tarsis d\u0117l mar\u0161rut\u0173 pl\u0117tros, d\u0117l nauj\u0173 skryd\u017ei\u0173 atidarymo, nauj\u0173 bazi\u0173 \u012fk\u016brimo ir vis\u0173 kit\u0173 reikal\u0173, kurie yra aptariami tarp oro uost\u0173, kompanij\u0173, turizmo asociacij\u0173 ir kit\u0173 asmen\u0173\u201c, \u2013 kalb\u0117jo S. Bartkus.<\/p>\n<p>Kaip skelbia LTOU, \u0161is renginys kasmet pritraukia vir\u0161 1,2 t\u016bkst. dalyvi\u0173, atstovaujan\u010di\u0173 120 oro linij\u0173 bendrovi\u0173, 220 oro uost\u0173 bei vir\u0161 60 turizmo organizacij\u0173 i\u0161 Europos, Artim\u0173j\u0173 Ryt\u0173, Azijos bei Jungtini\u0173 Amerikos Valstij\u0173 (JAV).\u00a0<\/p>\n<p>\u012emon\u0117s teigimu, \u201eRoutes Europe\u201c yra svarbiausias ir did\u017eiausias kasmetinis aviacijos industrijos atstov\u0173 suva\u017eiavimas Europoje.\u00a0<\/p>\n<p>\u201eTris dienas trunkan\u010diame renginyje vyksta oro linij\u0173 bendrovi\u0173, oro uost\u0173, \u012fvairias aviacijos paslaugas teikian\u010di\u0173 bendrovi\u0173 bei atvykstamojo turizmo atstov\u0173 susitikimai, derybos, pristatymai bei panelin\u0117s diskusijos\u201c, \u2013 ra\u0161o LTOU.<\/p>\n<p>Ekonomikos ir inovacij\u0173 ministerijos (EIM) vadovo Edvino Grik\u0161o teigimu, Lietuva yra pasaulyje \u017einoma d\u0117l spar\u010diai augan\u010dios ekonomikos, pa\u017eangaus auk\u0161t\u0173j\u0173 technologij\u0173 sektoriaus, ta\u010diau \u201eRoutes Europe\u201c konferencija j\u0105 parodys ir kaip kitas valstybes suvedan\u010di\u0105 \u0161al\u012f.<\/p>\n<p>\u201eSusisiekimas, junglumas buvo, yra ir bus viena i\u0161 Lietuvos s\u0117km\u0117s detali\u0173 \u2013 ar tai b\u016bt\u0173 patogus susisiekimas keliais, gele\u017einkeliais j\u016briniu transportu ar l\u0117ktuvais. (&#8230;) Kaip ministras, atsakingas u\u017e turizmo sektori\u0173, noriu pasid\u017eiaugti, kad dabar matome tikrai kylan\u010dius (turizmo \u2013 ELTA) srautus, (&#8230;) \u0161ali\u0173 spektras irgi ple\u010diasi ir tokie renginiai, kaip \u201eRoutes Europe\u201c, \u00a0dar tik parodo, kad mes visada galime daugiau\u201c, \u2013 \u017eurnalistams teig\u0117 jis.<\/p>\n<p>\u201eNeatsid\u017eiaugiu, kad to renginio metu Lietuvoje susitiks pagrindiniai sprendim\u0173 pri\u0117m\u0117jai, vyks b2b\u00a0(angl. verslai verslui \u2013 ELTA) renginiai ir tai bus dar viena galimyb\u0117 Lietuvai \u012fsitvirtinti kaip tai \u0161ird\u017eiai Europoje ne tik geografine prasme Europoje S\u0105jungoje, bet apskritai ta, kuri suveda, vienija. \u017dinoma, Lietuvos pirmininkavimas (Europos S\u0105jungos Tarybai) vienas i\u0161 t\u0173 post\u016bmio rengini\u0173\u201c, \u2013 t\u0119s\u0117 E. Grik\u0161as.<\/p>\n<p>Jis tikino, kad aviacija yra svarbi ne tik \u0161alies logistikai, bet ir konkurencingumui.\u00a0<\/p>\n<p>Tuo metu susisiekimo viceministras Roderikas \u017diobakas sostin\u0117je 2028-\u0173j\u0173 gegu\u017e\u0119 sostin\u0117je vyksiant\u012f rengin\u012f palygino su tuo metu kasmet vykstan\u010diu tarptautiniu dain\u0173 konkursu \u201eEurovizija\u201c.<\/p>\n<p>\u201eGegu\u017e\u0117s m\u0117nuo Europoje ir Lietuvoje da\u017eniausiai matomas kaip eurovizinis m\u0117nuo. (&#8230;) \u201eRoutes Europe\u201c i\u0161 esm\u0117s yra aviacijos \u201eEurovizija\u201c, \u2013 kalb\u0117jo jis.\u00a0<\/p>\n<p>Savo ruo\u017etu \u201eRoutes\u201c renginius organizuojan\u010dios \u201eAviation Week\u201c bei \u201eInforma\u201c viceprezidentas renginiams Stevenas Smallas tvirtino, kad <a rel=\"noopener nofollow\" target=\"_blank\" href=\"https:\/\/www.delfi.lt\/temos\/vilnius\" tag-id=\"36207967\">Vilnius<\/a> i\u0161siskiria kaip tinkamas renginio \u0161eimininkas.<\/p>\n<p>\u201eLabai d\u017eiaugiam\u0117s, kad (&#8230;) \u0161\u012f rengin\u012f galime surengti Vilniuje. D\u0117l dinami\u0161kos ekonomikos, puikios infrastrukt\u016bros ir klestin\u010dios turizmo pramon\u0117s Vilnius i\u0161siskiria kaip idealus renginio \u0161eimininkas (&#8230;). \u0160is prane\u0161imas paskelbiamas miestui ypa\u010d d\u017eiugiu metu, po s\u0117kmingo naujojo oro uosto i\u0161vykimo terminalo atidarymo ir rekordi\u0161kai s\u0117kming\u0173 2025 met\u0173 Lietuvos oro uostams\u201c, \u2013 \u017eurnalistams kalb\u0117jo jis.\u00a0<\/p>\n<p>LTOU vadovas S. Bartkus u\u017esimin\u0117 tikintis, kad 2028-aisiais galb\u016bt i\u0161sipildys ir kita bendrov\u0117s svajon\u0117 \u2013 reisas \u012f JAV.<\/p>\n<p>\u201eLabai tikiu, kad kita m\u016bs\u0173 svajon\u0117 galb\u016bt i\u0161sipildys b\u016btent 2028-ais metais renginio metu \u2013 LTOU gal\u0117s paskelbti apie pirm\u0105 savo reis\u0105 \u012f Jungtines Amerikos Valstijas. To visiems ir linkiu\u201c, \u2013 sak\u0117 jis.<\/p>\n<p>Ekonomin\u0117 nauda miestui<\/p>\n<p>Vilniaus miesto vicemeras Andrius Grigonis teig\u0117, kad \u0161is renginys ne tik didins miesto \u017einomum\u0105, bet, remiantis kit\u0173 valstybi\u0173 praktika, d\u0117l numatyt\u0173 skryd\u017ei\u0173, konferencijos dalyvi\u0173 apgyvendinimo gali atne\u0161ti ir ekonomin\u0119 naud\u0105 tiek oro uostams, tiek sostinei.<\/p>\n<p>\u201eStatistika ir kit\u0173 \u0161ali\u0173 praktika rodo, kad i\u0161 ties\u0173 \u0161is renginys sukuria tiesiogin\u0119 naud\u0105 miestui. Miestai, kurie priima tokius renginius, padidina savo skryd\u017ei\u0173 aptarnavim\u0105 ir (rink\u0105 \u2013 ELTA) i\u0161augina iki 3 proc. per trejus metus. Kalbant ekonominiais terminais, tai turb\u016bt yra \u0161imtai milijon\u0173 eur\u0173 per metus\u201c, \u2013 kalb\u0117jo jis.<\/p>\n<p>\u201eTurb\u016bt tur\u0117sime pakankamai reik\u0161ming\u0105 trumpalaik\u0119 naud\u0105 d\u0117l to, kad pats renginys Vilniaus mieste vyks kelias dienas. Skai\u010diuojame, kad (bus \u2013 ELTA) 3,3 t\u016bkst. nakvyni\u0173 vien tik vie\u0161bu\u010diuose, naud\u0173 bus tiek restoranams, tiek paslaug\u0173 sektoriui, tiek transporto \u012fmon\u0117ms\u201c, \u2013 prid\u016br\u0117 vicemeras.<\/p>\n<p>Kaip skelbia LTOU, Vilniuje vyksian\u010di\u0105 konferencij\u0105 finansuoja ir drauge organizuoja Susisiekimo ministerija, EIM, Vilniaus miesto savivaldyb\u0117 bei LTOU.\u00a0<\/p>\n<p>Bendov\u0117s teigimu, Vilnius 2028-aisiais taps 21-uoju miestu, kuriame vyks \u0161i konferencija. Anks\u010diau teis\u0119 rengti \u201eRoutes Europe\u201c buvo \u012fgij\u0119 tokie miestai, kaip Sevilija (Ispanija), Orhusas (Danija), Lodz\u0117 (Lenkija), Bergenas (Norvegija) ir kiti. \u0160iemet konferencija vyks Riminyje (Italija).\u00a0<\/p>\n","protected":false},"excerpt":{"rendered":"\u201eLietuvos oro uostams pritraukti tok\u012f rengin\u012f buvo labai didel\u0117 svajon\u0117\u201c, \u2013 pirmadien\u012f spaudos konferencijos metu sak\u0117 Lietuvos oro&hellip;\n","protected":false},"author":2,"featured_media":175657,"comment_status":"","ping_status":"","sticky":false,"template":"","format":"standard","meta":{"footnotes":"","_share_on_mastodon":"0"},"categories":[15],"tags":[25,30,31,34,35,24,32,33,37,39,5796,36,38,40,23,22,44,28,29,12323,26,27,626,74,75,76],"class_list":["post-175656","post","type-post","status-publish","format-standard","has-post-thumbnail","category-pasaulis","tag-antrastes","tag-breaking-news","tag-breakingnews","tag-featured-news","tag-featurednews","tag-headlines","tag-latest-news","tag-latestnews","tag-lietuva","tag-lietuviu","tag-lietuvos-oro-uostai","tag-lithuania","tag-lithuanian","tag-lt","tag-naujienos","tag-news","tag-pasaulis","tag-populiariausios-naujienos","tag-populiariausiosnaujienos","tag-simonas-bartkus","tag-top-stories","tag-topstories","tag-vilnius","tag-world","tag-world-news","tag-worldnews"],"share_on_mastodon":{"url":"https:\/\/pubeurope.com\/@lt\/116561023045002445","error":""},"_links":{"self":[{"href":"https:\/\/www.europesays.com\/lt\/wp-json\/wp\/v2\/posts\/175656","targetHints":{"allow":["GET"]}}],"collection":[{"href":"https:\/\/www.europesays.com\/lt\/wp-json\/wp\/v2\/posts"}],"about":[{"href":"https:\/\/www.europesays.com\/lt\/wp-json\/wp\/v2\/types\/post"}],"author":[{"embeddable":true,"href":"https:\/\/www.europesays.com\/lt\/wp-json\/wp\/v2\/users\/2"}],"replies":[{"embeddable":true,"href":"https:\/\/www.europesays.com\/lt\/wp-json\/wp\/v2\/comments?post=175656"}],"version-history":[{"count":0,"href":"https:\/\/www.europesays.com\/lt\/wp-json\/wp\/v2\/posts\/175656\/revisions"}],"wp:featuredmedia":[{"embeddable":true,"href":"https:\/\/www.europesays.com\/lt\/wp-json\/wp\/v2\/media\/175657"}],"wp:attachment":[{"href":"https:\/\/www.europesays.com\/lt\/wp-json\/wp\/v2\/media?parent=175656"}],"wp:term":[{"taxonomy":"category","embeddable":true,"href":"https:\/\/www.europesays.com\/lt\/wp-json\/wp\/v2\/categories?post=175656"},{"taxonomy":"post_tag","embeddable":true,"href":"https:\/\/www.europesays.com\/lt\/wp-json\/wp\/v2\/tags?post=175656"}],"curies":[{"name":"wp","href":"https:\/\/api.w.org\/{rel}","templated":true}]}}