{"id":17597,"date":"2025-10-14T15:30:09","date_gmt":"2025-10-14T15:30:09","guid":{"rendered":"https:\/\/www.europesays.com\/lt\/17597\/"},"modified":"2025-10-14T15:30:09","modified_gmt":"2025-10-14T15:30:09","slug":"zelenskis-is-odesos-mero-ateme-ukrainos-pilietybe","status":"publish","type":"post","link":"https:\/\/www.europesays.com\/lt\/17597\/","title":{"rendered":"Zelenskis i\u0161 Odesos mero at\u0117m\u0117 Ukrainos pilietyb\u0119"},"content":{"rendered":"<p>V. Zelenskis pirmadien\u012f prane\u0161\u0117 pasira\u0161\u0119s dekret\u0105 d\u0117l pilietyb\u0117s at\u0117mimo, ta\u010diau nenurod\u0117, kokiems asmenims ji atimama. <\/p>\n<p>Ukrainos \u017einiasklaida, remdamasi \u0161altiniais, skelbia, kad V. Zelenskis at\u0117m\u0117 Ukrainos pilietyb\u0119 i\u0161 Odesos mero H. Truchanovo, buvusio Ukrainos parlamento nario Oleho Cariovo i\u0161 u\u017edraustos partijos \u201eOpozicin\u0117 platforma \u2013 U\u017e gyvenim\u0105\u201c ir baleto \u0161ok\u0117jo Serhijaus Polunino. Visi \u0161ie asmenys, kaip skelbiama, turi Rusijos pilietyb\u0119.<\/p>\n<p>Peticija, kuria buvo reikalaujama atimti i\u0161 H. Truchanovo Ukrainos pilietyb\u0119, vos per kelias valandas surinko 25 000 para\u0161\u0173, reikaling\u0173, kad prezidentas j\u0105 svarstyt\u0173.<\/p>\n<p>2024 m. rugs\u0117j\u012f Ukrainos aktyvistas Serhijus Sternenka parei\u0161k\u0117 gav\u0119s informacijos i\u0161 Rusijos duomen\u0173 bazi\u0173, patvirtinan\u010dios, kad H. Truchanovas turi Rusijos pilietyb\u0119.<\/p>\n<p>S. Sternenka taip pat teig\u0117, kad, remiantis jo turima informacija, Odesos meras taip pat gavo rusi\u0161k\u0105 banko kortel\u0119. Pasak S. Sternenkos, tai \u012fvyko 2022 m. vasario 9 d. \u2013 likus dviem savait\u0117ms iki Rusijos invazijos \u012f Ukrain\u0105.<\/p>\n<p>Interviu Ukrainos kanalui \u201eSuspilne\u201c Odesos meras yra teig\u0119s es\u0105s pasireng\u0119s atlikti melo detektoriaus test\u0105, kad \u012frodyt\u0173, jog Rusijos pilietyb\u0117s neturi.<\/p>\n","protected":false},"excerpt":{"rendered":"V. Zelenskis pirmadien\u012f prane\u0161\u0117 pasira\u0161\u0119s dekret\u0105 d\u0117l pilietyb\u0117s at\u0117mimo, ta\u010diau nenurod\u0117, kokiems asmenims ji atimama. Ukrainos \u017einiasklaida, remdamasi&hellip;\n","protected":false},"author":2,"featured_media":17598,"comment_status":"","ping_status":"","sticky":false,"template":"","format":"standard","meta":{"footnotes":""},"categories":[15],"tags":[25,30,31,34,35,24,32,33,37,39,36,38,40,23,22,3215,44,28,29,26,27,971,74,75,76],"class_list":{"0":"post-17597","1":"post","2":"type-post","3":"status-publish","4":"format-standard","5":"has-post-thumbnail","7":"category-pasaulis","8":"tag-antrastes","9":"tag-breaking-news","10":"tag-breakingnews","11":"tag-featured-news","12":"tag-featurednews","13":"tag-headlines","14":"tag-latest-news","15":"tag-latestnews","16":"tag-lietuva","17":"tag-lietuviu","18":"tag-lithuania","19":"tag-lithuanian","20":"tag-lt","21":"tag-naujienos","22":"tag-news","23":"tag-odesa","24":"tag-pasaulis","25":"tag-populiariausios-naujienos","26":"tag-populiariausiosnaujienos","27":"tag-top-stories","28":"tag-topstories","29":"tag-volodymyras-zelenskis","30":"tag-world","31":"tag-world-news","32":"tag-worldnews"},"share_on_mastodon":{"url":"","error":""},"_links":{"self":[{"href":"https:\/\/www.europesays.com\/lt\/wp-json\/wp\/v2\/posts\/17597","targetHints":{"allow":["GET"]}}],"collection":[{"href":"https:\/\/www.europesays.com\/lt\/wp-json\/wp\/v2\/posts"}],"about":[{"href":"https:\/\/www.europesays.com\/lt\/wp-json\/wp\/v2\/types\/post"}],"author":[{"embeddable":true,"href":"https:\/\/www.europesays.com\/lt\/wp-json\/wp\/v2\/users\/2"}],"replies":[{"embeddable":true,"href":"https:\/\/www.europesays.com\/lt\/wp-json\/wp\/v2\/comments?post=17597"}],"version-history":[{"count":0,"href":"https:\/\/www.europesays.com\/lt\/wp-json\/wp\/v2\/posts\/17597\/revisions"}],"wp:featuredmedia":[{"embeddable":true,"href":"https:\/\/www.europesays.com\/lt\/wp-json\/wp\/v2\/media\/17598"}],"wp:attachment":[{"href":"https:\/\/www.europesays.com\/lt\/wp-json\/wp\/v2\/media?parent=17597"}],"wp:term":[{"taxonomy":"category","embeddable":true,"href":"https:\/\/www.europesays.com\/lt\/wp-json\/wp\/v2\/categories?post=17597"},{"taxonomy":"post_tag","embeddable":true,"href":"https:\/\/www.europesays.com\/lt\/wp-json\/wp\/v2\/tags?post=17597"}],"curies":[{"name":"wp","href":"https:\/\/api.w.org\/{rel}","templated":true}]}}