{"id":17742,"date":"2025-10-14T19:44:14","date_gmt":"2025-10-14T19:44:14","guid":{"rendered":"https:\/\/www.europesays.com\/lt\/17742\/"},"modified":"2025-10-14T19:44:14","modified_gmt":"2025-10-14T19:44:14","slug":"jav-ambasadorius-nato-sis-sprendimas-gali-pakeisti-putino-planus-del-karo-ukrainoje","status":"publish","type":"post","link":"https:\/\/www.europesays.com\/lt\/17742\/","title":{"rendered":"JAV ambasadorius NATO: \u0161is sprendimas gali pakeisti Putino planus d\u0117l karo Ukrainoje"},"content":{"rendered":"<p class=\"pf0\">Apie tai parei\u0161k\u0117 JAV ambasadorius prie <a rel=\"noopener nofollow\" target=\"_blank\" href=\"https:\/\/www.delfi.lt\/temos\/nato\" tag-id=\"45616033\">NATO<\/a> <a rel=\"noopener nofollow\" target=\"_blank\" href=\"https:\/\/www.delfi.lt\/temos\/matthew-whitakeris\" tag-id=\"96615411\">Matthew Whitakeris<\/a>, prane\u0161a \u201eRBC-Ukraina\u201c, remdamasi \u201eLa Repubblica\u201c.<\/p>\n<p class=\"pf0\">Pasak jo, tikimyb\u0117, kad Rusijos teritorijai bus smogta \u201eTomahawk\u201c raketomis, taip pat daugelis kit\u0173 dalyk\u0173, gali pakeisti Putino planus d\u0117l karo Ukrainoje.<\/p>\n<p class=\"pf0\">\u201eTolimas sm\u016bgis gali pakeisti Putino planus ir kelti gr\u0117sm\u0119 daugeliui dalyk\u0173, \u012fskaitant svarbi\u0105 energetikos infrastrukt\u016br\u0105 Rusijoje\u201c, \u2013 parei\u0161k\u0117 M. Whitakeris.<\/p>\n<p class=\"pf0\">Ambasadorius taip pat pa\u017eym\u0117jo, kad \u0161iuo metu rusai grei\u010diausiai n\u0117ra pasireng\u0119 atsisakyti savo maksimalistini\u0173 tiksl\u0173, bet viskas gali pasikeisti.<\/p>\n<p class=\"pf0\">\u201ePa\u017ei\u016br\u0117sime, ar tokie veiksmai kaip \u201e\u0161e\u0161\u0117lin\u0117s laivyno\u201c blokavimas, \u201eTomahawk\u201c tiekimas ir kiti b\u016bdai daryti spaudim\u0105 Vladimirui Putinui privers Rusij\u0105 der\u0117tis d\u0117l taikos. Jei kas nors ir gali tai padaryti, tai prezidentas Trumpas\u201c, \u2013 sak\u0117 JAV ambasadorius NATO.<\/p>\n<p class=\"pf0\">M. Whitakeris taip pat pa\u017eym\u0117jo, kad karas ir \u017eudyn\u0117s turi baigtis, o tam abi pus\u0117s turi s\u0117sti prie deryb\u0173 stalo.<\/p>\n<p>\u201eTomahawk\u201c tiekimas Ukrainai<\/p>\n<p class=\"pf0\">Primename, kad Ukrainos prezidentas Volodymyras Zelenskis susitiks su JAV vadovu Donaldu Trumpu Va\u0161ingtone jau spalio 17 d. \u0160alys taip pat aptars galim\u0105 \u201eTomahawk\u201c raket\u0173 tiekim\u0105 Ukrainai.<\/p>\n<p class=\"pf0\">Apie galim\u0105 \u201eTomahawk\u201c tiekim\u0105 Ukrainai aktyviai prad\u0117ta kalb\u0117ti pra\u0117jus\u012f m\u0117nes\u012f po V. Zelenskio kelion\u0117s \u012f Niujork\u0105.<\/p>\n<p class=\"pf0\">D. Trumpas ilgai nedav\u0117 joki\u0173 konkre\u010di\u0173 atsakym\u0173 d\u0117l \u201eTomahawk\u201c tiekimo Kyjivui, ta\u010diau vakar jis parei\u0161k\u0117, kad yra pasireng\u0119s \u017eengti tok\u012f \u017eingsn\u012f, bet pirmiausia pasikalb\u0117s su V. Putinu.<\/p>\n<p class=\"pf0\">Rusija sureagavo \u012f galim\u0105 tolim\u0173j\u0173 raket\u0173 tiekim\u0105 Ukrainai \u2013 Kremliaus vadovas Vladimiras Putinas pagrasino JAV \u201esantyki\u0173 pablog\u0117jimu\u201c ir paskelb\u0117 apie Rusijos oro gynybos stiprinim\u0105.<\/p>\n<p class=\"pf0\">Tuo pa\u010diu jis pavadino V. Zelensko grasinimus smogti \u201eTomahawk\u201c raketomis Kremliui \u201e\u0161anta\u017eu ir pasip\u016btimu\u201c.<\/p>\n","protected":false},"excerpt":{"rendered":"Apie tai parei\u0161k\u0117 JAV ambasadorius prie NATO Matthew Whitakeris, prane\u0161a \u201eRBC-Ukraina\u201c, remdamasi \u201eLa Repubblica\u201c. Pasak jo, tikimyb\u0117, kad&hellip;\n","protected":false},"author":2,"featured_media":17743,"comment_status":"","ping_status":"","sticky":false,"template":"","format":"standard","meta":{"footnotes":""},"categories":[6],"tags":[25,30,31,34,35,24,32,33,37,39,36,38,40,3454,141,23,22,28,29,2897,26,27,120],"class_list":{"0":"post-17742","1":"post","2":"type-post","3":"status-publish","4":"format-standard","5":"has-post-thumbnail","7":"category-antrastes","8":"tag-antrastes","9":"tag-breaking-news","10":"tag-breakingnews","11":"tag-featured-news","12":"tag-featurednews","13":"tag-headlines","14":"tag-latest-news","15":"tag-latestnews","16":"tag-lietuva","17":"tag-lietuviu","18":"tag-lithuania","19":"tag-lithuanian","20":"tag-lt","21":"tag-matthew-whitakeris","22":"tag-nato","23":"tag-naujienos","24":"tag-news","25":"tag-populiariausios-naujienos","26":"tag-populiariausiosnaujienos","27":"tag-tomahawk","28":"tag-top-stories","29":"tag-topstories","30":"tag-vladimiras-putinas"},"share_on_mastodon":{"url":"","error":""},"_links":{"self":[{"href":"https:\/\/www.europesays.com\/lt\/wp-json\/wp\/v2\/posts\/17742","targetHints":{"allow":["GET"]}}],"collection":[{"href":"https:\/\/www.europesays.com\/lt\/wp-json\/wp\/v2\/posts"}],"about":[{"href":"https:\/\/www.europesays.com\/lt\/wp-json\/wp\/v2\/types\/post"}],"author":[{"embeddable":true,"href":"https:\/\/www.europesays.com\/lt\/wp-json\/wp\/v2\/users\/2"}],"replies":[{"embeddable":true,"href":"https:\/\/www.europesays.com\/lt\/wp-json\/wp\/v2\/comments?post=17742"}],"version-history":[{"count":0,"href":"https:\/\/www.europesays.com\/lt\/wp-json\/wp\/v2\/posts\/17742\/revisions"}],"wp:featuredmedia":[{"embeddable":true,"href":"https:\/\/www.europesays.com\/lt\/wp-json\/wp\/v2\/media\/17743"}],"wp:attachment":[{"href":"https:\/\/www.europesays.com\/lt\/wp-json\/wp\/v2\/media?parent=17742"}],"wp:term":[{"taxonomy":"category","embeddable":true,"href":"https:\/\/www.europesays.com\/lt\/wp-json\/wp\/v2\/categories?post=17742"},{"taxonomy":"post_tag","embeddable":true,"href":"https:\/\/www.europesays.com\/lt\/wp-json\/wp\/v2\/tags?post=17742"}],"curies":[{"name":"wp","href":"https:\/\/api.w.org\/{rel}","templated":true}]}}