{"id":177899,"date":"2026-05-14T15:08:09","date_gmt":"2026-05-14T15:08:09","guid":{"rendered":"https:\/\/www.europesays.com\/lt\/177899\/"},"modified":"2026-05-14T15:08:09","modified_gmt":"2026-05-14T15:08:09","slug":"lietuva-pareiske-protesta-baltarusijai-delfi","status":"publish","type":"post","link":"https:\/\/www.europesays.com\/lt\/177899\/","title":{"rendered":"Lietuva parei\u0161k\u0117 protest\u0105 Baltarusijai &#8211; Delfi"},"content":{"rendered":"<p>Kaip nurod\u0117 URM, \u0161is pa\u017eeidimas suk\u0117l\u0117 tiesiogin\u0119 gr\u0117sm\u0119 civilin\u0117s aviacijos saugumui bei l\u0117m\u0117 b\u016btinyb\u0119 \u012fvesti laikinus oro erdv\u0117s ribojimus vir\u0161 Vilniaus tarptautinio oro uosto.<\/p>\n<p>Pabr\u0117\u017eiama, kad Baltarusijos atstovui dar kart\u0105 priminta, jog \u0161ie t\u0119stiniai incidentai yra traktuojami kaip rimti tarptautin\u0117s teis\u0117s pa\u017eeidimai ir s\u0105moningi hibridinio pob\u016bd\u017eio i\u0161puoliai prie\u0161 Lietuv\u0105, atsakomyb\u0117 u\u017e kuriuos tenka <a rel=\"noopener nofollow\" target=\"_blank\" href=\"https:\/\/www.delfi.lt\/temos\/baltarusija\" tag-id=\"21801209\">Baltarusijai<\/a>.\u00a0<\/p>\n<p>Ministerija taip pat pakartojo reikalavim\u0105, kad Baltarusija vykdyt\u0173 savo tarptautinius \u012fsipareigojimus kontroliuoti tai, kas vyksta jos teritorijoje ir oro erdv\u0117je, ir nedelsdama imt\u0173si veiksming\u0173 priemoni\u0173 ateityje u\u017ekardyti pana\u0161ius pa\u017eeidimus.<\/p>\n<p>Kaip skelb\u0117 ELTA, d\u0117l i\u0161 Baltarusijos leid\u017eiam\u0173 kontrabandini\u0173 balion\u0173 tre\u010diadienio nakt\u012f valandai buvo \u012fvesti oro erdv\u0117s ribojimai vir\u0161 Vilniaus oro uosto.\u00a0<\/p>\n<p>Anot Lietuvos oro uost\u0173 (LTOU), ribojimai paveik\u0117 du skryd\u017eius ir suk\u0117l\u0117 nepatogum\u0173 daugiau nei 120 keleivi\u0173. Vienas orlaivis buvo nukreiptas \u012f Kopenhagos oro uost\u0105, dar vien\u0105 skryd\u012f teko at\u0161aukti.<\/p>\n<p>ELTA primena, kad d\u0117l meteorologini\u0173 balion\u0173 kriz\u0117s Vyriausyb\u0117 pra\u0117jusi\u0173 met\u0173 pabaigoje visoje \u0161alyje paskelb\u0117 ekstremali\u0105j\u0105 situacij\u0105.<\/p>\n<p>D\u0117l kontrabandini\u0173 balion\u0173 i\u0161 Baltarusijos keliamo pavojaus pernai spal\u012f, lapkrit\u012f ir gruod\u012f ne kart\u0105 buvo stabdoma ir Vilniaus oro uosto veikla.<\/p>\n<p>Lietuva d\u0117l pasikartojan\u010di\u0173 meteorologini\u0173 balion\u0173 i\u0161 Baltarusijos antpl\u016bd\u017ei\u0173 kreip\u0117si \u012f Tarptautin\u0119 civilin\u0117s aviacijos organizacij\u0105.\u00a0<\/p>\n","protected":false},"excerpt":{"rendered":"Kaip nurod\u0117 URM, \u0161is pa\u017eeidimas suk\u0117l\u0117 tiesiogin\u0119 gr\u0117sm\u0119 civilin\u0117s aviacijos saugumui bei l\u0117m\u0117 b\u016btinyb\u0119 \u012fvesti laikinus oro erdv\u0117s&hellip;\n","protected":false},"author":2,"featured_media":172154,"comment_status":"","ping_status":"","sticky":false,"template":"","format":"standard","meta":{"footnotes":"","_share_on_mastodon":"0"},"categories":[13],"tags":[25,1496,30,31,34,35,24,32,33,37,39,36,38,40,23,22,28,29,1719,26,27,2144],"class_list":["post-177899","post","type-post","status-publish","format-standard","has-post-thumbnail","category-lietuva","tag-antrastes","tag-baltarusija","tag-breaking-news","tag-breakingnews","tag-featured-news","tag-featurednews","tag-headlines","tag-latest-news","tag-latestnews","tag-lietuva","tag-lietuviu","tag-lithuania","tag-lithuanian","tag-lt","tag-naujienos","tag-news","tag-populiariausios-naujienos","tag-populiariausiosnaujienos","tag-protestas","tag-top-stories","tag-topstories","tag-uzsienio-reikalu-ministerija"],"share_on_mastodon":{"url":"https:\/\/pubeurope.com\/@lt\/116573562691825566","error":""},"_links":{"self":[{"href":"https:\/\/www.europesays.com\/lt\/wp-json\/wp\/v2\/posts\/177899","targetHints":{"allow":["GET"]}}],"collection":[{"href":"https:\/\/www.europesays.com\/lt\/wp-json\/wp\/v2\/posts"}],"about":[{"href":"https:\/\/www.europesays.com\/lt\/wp-json\/wp\/v2\/types\/post"}],"author":[{"embeddable":true,"href":"https:\/\/www.europesays.com\/lt\/wp-json\/wp\/v2\/users\/2"}],"replies":[{"embeddable":true,"href":"https:\/\/www.europesays.com\/lt\/wp-json\/wp\/v2\/comments?post=177899"}],"version-history":[{"count":0,"href":"https:\/\/www.europesays.com\/lt\/wp-json\/wp\/v2\/posts\/177899\/revisions"}],"wp:featuredmedia":[{"embeddable":true,"href":"https:\/\/www.europesays.com\/lt\/wp-json\/wp\/v2\/media\/172154"}],"wp:attachment":[{"href":"https:\/\/www.europesays.com\/lt\/wp-json\/wp\/v2\/media?parent=177899"}],"wp:term":[{"taxonomy":"category","embeddable":true,"href":"https:\/\/www.europesays.com\/lt\/wp-json\/wp\/v2\/categories?post=177899"},{"taxonomy":"post_tag","embeddable":true,"href":"https:\/\/www.europesays.com\/lt\/wp-json\/wp\/v2\/tags?post=177899"}],"curies":[{"name":"wp","href":"https:\/\/api.w.org\/{rel}","templated":true}]}}