{"id":178031,"date":"2026-05-14T18:40:21","date_gmt":"2026-05-14T18:40:21","guid":{"rendered":"https:\/\/www.europesays.com\/lt\/178031\/"},"modified":"2026-05-14T18:40:21","modified_gmt":"2026-05-14T18:40:21","slug":"menininkai-algirdas-ir-remigijus-gataveckai-ivertinti-tarptautiniuose-apdovanojimuose","status":"publish","type":"post","link":"https:\/\/www.europesays.com\/lt\/178031\/","title":{"rendered":"Menininkai Algirdas ir Remigijus Gataveckai \u012fvertinti tarptautiniuose apdovanojimuose"},"content":{"rendered":"<p>Klausykite Jums patogiu metu \u2013 prenumeruokite podcast\u2019\u0105:<\/p>\n<p>Rygoje vykusiuose tarptautiniuose \u201eBaltic Awards 2026\u201c apdovanojimuose kategorijoje \u201eOutstanding Contribution to Art\u201c apdovanoti Vilniaus dail\u0117s akademijos d\u0117stytojai menininkai Algirdas ir Remigijus Gataveckai!<\/p>\n<p><a href=\"https:\/\/fm99.ams3.digitaloceanspaces.com\/wp-content\/uploads\/2026\/05\/14092829\/697792510_1667713938175334_6971956080569845560_n.jpg\" rel=\"nofollow noopener\" target=\"_blank\"><img loading=\"lazy\" data-lazyloaded=\"1\" decoding=\"async\" width=\"1440\" height=\"1920\" data-id=\"246893\" src=\"https:\/\/www.europesays.com\/lt\/wp-content\/uploads\/2026\/05\/697792510_1667713938175334_6971956080569845560_n-1440x1920.jpg\" alt=\"\" class=\"wp-image-246893\" data-fancybox=\"\"  data-\/><\/a><a href=\"https:\/\/fm99.ams3.digitaloceanspaces.com\/wp-content\/uploads\/2026\/05\/14092830\/697792828_1667713714842023_6489006892902256809_n.jpg\" rel=\"nofollow noopener\" target=\"_blank\"><img loading=\"lazy\" data-lazyloaded=\"1\" decoding=\"async\" width=\"1440\" height=\"1920\" data-id=\"246895\" src=\"https:\/\/www.europesays.com\/lt\/wp-content\/uploads\/2026\/05\/697792828_1667713714842023_6489006892902256809_n-1440x1920.jpg\" alt=\"\" class=\"wp-image-246895\" data-fancybox=\"\"  data-\/><\/a><a href=\"https:\/\/fm99.ams3.digitaloceanspaces.com\/wp-content\/uploads\/2026\/05\/14092830\/697065480_1667713971508664_5094620827389827817_n.jpg\" rel=\"nofollow noopener\" target=\"_blank\"><img loading=\"lazy\" data-lazyloaded=\"1\" decoding=\"async\" width=\"1440\" height=\"1920\" data-id=\"246894\" src=\"https:\/\/www.europesays.com\/lt\/wp-content\/uploads\/2026\/05\/697065480_1667713971508664_5094620827389827817_n-1440x1920.jpg\" alt=\"\" class=\"wp-image-246894\" data-fancybox=\"\"  data-\/><\/a><a href=\"https:\/\/fm99.ams3.digitaloceanspaces.com\/wp-content\/uploads\/2026\/05\/14092830\/696365893_27231045926479008_1356753367734436826_n.jpg\" rel=\"nofollow noopener\" target=\"_blank\"><img data-lazyloaded=\"1\" loading=\"lazy\" decoding=\"async\" width=\"1440\" height=\"1920\" data-id=\"246896\" src=\"https:\/\/www.europesays.com\/lt\/wp-content\/uploads\/2026\/05\/696365893_27231045926479008_1356753367734436826_n-1440x1920.jpg\" alt=\"\" class=\"wp-image-246896\" data-fancybox=\"\"  data-\/><\/a><\/p>\n<p>\u0160is \u012fvertinimas tapo svarbiu j\u0173 k\u016brybinio kelio pripa\u017einimu bei reik\u0161mingu \u012frodymu, kad ilgamet\u0117 menin\u0117 veikla ir k\u016brybiniai ie\u0161kojimai yra matomi bei vertinami tarptautiniu mastu.<\/p>\n<p>Broli\u0173 Gataveck\u0173 duetas buvo \u012fvertintas u\u017e reik\u0161ming\u0105 ind\u0117l\u012f \u012f \u0161iuolaikin\u012f men\u0105 ir ry\u0161k\u0173 k\u016brybin\u012f brai\u017e\u0105 Baltijos regiono kontekste. Kandidatus \u0161iai kategorijai teik\u0117 Vilniaus dail\u0117s akademija.<\/p>\n<p>Menininkai d\u0117koja Vilniaus dail\u0117s akademijai, nominavusiai juos \u0161iam apdovanojimui. Pasak laureat\u0173, tai ne tik didel\u0117 garb\u0117, bet ir pasitik\u0117jimo \u017eenklas i\u0161 institucijos, su kuria juos sieja studijos, pedagogin\u0117 veikla bei k\u016brybinis bendradarbiavimas.<\/p>\n<p>I\u0161kilminga apdovanojim\u0173 ceremonija vyko pa\u010dioje Rygos \u0161irdyje \u2013 meno muziejuje \u201eRIGA BOURSE\u201c, tapusiame svarbiu Baltijos regiono kult\u016brinio dialogo centru. Renginyje susitiko \u012fvairi\u0173 sri\u010di\u0173 k\u016br\u0117jai ir visuomen\u0117s veik\u0117jai, kuri\u0173 darbai prisideda prie Baltijos \u0161ali\u0173 kult\u016brinio identiteto stiprinimo.<\/p>\n<p>\u201eBaltic Awards\u201c yra vieni svarbiausi\u0173 Baltijos regiono kult\u016bros ir mokslo apdovanojim\u0173, suburiantys ry\u0161kiausius meno, architekt\u016bros, muzikos ir mokslo vardus i\u0161 Lietuvos, Latvijos ir Estijos.<\/p>\n<p class=\"has-text-align-right\">Vilniaus dail\u0117s akademijos informacija ir nuotraukos<\/p>\n","protected":false},"excerpt":{"rendered":"Klausykite Jums patogiu metu \u2013 prenumeruokite podcast\u2019\u0105: Rygoje vykusiuose tarptautiniuose \u201eBaltic Awards 2026\u201c apdovanojimuose kategorijoje \u201eOutstanding Contribution to&hellip;\n","protected":false},"author":2,"featured_media":178032,"comment_status":"","ping_status":"","sticky":false,"template":"","format":"standard","meta":{"footnotes":"","_share_on_mastodon":"0"},"categories":[13],"tags":[7005,2550,25,30,31,34,35,7006,24,32,33,37,39,36,38,40,5210,23,22,28,29,26,27],"class_list":["post-178031","post","type-post","status-publish","format-standard","has-post-thumbnail","category-lietuva","tag-alytaus-radijas","tag-alytus","tag-antrastes","tag-breaking-news","tag-breakingnews","tag-featured-news","tag-featurednews","tag-fm99","tag-headlines","tag-latest-news","tag-latestnews","tag-lietuva","tag-lietuviu","tag-lithuania","tag-lithuanian","tag-lt","tag-menas","tag-naujienos","tag-news","tag-populiariausios-naujienos","tag-populiariausiosnaujienos","tag-top-stories","tag-topstories"],"share_on_mastodon":{"url":"https:\/\/pubeurope.com\/@lt\/116574396791869980","error":""},"_links":{"self":[{"href":"https:\/\/www.europesays.com\/lt\/wp-json\/wp\/v2\/posts\/178031","targetHints":{"allow":["GET"]}}],"collection":[{"href":"https:\/\/www.europesays.com\/lt\/wp-json\/wp\/v2\/posts"}],"about":[{"href":"https:\/\/www.europesays.com\/lt\/wp-json\/wp\/v2\/types\/post"}],"author":[{"embeddable":true,"href":"https:\/\/www.europesays.com\/lt\/wp-json\/wp\/v2\/users\/2"}],"replies":[{"embeddable":true,"href":"https:\/\/www.europesays.com\/lt\/wp-json\/wp\/v2\/comments?post=178031"}],"version-history":[{"count":0,"href":"https:\/\/www.europesays.com\/lt\/wp-json\/wp\/v2\/posts\/178031\/revisions"}],"wp:featuredmedia":[{"embeddable":true,"href":"https:\/\/www.europesays.com\/lt\/wp-json\/wp\/v2\/media\/178032"}],"wp:attachment":[{"href":"https:\/\/www.europesays.com\/lt\/wp-json\/wp\/v2\/media?parent=178031"}],"wp:term":[{"taxonomy":"category","embeddable":true,"href":"https:\/\/www.europesays.com\/lt\/wp-json\/wp\/v2\/categories?post=178031"},{"taxonomy":"post_tag","embeddable":true,"href":"https:\/\/www.europesays.com\/lt\/wp-json\/wp\/v2\/tags?post=178031"}],"curies":[{"name":"wp","href":"https:\/\/api.w.org\/{rel}","templated":true}]}}