{"id":178052,"date":"2026-05-14T19:14:09","date_gmt":"2026-05-14T19:14:09","guid":{"rendered":"https:\/\/www.europesays.com\/lt\/178052\/"},"modified":"2026-05-14T19:14:09","modified_gmt":"2026-05-14T19:14:09","slug":"dukrai-samdo-istorijos-korepetitoriu-karys-paaiskino-kodel","status":"publish","type":"post","link":"https:\/\/www.europesays.com\/lt\/178052\/","title":{"rendered":"Dukrai samdo istorijos korepetitori\u0173 \u2013 karys paai\u0161kino kod\u0117l"},"content":{"rendered":"<p>Atsimenate, esu jums ra\u0161iusi, kad ne i\u0161 vieno skaitytojo esu gird\u0117jusi, kad visos tos karo ir kari\u0173 istorijos, ilgainiui tampa \u201escroll\u201c, \u201eswipe\u201c, \u201enext\u201c veiksmu, kad mes nebeskiriame nei laiko, nei d\u0117mesio \u012fsigilinti \u012f j\u0173 istorijas ar j\u0173 gyvenimus, \u017einoma tiek, kiek jie patys leid\u017eia mums ten u\u017eeiti. Tod\u0117l pastaruoju metu ir renkuosi \u2013 darant interviu su kariu, u\u017e\u010diuopti tai, kas pasl\u0117pta, skirta tik j\u0173 artim\u0173j\u0173 ratui. Nes karys ten \u2013 ne mas\u0117 fronte, ne beveidis darinys. Kiekvienas karys ten \u2013 turi ir savo veid\u0105, ir savo istorij\u0105, o svarbiausia \u2013 vard\u0105, kuris, \u012fpratus vieniems kitus vadintis \u0161aukiniais, kartais nugrimzta \u012f neb\u016bt\u012f ir lieka tik savo \u0161eimos ar artim\u0173j\u0173 ratui.<\/p>\n<p class=\"p1\">Pradedame kalb\u0117tis ir a\u0161 Hondai sakau: \u201eAtsipra\u0161au, \u017einot, kai pasak\u0117te, kad savo dukrai samdote istorijos dalyko mokykloje korepetitori\u0173, a\u0161 pagavau save pa\u010di\u0105 m\u0105stan\u010di\u0105 kli\u0161\u0117mis, kad na taip, matematikai, fizikai, chemijai \u2013 lyg ir suprantama, bet istorijai? Ir j\u016bs man labai gra\u017eiai paai\u0161kinote, kod\u0117l jums su \u017emona tai yra ypa\u010d svarbu\u201c.<\/p>\n","protected":false},"excerpt":{"rendered":"Atsimenate, esu jums ra\u0161iusi, kad ne i\u0161 vieno skaitytojo esu gird\u0117jusi, kad visos tos karo ir kari\u0173 istorijos,&hellip;\n","protected":false},"author":2,"featured_media":178053,"comment_status":"","ping_status":"","sticky":false,"template":"","format":"standard","meta":{"footnotes":"","_share_on_mastodon":"0"},"categories":[15],"tags":[25,30,31,34,35,24,5384,32,33,37,39,36,38,40,23,22,44,28,29,26,27,74,75,76],"class_list":["post-178052","post","type-post","status-publish","format-standard","has-post-thumbnail","category-pasaulis","tag-antrastes","tag-breaking-news","tag-breakingnews","tag-featured-news","tag-featurednews","tag-headlines","tag-karys","tag-latest-news","tag-latestnews","tag-lietuva","tag-lietuviu","tag-lithuania","tag-lithuanian","tag-lt","tag-naujienos","tag-news","tag-pasaulis","tag-populiariausios-naujienos","tag-populiariausiosnaujienos","tag-top-stories","tag-topstories","tag-world","tag-world-news","tag-worldnews"],"share_on_mastodon":{"url":"https:\/\/pubeurope.com\/@lt\/116574530113963780","error":""},"_links":{"self":[{"href":"https:\/\/www.europesays.com\/lt\/wp-json\/wp\/v2\/posts\/178052","targetHints":{"allow":["GET"]}}],"collection":[{"href":"https:\/\/www.europesays.com\/lt\/wp-json\/wp\/v2\/posts"}],"about":[{"href":"https:\/\/www.europesays.com\/lt\/wp-json\/wp\/v2\/types\/post"}],"author":[{"embeddable":true,"href":"https:\/\/www.europesays.com\/lt\/wp-json\/wp\/v2\/users\/2"}],"replies":[{"embeddable":true,"href":"https:\/\/www.europesays.com\/lt\/wp-json\/wp\/v2\/comments?post=178052"}],"version-history":[{"count":0,"href":"https:\/\/www.europesays.com\/lt\/wp-json\/wp\/v2\/posts\/178052\/revisions"}],"wp:featuredmedia":[{"embeddable":true,"href":"https:\/\/www.europesays.com\/lt\/wp-json\/wp\/v2\/media\/178053"}],"wp:attachment":[{"href":"https:\/\/www.europesays.com\/lt\/wp-json\/wp\/v2\/media?parent=178052"}],"wp:term":[{"taxonomy":"category","embeddable":true,"href":"https:\/\/www.europesays.com\/lt\/wp-json\/wp\/v2\/categories?post=178052"},{"taxonomy":"post_tag","embeddable":true,"href":"https:\/\/www.europesays.com\/lt\/wp-json\/wp\/v2\/tags?post=178052"}],"curies":[{"name":"wp","href":"https:\/\/api.w.org\/{rel}","templated":true}]}}