{"id":17904,"date":"2025-10-15T06:07:08","date_gmt":"2025-10-15T06:07:08","guid":{"rendered":"https:\/\/www.europesays.com\/lt\/17904\/"},"modified":"2025-10-15T06:07:08","modified_gmt":"2025-10-15T06:07:08","slug":"pugaciova-kreipesi-i-mirusi-drauga-kurio-laidotuvese-pries-dvejus-metus-peskovas-buciavo-jai-ranka","status":"publish","type":"post","link":"https:\/\/www.europesays.com\/lt\/17904\/","title":{"rendered":"Puga\u010diova kreip\u0117si \u012f mirus\u012f draug\u0105, kurio laidotuv\u0117se prie\u0161 dvejus metus Peskovas bu\u010diavo jai rank\u0105"},"content":{"rendered":"<p>\u201eTu visada mano \u0161irdyje\u201c, \u2013 kreip\u0117si ji \u012f mirus\u012f draug\u0105.<\/p>\n<p>Kas yra Juda\u0161kinas<\/p>\n<p>Juda\u0161kinas nepasmerk\u0117 agresyvios Rusijos invazijos \u012f Ukrain\u0105, u\u017e k\u0105 2022 m. kovo m\u0117n. buvo pa\u0161alintas i\u0161 dalyvavimo Pary\u017eiaus mados savait\u0117je. Pasak federacijos vadovo Ralfo Toledo, organizatoriai at\u0161auk\u0117 jo \u0161ou, nes Juda\u0161kinas atsisak\u0117 pareik\u0161ti savo pozicij\u0105 d\u0117l karo.<\/p>\n<p>Juda\u0161kinas mir\u0117 2023 m. pavasar\u012f. Puga\u010diova, kuri tuo metu jau metus gyveno u\u017esienyje, atvyko \u012f jo laidotuves. Tuomet laidotuv\u0117se taip pat dalyvavo agresoriaus \u0161alies prezidento Vladimiro Putino spaudos sekretorius <a rel=\"noopener nofollow\" target=\"_blank\" href=\"https:\/\/www.delfi.lt\/temos\/dmitrijus-peskovas\" tag-id=\"64798195\">Dmitrijus Peskovas<\/a>. Susitik\u0119s su Puga\u010diova, jis pabu\u010diavo jai rank\u0105.<\/p>\n<p>Kontekstas<\/p>\n<p>Puga\u010diova kartu su vyru, rus\u0173 \u0161oumenu Maksimu Galkinu ir vaikais nuo 2022 m. gyvena u\u017e Rusijos rib\u0173. 2022 m. vasario m\u0117n. Galkinas pasmerk\u0117 visapusi\u0161k\u0105 kar\u0105. 2022 m. rugs\u0117jo 16 d. Rusijos teisingumo ministerija \u012ftrauk\u0117 Galkin\u0105 \u012f \u201eu\u017esienio agent\u0173\u201c registr\u0105. Rugs\u0117jo 18 d. Puga\u010diova atvirame lai\u0161ke paragino j\u0105 taip pat pripa\u017einti \u201eu\u017esienio agente\u201c Rusijos Federacijoje.<\/p>\n<p>2025 m. rugs\u0117jo m\u0117n. Puga\u010diova pirm\u0105 kart\u0105 nuo visapusi\u0161ko Rusijos \u012fsiver\u017eimo \u012f Ukrain\u0105 dav\u0117 interviu. J\u012f \u012fra\u0161\u0117 Rusijos \u017eurnalist\u0117 Jekaterina Gordejeva. Pokalbyje su ja Puga\u010diova paai\u0161kino, kada ir kod\u0117l i\u0161vyko \u012f u\u017esien\u012f, pasmerk\u0117 Rusijos agresij\u0105, taip pat kreip\u0117si \u012f Putin\u0105 su raginimu nutraukti kar\u0105. Interviu su Puga\u010diova \u201eYouTube\u201c surinko jau daugiau nei 17 mln. per\u017ei\u016br\u0173.<\/p>\n","protected":false},"excerpt":{"rendered":"\u201eTu visada mano \u0161irdyje\u201c, \u2013 kreip\u0117si ji \u012f mirus\u012f draug\u0105. Kas yra Juda\u0161kinas Juda\u0161kinas nepasmerk\u0117 agresyvios Rusijos invazijos&hellip;\n","protected":false},"author":2,"featured_media":17905,"comment_status":"","ping_status":"","sticky":false,"template":"","format":"standard","meta":{"footnotes":""},"categories":[15],"tags":[306,25,30,31,1331,34,35,24,32,33,37,39,36,38,40,23,22,44,28,29,26,27,5966,74,75,76],"class_list":{"0":"post-17904","1":"post","2":"type-post","3":"status-publish","4":"format-standard","5":"has-post-thumbnail","7":"category-pasaulis","8":"tag-ala-pugaciova","9":"tag-antrastes","10":"tag-breaking-news","11":"tag-breakingnews","12":"tag-dmitrijus-peskovas","13":"tag-featured-news","14":"tag-featurednews","15":"tag-headlines","16":"tag-latest-news","17":"tag-latestnews","18":"tag-lietuva","19":"tag-lietuviu","20":"tag-lithuania","21":"tag-lithuanian","22":"tag-lt","23":"tag-naujienos","24":"tag-news","25":"tag-pasaulis","26":"tag-populiariausios-naujienos","27":"tag-populiariausiosnaujienos","28":"tag-top-stories","29":"tag-topstories","30":"tag-valentinas-judaskinas","31":"tag-world","32":"tag-world-news","33":"tag-worldnews"},"share_on_mastodon":{"url":"","error":""},"_links":{"self":[{"href":"https:\/\/www.europesays.com\/lt\/wp-json\/wp\/v2\/posts\/17904","targetHints":{"allow":["GET"]}}],"collection":[{"href":"https:\/\/www.europesays.com\/lt\/wp-json\/wp\/v2\/posts"}],"about":[{"href":"https:\/\/www.europesays.com\/lt\/wp-json\/wp\/v2\/types\/post"}],"author":[{"embeddable":true,"href":"https:\/\/www.europesays.com\/lt\/wp-json\/wp\/v2\/users\/2"}],"replies":[{"embeddable":true,"href":"https:\/\/www.europesays.com\/lt\/wp-json\/wp\/v2\/comments?post=17904"}],"version-history":[{"count":0,"href":"https:\/\/www.europesays.com\/lt\/wp-json\/wp\/v2\/posts\/17904\/revisions"}],"wp:featuredmedia":[{"embeddable":true,"href":"https:\/\/www.europesays.com\/lt\/wp-json\/wp\/v2\/media\/17905"}],"wp:attachment":[{"href":"https:\/\/www.europesays.com\/lt\/wp-json\/wp\/v2\/media?parent=17904"}],"wp:term":[{"taxonomy":"category","embeddable":true,"href":"https:\/\/www.europesays.com\/lt\/wp-json\/wp\/v2\/categories?post=17904"},{"taxonomy":"post_tag","embeddable":true,"href":"https:\/\/www.europesays.com\/lt\/wp-json\/wp\/v2\/tags?post=17904"}],"curies":[{"name":"wp","href":"https:\/\/api.w.org\/{rel}","templated":true}]}}