{"id":179163,"date":"2026-05-16T07:28:09","date_gmt":"2026-05-16T07:28:09","guid":{"rendered":"https:\/\/www.europesays.com\/lt\/179163\/"},"modified":"2026-05-16T07:28:09","modified_gmt":"2026-05-16T07:28:09","slug":"juskaite-suspindejo-moteru-nba-delfi","status":"publish","type":"post","link":"https:\/\/www.europesays.com\/lt\/179163\/","title":{"rendered":"Ju\u0161kait\u0117 suspind\u0117jo moter\u0173 NBA &#8211; Delfi"},"content":{"rendered":"<ol>\n<li><a href=\"https:\/\/news.google.com\/rss\/articles\/CBMiiAFBVV95cUxQb2h3cmVQczQxT2lTX1AtaUd0NWxFSFBKVFpzc3g5MWU5eVBqZG5JR1V3QjRaR3RxUHBOTlBqTFZQTEJ5emlIRkxON2tndGQyQkFoam1Pbm5zdmw0cjZHMHV0RTI3SGpBV3Z4SDllX1FVN1QxQkdraHY0MGx6OHc5SUJPWDBYSVZv?oc=5\" target=\"_blank\" rel=\"nofollow noopener\">Ju\u0161kait\u0117 suspind\u0117jo moter\u0173 NBA<\/a>&nbsp;&nbsp;Delfi<\/li>\n<li><a href=\"https:\/\/news.google.com\/rss\/articles\/CBMikwFBVV95cUxNMmt6UUVZMGYxeHhKc1RYcXBDWEtCc3poQlJ3dzJBc2wxSzl0WF9iQ18yM2xlSEdLWGFTRFVXdlZCN3poaHo2MG9Qc21zcFloWS15eTFwOThSYUotUzFmRUsyWWVIMmtaMlhocWFqeHJqTjhHWUVYcEpMZmVGM3M3VjYwdzExdjg3all2UEJjUUo3MDg?oc=5\" target=\"_blank\" rel=\"nofollow noopener\">Ju\u0161kait\u0117 pirm\u0105kart pajaut\u0117 pergal\u0117s skon\u012f WNBA \/ Naujienos<\/a>&nbsp;&nbsp;BasketNews.lt<\/li>\n<li><a href=\"https:\/\/news.google.com\/rss\/articles\/CBMipgFBVV95cUxNOFRCdmtWSTB4WE02MUw4OVR0VUcyZmx5clZQMWhKbFpMTWRYWHlwOGZDNjdDWHVLUExhRm1SLWIydFYyYVQ1aFpHVWV3OVRUbERjeHBMaC05aXVJeDE4Z2EzSUhSWkozaGRfeVZtZkFTcFFzWllJSnA1bS01b0RGMy1QaE9wNk52Q3JYN0RQNlRpR1N1WDFXU0VwMVI1VG5CT2dSYWRB?oc=5\" target=\"_blank\" rel=\"nofollow noopener\">WNBA lygoje \u2013 pirmoji Ju\u0161kait\u0117s komandos pergal\u0117<\/a>&nbsp;&nbsp;15min.lt<\/li>\n<li><a href=\"https:\/\/news.google.com\/rss\/articles\/CBMizgFBVV95cUxQNVBPVHdxR1dERlRLVU9qdU9tYWtiTHJSdjYxcWJ4YUpqN0s3VXd3MGZZRGpHQm52eU9HZGcxY1I3ejJTaXJaa0ZucG9fSUlBNnhKQkRXMGYzaVZHaTM2X1RfUm9yQlpKR3lnRUh4ejBLamc3b0Y3N01GSlR3SXJwNDhtajB0a0pubUYtSFFZLVRld0RFTG1FZTJnTHZya0RKR19hZ090WEk2dHM4N3dsVFotOF9fVEd2QUN2TmpBQVRlTUZ3NllGM3BjcXMxdw?oc=5\" target=\"_blank\" rel=\"nofollow noopener\">Istorin\u0117 pergal\u0117: pirm\u0105j\u012f laim\u0117jim\u0105 WNBA pasiek\u0117 ir Ju\u0161kait\u0117, ir jos atstovaujama \u201eTempo\u201c<\/a>&nbsp;&nbsp;LRT<\/li>\n<li><a href=\"https:\/\/news.google.com\/rss\/articles\/CBMiqwFBVV95cUxNdDdKNkRmRkdIdmttQ3VsaWJRcnVUOWhXQ0V3Z0x4ZlJySGF4cklPdGhrbkVOSVVhbHlscW1QOXBYcElFR1FkaVhvaDFESi1vVTRVcHBDZlp6R2pmVmNLaDNLc1UtUV9yZlREbkpWT21JVnRUbExQS3pUelNiRnRQZ1pxS1o5UWNjNmkwbGMzQWY3RGJlRnBiVU1rM2NpNlIwTG5CX3FDdnhUYW8?oc=5\" target=\"_blank\" rel=\"nofollow noopener\">Istorin\u0117 akimirka: Toronto klubas i\u0161kovojo debiutin\u0119 WNBA pergal\u0119 su L. Ju\u0161kaite sud\u0117tyje<\/a>&nbsp;&nbsp;Sport24.lt<\/li>\n<\/ol>\n","protected":false},"excerpt":{"rendered":"Ju\u0161kait\u0117 suspind\u0117jo moter\u0173 NBA&nbsp;&nbsp;Delfi Ju\u0161kait\u0117 pirm\u0105kart pajaut\u0117 pergal\u0117s skon\u012f WNBA \/ Naujienos&nbsp;&nbsp;BasketNews.lt WNBA lygoje \u2013 pirmoji Ju\u0161kait\u0117s komandos&hellip;\n","protected":false},"author":2,"featured_media":179164,"comment_status":"","ping_status":"","sticky":false,"template":"","format":"standard","meta":{"footnotes":"","_share_on_mastodon":"0"},"categories":[19],"tags":[3300,37,39,36,38,40,47,104,10857],"class_list":["post-179163","post","type-post","status-publish","format-standard","has-post-thumbnail","category-sportas","tag-laura-juskaite","tag-lietuva","tag-lietuviu","tag-lithuania","tag-lithuanian","tag-lt","tag-sportas","tag-sports","tag-wnba"],"share_on_mastodon":{"url":"https:\/\/pubeurope.com\/@lt\/116583078628337913","error":""},"_links":{"self":[{"href":"https:\/\/www.europesays.com\/lt\/wp-json\/wp\/v2\/posts\/179163","targetHints":{"allow":["GET"]}}],"collection":[{"href":"https:\/\/www.europesays.com\/lt\/wp-json\/wp\/v2\/posts"}],"about":[{"href":"https:\/\/www.europesays.com\/lt\/wp-json\/wp\/v2\/types\/post"}],"author":[{"embeddable":true,"href":"https:\/\/www.europesays.com\/lt\/wp-json\/wp\/v2\/users\/2"}],"replies":[{"embeddable":true,"href":"https:\/\/www.europesays.com\/lt\/wp-json\/wp\/v2\/comments?post=179163"}],"version-history":[{"count":0,"href":"https:\/\/www.europesays.com\/lt\/wp-json\/wp\/v2\/posts\/179163\/revisions"}],"wp:featuredmedia":[{"embeddable":true,"href":"https:\/\/www.europesays.com\/lt\/wp-json\/wp\/v2\/media\/179164"}],"wp:attachment":[{"href":"https:\/\/www.europesays.com\/lt\/wp-json\/wp\/v2\/media?parent=179163"}],"wp:term":[{"taxonomy":"category","embeddable":true,"href":"https:\/\/www.europesays.com\/lt\/wp-json\/wp\/v2\/categories?post=179163"},{"taxonomy":"post_tag","embeddable":true,"href":"https:\/\/www.europesays.com\/lt\/wp-json\/wp\/v2\/tags?post=179163"}],"curies":[{"name":"wp","href":"https:\/\/api.w.org\/{rel}","templated":true}]}}