{"id":17929,"date":"2025-10-15T06:52:09","date_gmt":"2025-10-15T06:52:09","guid":{"rendered":"https:\/\/www.europesays.com\/lt\/17929\/"},"modified":"2025-10-15T06:52:09","modified_gmt":"2025-10-15T06:52:09","slug":"meghan-markle-pati-save-pakviete-i-paryziaus-mados-savaite-2","status":"publish","type":"post","link":"https:\/\/www.europesays.com\/lt\/17929\/","title":{"rendered":"Meghan Markle pati save pakviet\u0117 \u012f Pary\u017eiaus mados savait\u0119"},"content":{"rendered":"<p>Piccioli atskleid\u0117, kad Meghan papras\u010diausiai para\u0161\u0117 jam \u017einut\u0119: \u201eNor\u0117\u010diau atvykti \u012f \u0161ou\u201c. N\u0117ra jokios strategijos ar didelio organizuotumo \u2013 tiesiog staigmena, kuri, pasak dizainerio, buvo \u201egra\u017ei ir reta mados pasaulyje\u201c. <\/p>\n<p>Ta\u010diau nors oficialiai viskas atrod\u0117 draugi\u0161ka, pirmoje eil\u0117je Meghan pasirod\u0117 kiek \u012fsitempusi, o jos pasirodymas kartu su draugu Marcusu Andersonu tapo tikru \u017einiasklaidos diskusij\u0173 objektu.<\/p>\n<p>Pasirodymo metu kunigaik\u0161tien\u0117 buvo aprengta visi\u0161kai baltai \u2013 nuo didel\u0117s palaidin\u0117s su skraiste iki juod\u0173 auk\u0161takulni\u0173. <\/p>\n<p>    <img decoding=\"async\" src=\"https:\/\/www.europesays.com\/lt\/wp-content\/uploads\/2025\/10\/1760511129_62_2a0ae833-039b-495e-89ec-b9189789308d.jpg\" loading=\"lazy\" alt=\"Meghan Markle\"\/>    <\/p>\n<p>\u017di\u016brovai, matydami jos \u017eingsnius, negal\u0117jo nesusieti j\u0173 su legendiniu \u201eZoolander\u201c modeli\u0173 \u017eingsniu \u2013 Meghan buvo palyginta su komi\u0161ku supermodeliu, ta\u010diau kai kurie sveikino jos pasitik\u0117jim\u0105 ir elegancij\u0105.<\/p>\n<p>Ta\u010diau ne viskas vyko skland\u017eiai: internete pasklido vaizdo \u012fra\u0161as, kuriame Meghan, kaip teigiama, juokiasi, kai \u0161alia nukrenta modelis. Jos atstovas greitai patikino, kad kunigaik\u0161tien\u0117 nesijuok\u0117 i\u0161 nelaim\u0117s, o tiesiog dalijosi akimirka su draugu. Nepaisant to, kritikai liko sutrik\u0119, kod\u0117l ji buvo \u201evienintel\u0117, kuri juok\u0117si\u201c pirmoje eil\u0117je.<\/p>\n<p>Dar viena diskusij\u0173 banga kilo d\u0117l vaizdo \u012fra\u0161o, kuriame Meghan s\u0117di su kojomis ant automobilio s\u0117dyni\u0173, va\u017eiuodama pro Pont d\u2019Alma \u2013 viet\u0105, kur 1997 m. \u017euvo princes\u0117 Diana. <\/p>\n<p>Kritikai pavadino \u012fra\u0161\u0105 \u201eegoisti\u0161ku\u201c. <\/p>\n<p>Nepaisant a\u017eiota\u017eo, Meghan pademonstravo, kad jos vizitas \u012f Pary\u017ei\u0173 buvo daugiau nei tik pasirodymas mados savait\u0117je \u2013 tai buvo jos savaranki\u0161kas \u017eingsnis, dr\u0105sa ir geb\u0117jimas sukelti pasaulio \u017einiasklaidos bang\u0105 vos vienu savo pasirodymu.<\/p>\n","protected":false},"excerpt":{"rendered":"Piccioli atskleid\u0117, kad Meghan papras\u010diausiai para\u0161\u0117 jam \u017einut\u0119: \u201eNor\u0117\u010diau atvykti \u012f \u0161ou\u201c. N\u0117ra jokios strategijos ar didelio organizuotumo&hellip;\n","protected":false},"author":2,"featured_media":17930,"comment_status":"","ping_status":"","sticky":false,"template":"","format":"standard","meta":{"footnotes":""},"categories":[21],"tags":[4262,113,37,39,36,38,40,1160,114],"class_list":{"0":"post-17929","1":"post","2":"type-post","3":"status-publish","4":"format-standard","5":"has-post-thumbnail","7":"category-pramogos","8":"tag-balenciaga","9":"tag-entertainment","10":"tag-lietuva","11":"tag-lietuviu","12":"tag-lithuania","13":"tag-lithuanian","14":"tag-lt","15":"tag-meghan-markle","16":"tag-pramogos"},"share_on_mastodon":{"url":"","error":""},"_links":{"self":[{"href":"https:\/\/www.europesays.com\/lt\/wp-json\/wp\/v2\/posts\/17929","targetHints":{"allow":["GET"]}}],"collection":[{"href":"https:\/\/www.europesays.com\/lt\/wp-json\/wp\/v2\/posts"}],"about":[{"href":"https:\/\/www.europesays.com\/lt\/wp-json\/wp\/v2\/types\/post"}],"author":[{"embeddable":true,"href":"https:\/\/www.europesays.com\/lt\/wp-json\/wp\/v2\/users\/2"}],"replies":[{"embeddable":true,"href":"https:\/\/www.europesays.com\/lt\/wp-json\/wp\/v2\/comments?post=17929"}],"version-history":[{"count":0,"href":"https:\/\/www.europesays.com\/lt\/wp-json\/wp\/v2\/posts\/17929\/revisions"}],"wp:featuredmedia":[{"embeddable":true,"href":"https:\/\/www.europesays.com\/lt\/wp-json\/wp\/v2\/media\/17930"}],"wp:attachment":[{"href":"https:\/\/www.europesays.com\/lt\/wp-json\/wp\/v2\/media?parent=17929"}],"wp:term":[{"taxonomy":"category","embeddable":true,"href":"https:\/\/www.europesays.com\/lt\/wp-json\/wp\/v2\/categories?post=17929"},{"taxonomy":"post_tag","embeddable":true,"href":"https:\/\/www.europesays.com\/lt\/wp-json\/wp\/v2\/tags?post=17929"}],"curies":[{"name":"wp","href":"https:\/\/api.w.org\/{rel}","templated":true}]}}