{"id":179412,"date":"2026-05-16T13:06:30","date_gmt":"2026-05-16T13:06:30","guid":{"rendered":"https:\/\/www.europesays.com\/lt\/179412\/"},"modified":"2026-05-16T13:06:30","modified_gmt":"2026-05-16T13:06:30","slug":"donaldas-trumpas-paskelbe-apie-aktyviausio-pasaulyje-teroristo-pasalinima-respublika-lt","status":"publish","type":"post","link":"https:\/\/www.europesays.com\/lt\/179412\/","title":{"rendered":"Donaldas Trumpas paskelb\u0117 apie \u201eaktyviausio pasaulyje teroristo\u201c pa\u0161alinim\u0105 &#8211; Respublika.lt"},"content":{"rendered":"<p><img loading=\"lazy\" decoding=\"async\" src=\"https:\/\/www.respublika.lt\/lt\/naujienos\/pasaulis\/kitos_pasaulio_naujienos\/donaldas-trumpas-paskelbe-apie-aktyviausio-pasaulyje-teroristo-pasalinima\/images\/ico_camera_white.gif\" class=\"camera\" width=\"22\" height=\"15\" alt=\"nuotr.\" style=\"position:relative; top:-2px; right:2px;\"\/> 1 nuotr.<\/p>\n<p>Donaldas Trumpas. EPA-Eltos nuotr.<\/p>\n<p style=\"text-align: justify;\" class=\"desktop_banner\">\u00a0<\/p>\n<p style=\"text-align: left;\">\u00a0<\/p>\n<p style=\"text-align: left;\">\u201e\u0160\u012f vakar\u0105, mano nurodymu, dr\u0105sios JAV paj\u0117gos ir Nigerijos ginkluotosios paj\u0117gos nepriekai\u0161tingai \u012fvykd\u0117 kruop\u0161\u010diai suplanuot\u0105 ir labai sud\u0117ting\u0105 operacij\u0105, kurios tikslas buvo pa\u0161alinti i\u0161 kovos lauko aktyviausi\u0105 pasaulyje terorist\u0105\u201c, \u2013 platformoje \u201eTruth Social\u201c para\u0161\u0117 D. Trumpas.<\/p>\n<p style=\"text-align: left;\">\u201eAbu-Bilalas al-Minukis, antrasis pagal rang\u0105 ISIS vadas pasauliniu mastu, man\u0117, kad gal\u0117s pasisl\u0117pti Afrikoje, bet jis net ne\u012ftar\u0117, kad turime \u0161altini\u0173, kurie nuolat informuodavo mus apie jo veiksmus\u201c, \u2013 prid\u016br\u0117 jis.<\/p>\n<p style=\"text-align: left;\">D\u0117l ry\u0161i\u0173 su grupuote \u201eIslamo valstyb\u0117\u201c A. Al-Minukis 2023 m. buvo \u012ftrauktas \u012f JAV sankcij\u0173 s\u0105ra\u0161us.<\/p>\n<p style=\"text-align: left;\">\u201eJis nebegal\u0117s terorizuoti Afrikos gyventoj\u0173 ar pad\u0117ti planuoti operacijas, nukreiptas prie\u0161 amerikie\u010dius\u201c, \u2013 ra\u0161\u0117 D. Trumpas.<\/p>\n<p style=\"text-align: left;\">\u201eJ\u012f pa\u0161alinus, ISIS veikla visame pasaulyje taps \u017eymiai silpnesn\u0117\u201c, \u2013 prid\u016br\u0117 jis.<\/p>\n<p style=\"text-align: left;\">D. Trumpas pad\u0117kojo Nigerijos vyriausybei u\u017e \u201ebendradarbiavim\u0105\u201c vykdant \u0161i\u0105 operacij\u0105.<\/p>\n<p>Nigerijos prezidentas Bola Tinubu ir \u0161ios Vakar\u0173 Afrikos \u0161alies kariuomen\u0117 patvirtino, kad per bendr\u0105 su JAV paj\u0117gomis \u012fvykdyt\u0105 operacij\u0105 Nigerijoje buvo likviduotas auk\u0161to rango \u201eIslamo valstyb\u0117s\u201c lyderis.<\/p>\n<p>\u201eM\u016bs\u0173 ry\u017etingos Nigerijos ginkluotosios paj\u0117gos, glaud\u017eiai bendradarbiaudamos su Jungtini\u0173 Valstij\u0173 ginkluotosiomis paj\u0117gomis, sureng\u0117 dr\u0105si\u0105 bendr\u0105 operacij\u0105, kurios metu buvo suduotas galingas sm\u016bgis \u201eIslamo valstyb\u0117s\u201c gretoms\u201c, \u2013 po to, kai JAV prezidentas Donaldas Trumpas pirmas paskelb\u0117 apie islamisto nu\u017eudym\u0105, savo parei\u0161kime teig\u0117 B. Tinubu.<\/p>\n","protected":false},"excerpt":{"rendered":"1 nuotr. Donaldas Trumpas. EPA-Eltos nuotr. \u00a0 \u00a0 \u201e\u0160\u012f vakar\u0105, mano nurodymu, dr\u0105sios JAV paj\u0117gos ir Nigerijos ginkluotosios&hellip;\n","protected":false},"author":2,"featured_media":179413,"comment_status":"","ping_status":"","sticky":false,"template":"","format":"standard","meta":{"footnotes":"","_share_on_mastodon":"0"},"categories":[6],"tags":[28599,365,28600,25,30,31,34,35,24,22686,223,32,33,37,39,28602,36,38,40,23,22,7731,28,29,28601,26,27,1270],"class_list":["post-179412","post","type-post","status-publish","format-standard","has-post-thumbnail","category-antrastes","tag-abu-bilalas","tag-afrika","tag-al-minukis","tag-antrastes","tag-breaking-news","tag-breakingnews","tag-featured-news","tag-featurednews","tag-headlines","tag-isis","tag-jav","tag-latest-news","tag-latestnews","tag-lietuva","tag-lietuviu","tag-likvidavimas","tag-lithuania","tag-lithuanian","tag-lt","tag-naujienos","tag-news","tag-nigerija","tag-populiariausios-naujienos","tag-populiariausiosnaujienos","tag-teroristas","tag-top-stories","tag-topstories","tag-trumpas"],"share_on_mastodon":{"url":"https:\/\/pubeurope.com\/@lt\/116584407824774282","error":""},"_links":{"self":[{"href":"https:\/\/www.europesays.com\/lt\/wp-json\/wp\/v2\/posts\/179412","targetHints":{"allow":["GET"]}}],"collection":[{"href":"https:\/\/www.europesays.com\/lt\/wp-json\/wp\/v2\/posts"}],"about":[{"href":"https:\/\/www.europesays.com\/lt\/wp-json\/wp\/v2\/types\/post"}],"author":[{"embeddable":true,"href":"https:\/\/www.europesays.com\/lt\/wp-json\/wp\/v2\/users\/2"}],"replies":[{"embeddable":true,"href":"https:\/\/www.europesays.com\/lt\/wp-json\/wp\/v2\/comments?post=179412"}],"version-history":[{"count":0,"href":"https:\/\/www.europesays.com\/lt\/wp-json\/wp\/v2\/posts\/179412\/revisions"}],"wp:featuredmedia":[{"embeddable":true,"href":"https:\/\/www.europesays.com\/lt\/wp-json\/wp\/v2\/media\/179413"}],"wp:attachment":[{"href":"https:\/\/www.europesays.com\/lt\/wp-json\/wp\/v2\/media?parent=179412"}],"wp:term":[{"taxonomy":"category","embeddable":true,"href":"https:\/\/www.europesays.com\/lt\/wp-json\/wp\/v2\/categories?post=179412"},{"taxonomy":"post_tag","embeddable":true,"href":"https:\/\/www.europesays.com\/lt\/wp-json\/wp\/v2\/tags?post=179412"}],"curies":[{"name":"wp","href":"https:\/\/api.w.org\/{rel}","templated":true}]}}