{"id":179571,"date":"2026-05-16T17:16:48","date_gmt":"2026-05-16T17:16:48","guid":{"rendered":"https:\/\/www.europesays.com\/lt\/179571\/"},"modified":"2026-05-16T17:16:48","modified_gmt":"2026-05-16T17:16:48","slug":"lietuvai-skirta-6-mlrd-euru-kam-bus-galima-naudoti","status":"publish","type":"post","link":"https:\/\/www.europesays.com\/lt\/179571\/","title":{"rendered":"Lietuvai skirta 6 mlrd. eur\u0173: kam bus galima naudoti"},"content":{"rendered":"<p>SAFE programa \u2013 tai Europos atsakas \u012f pasikeitusi\u0105 saugumo situacij\u0105 \u017eemyne. Pagal \u0161i\u0105 program\u0105 valstyb\u0117s gali ne tik grei\u010diau investuoti \u012f gynyb\u0105, bet ir parodo Europos solidarum\u0105.<\/p>\n<p>Lietuva \u2013 pirmoje vietoje pagal sum\u0105 vienam gyventojui<\/p>\n<p>Kaip jau min\u0117ta, Lietuvai per \u0161\u012f instrument\u0105 skirta beveik 6,4 mlrd. eur\u0173 arba 2,2 t\u016bkst. eur\u0173 vienam gyventojui.<\/p>\n<p>Kaip ai\u0161kina, Europos Komisijos atstovyb\u0117 Lietuvoje, pagal sumos vienam gyventojui rodikl\u012f, Lietuva u\u017eima pirm\u0105 viet\u0105 lenkdama Liuksemburg\u0105 (1,84 t\u016bkst.\/gyv.), Estij\u0105 (1,67 t\u016bkst.\/gyv.) ir Lenkij\u0105 (1,1 t\u016bkst.\/gyv.).<\/p>\n<p class=\"p2\">Pasiteiravus EK atstovyb\u0117s Lietuvoje, kada Lietuv\u0105 pasieks pinigai, atsakyme teigiama: \u201eEuropos Komisija kartu su valstyb\u0117mis nar\u0117mis deda pastangas, kad pinigai b\u016bt\u0173 kuo grei\u010diau i\u0161mok\u0117ti\u201c.<\/p>\n<p>Kam bus skirti pinigai?<\/p>\n<p class=\"p2\">Kaip skelbia Europos Komisijos atstovyb\u0117 Lietuvoje, 150 mlrd. eur\u0173 vert\u0117s iniciatyva SAFE yra plano \u201eReArm Europe\u201c \/ Parengties u\u017etikrinimas iki 2030 m. pagrindas, suteikiantis valstyb\u0117ms nar\u0117ms galimyb\u0119 spar\u010diai didinti investicijas \u012f gynyb\u0105 ir prisidedantis prie bendro tikslo pritraukti daugiau nei 800 mlrd. eur\u0173 finansuoti gynyb\u0105.<\/p>\n<p>    <img decoding=\"async\" src=\"https:\/\/www.europesays.com\/lt\/wp-content\/uploads\/2026\/05\/aadce75a-2bbe-4dc3-930b-078c122a1b8b.jpg\" loading=\"lazy\" alt=\"Eur\u0173 banknotai\"\/>    <\/p>\n<p class=\"p1\">SAFE remia prioritetini\u0173 gynybos produkt\u0173, suskirstyt\u0173 \u012f dvi kategorijas, pirkim\u0105: <\/p>\n<ul>\n<li>\n<p class=\"p1\">Pirma kategorija: \u0160audmenys ir raketos; Artilerijos sistemos, \u012fskaitant giluminio tikslumo sm\u016bgi\u0173 paj\u0117gumus; Sausumos koviniai paj\u0117gumai ir j\u0173 paramos sistemos, \u012fskaitant kareivi\u0173 ekipuot\u0119 ir p\u0117stinink\u0173 ginklus; Ma\u017ei dronai (NATO 1 klas\u0117) ir susijusios prie\u0161dronin\u0117s sistemos; Kritin\u0117s infrastrukt\u016bros apsauga;  Kibernetinis saugumas; Kariuomen\u0117s mobilumas, \u012fskaitant mobilumo ribojimo priemones. <\/p>\n<\/li>\n<li>\n<p class=\"p1\">Antra kategorija: Oro ir raketin\u0117s gynybos sistemos; J\u016br\u0173 pavir\u0161in\u0117s ir povandenin\u0117s paj\u0117gos; Dronai (NATO 2 ir 3 klas\u0117s), ir susijusios prie\u0161dronin\u0117s sistemos; Strateginiai paj\u0117gumai, \u012fskaitant, bet neapsiribojant, strategin\u012f oro transport\u0105, degal\u0173 papildym\u0105 ore, C4ISTAR sistemas, taip pat kosminius i\u0161teklius ir paslaugas; Kosmini\u0173 i\u0161tekli\u0173 apsauga; Dirbtinis intelektas ir elektroninis karas. <\/p>\n<\/li>\n<\/ul>\n<p class=\"p1\">\u201eSkelbiama, kad Lietuva planuoja finansavim\u0105 skirti sausumos paj\u0117g\u0173 divizijai reikalingoms kovin\u0117ms, paramos ir logistin\u0117ms sistemoms vystyti, b\u016btinoms amunicijos atsargoms \u012fsigyti, kontrmobilumo priemon\u0117ms ir minoms bei kitiems kariuomen\u0117s poreikiams\u201c, &#8211; ra\u0161oma EK atstovyb\u0117s Lietuvoje komentare.<\/p>\n<p>Kiek dar yra padalinta SAFE l\u0117\u0161\u0173? Kokioms \u0161alims, kiek? <\/p>\n<p class=\"p1\">I\u0161 viso bus skirta iki 150 mlrd. eur\u0173 konkurencingomis s\u0105lygomis teikiam\u0173 ilgalaiki\u0173 paskol\u0173 valstyb\u0117ms nar\u0117ms, pra\u0161an\u010dioms finansin\u0117s paramos investicijoms \u012f gynybos paj\u0117gumus. <\/p>\n<p class=\"p1\">Paskolos suteiktos 18-ai valstybi\u0173 nari\u0173: Belgijai (8,3 mlrd.), Bulgarijai (3,2 mlrd.), Kroatijai (1,7 mlrd.), Kiprui (1,1 mlrd.), \u010cekijai (2 mlrd.), Danijai (46 milijonai), Estijai (2,3 mlrd.), Suomijai (1 mlrd.), Pranc\u016bzijai (15 mlrd.), Graikijai (787 milijonai), Italijai (14,9 mlrd.), Latvijai (3,4 mlrd.), Lenkijai (43,7 mlrd.), Portugalijai (5,8 mlrd.), Rumunijai (16,6 mlrd.), Slovakijai (2,3 mlrd.), Ispanijai (1 mlrd.).<\/p>\n<p class=\"p1\">19-osios valstyb\u0117s nar\u0117s, pateikusios pra\u0161ym\u0105 \u2013 Vengrijos \u2013 nacionalin\u0117s gynybos investicij\u0173 planas \u0161iuo metu vis dar yra vertinamas Europos Komisijos.<\/p>\n","protected":false},"excerpt":{"rendered":"SAFE programa \u2013 tai Europos atsakas \u012f pasikeitusi\u0105 saugumo situacij\u0105 \u017eemyne. Pagal \u0161i\u0105 program\u0105 valstyb\u0117s gali ne tik&hellip;\n","protected":false},"author":2,"featured_media":169642,"comment_status":"","ping_status":"","sticky":false,"template":"","format":"standard","meta":{"footnotes":"","_share_on_mastodon":"0"},"categories":[13],"tags":[25,30,31,34,35,224,24,32,33,37,39,36,38,40,23,22,28,29,4320,26,27],"class_list":["post-179571","post","type-post","status-publish","format-standard","has-post-thumbnail","category-lietuva","tag-antrastes","tag-breaking-news","tag-breakingnews","tag-featured-news","tag-featurednews","tag-gynyba","tag-headlines","tag-latest-news","tag-latestnews","tag-lietuva","tag-lietuviu","tag-lithuania","tag-lithuanian","tag-lt","tag-naujienos","tag-news","tag-populiariausios-naujienos","tag-populiariausiosnaujienos","tag-saugu-eksperto-komentaras","tag-top-stories","tag-topstories"],"share_on_mastodon":{"url":"https:\/\/pubeurope.com\/@lt\/116585391020724937","error":""},"_links":{"self":[{"href":"https:\/\/www.europesays.com\/lt\/wp-json\/wp\/v2\/posts\/179571","targetHints":{"allow":["GET"]}}],"collection":[{"href":"https:\/\/www.europesays.com\/lt\/wp-json\/wp\/v2\/posts"}],"about":[{"href":"https:\/\/www.europesays.com\/lt\/wp-json\/wp\/v2\/types\/post"}],"author":[{"embeddable":true,"href":"https:\/\/www.europesays.com\/lt\/wp-json\/wp\/v2\/users\/2"}],"replies":[{"embeddable":true,"href":"https:\/\/www.europesays.com\/lt\/wp-json\/wp\/v2\/comments?post=179571"}],"version-history":[{"count":0,"href":"https:\/\/www.europesays.com\/lt\/wp-json\/wp\/v2\/posts\/179571\/revisions"}],"wp:featuredmedia":[{"embeddable":true,"href":"https:\/\/www.europesays.com\/lt\/wp-json\/wp\/v2\/media\/169642"}],"wp:attachment":[{"href":"https:\/\/www.europesays.com\/lt\/wp-json\/wp\/v2\/media?parent=179571"}],"wp:term":[{"taxonomy":"category","embeddable":true,"href":"https:\/\/www.europesays.com\/lt\/wp-json\/wp\/v2\/categories?post=179571"},{"taxonomy":"post_tag","embeddable":true,"href":"https:\/\/www.europesays.com\/lt\/wp-json\/wp\/v2\/tags?post=179571"}],"curies":[{"name":"wp","href":"https:\/\/api.w.org\/{rel}","templated":true}]}}